{"id":13513,"date":"2024-05-29T14:33:01","date_gmt":"2024-05-29T12:33:01","guid":{"rendered":"https:\/\/fundacjajoannyradziwill.pl\/meeting-with-director-krzysztof-skonieczny\/"},"modified":"2025-04-29T09:53:22","modified_gmt":"2025-04-29T07:53:22","slug":"meeting-with-director-krzysztof-skonieczny","status":"publish","type":"post","link":"https:\/\/fundacjajoannyradziwill.pl\/en\/meeting-with-director-krzysztof-skonieczny\/","title":{"rendered":"Meeting with director Krzysztof Skonieczny"},"content":{"rendered":"\n<p>We recently had the pleasure of hosting a very special guest at our Warsaw House &#8211; a director, actor and music video maker, <a href=\"https:\/\/krzysztofskonieczny.com\/bio\/\"><strong>Krzysztof Skonieczny.<\/strong><\/a><\/p>\n\n<h4 class=\"wp-block-heading\">It&#8217;s worth it to have busyness in life!<\/h4>\n\n<p>During the meeting we had the opportunity to immerse ourselves in the fascinating world of film techniques. Christopher told us about interesting film treatments. Among them, about stop-motion animation or the use of special effects. We learned that the work of a director combines a lot of elements, but it is important to have an idea and the courage to realize your visions!   <br\/><\/p>\n\n<figure class=\"wp-block-image size-large is-resized\"><img fetchpriority=\"high\" decoding=\"async\" width=\"768\" height=\"1024\" src=\"https:\/\/fundacjajoannyradziwill.pl\/wp-content\/uploads\/2024\/06\/Krzysztof-Skonieczny-Brodka-Fundacja-Opiekuncze-Skrzydla-768x1024.jpg\" alt=\"\" class=\"wp-image-11191\" style=\"width:530px;height:auto\" srcset=\"https:\/\/fundacjajoannyradziwill.pl\/wp-content\/uploads\/2024\/06\/Krzysztof-Skonieczny-Brodka-Fundacja-Opiekuncze-Skrzydla-768x1024.jpg 768w, https:\/\/fundacjajoannyradziwill.pl\/wp-content\/uploads\/2024\/06\/Krzysztof-Skonieczny-Brodka-Fundacja-Opiekuncze-Skrzydla-225x300.jpg 225w, https:\/\/fundacjajoannyradziwill.pl\/wp-content\/uploads\/2024\/06\/Krzysztof-Skonieczny-Brodka-Fundacja-Opiekuncze-Skrzydla-1152x1536.jpg 1152w, https:\/\/fundacjajoannyradziwill.pl\/wp-content\/uploads\/2024\/06\/Krzysztof-Skonieczny-Brodka-Fundacja-Opiekuncze-Skrzydla-1536x2048.jpg 1536w, https:\/\/fundacjajoannyradziwill.pl\/wp-content\/uploads\/2024\/06\/Krzysztof-Skonieczny-Brodka-Fundacja-Opiekuncze-Skrzydla-scaled.jpg 1920w\" sizes=\"(max-width: 768px) 100vw, 768px\" \/><\/figure>\n\n<h4 class=\"wp-block-heading\">Developing Passion and Imagination<\/h4>\n\n<p>Such meetings are of great importance for our charges. They show a variety of professional paths and opportunities that await in the future. Perhaps there is a future director hidden among our children? \ud83e\uddd0 Thanks to Christopher, the children could see that it is worth cultivating their passions, and that each of them, with the help of a cell phone, can try their hand as a director.   <\/p>\n\n<h3 class=\"wp-block-heading\">Join Us!<\/h3>\n\n<p>We would like to thank the director, Krzysztof Skonieczny for the inspiring meeting at the Foundation and sharing his passion with us \u2764. Want to organize an interesting meeting for children? Write to us: wolontariat@fundacjajoannyradziwill.pl or check out <a href=\"https:\/\/fundacjajoannyradziwill.pl\/i-want-to-help\/?lang=en\">our other activities<\/a>.  <br\/><\/p>\n\n<figure class=\"wp-block-image size-large\"><img decoding=\"async\" width=\"1024\" height=\"768\" src=\"https:\/\/fundacjajoannyradziwill.pl\/wp-content\/uploads\/2024\/06\/Krzysztof-Skonieczny-Fundacja-wizyta-1024x768.jpg\" alt=\"\" class=\"wp-image-11189\" srcset=\"https:\/\/fundacjajoannyradziwill.pl\/wp-content\/uploads\/2024\/06\/Krzysztof-Skonieczny-Fundacja-wizyta-1024x768.jpg 1024w, https:\/\/fundacjajoannyradziwill.pl\/wp-content\/uploads\/2024\/06\/Krzysztof-Skonieczny-Fundacja-wizyta-300x225.jpg 300w, https:\/\/fundacjajoannyradziwill.pl\/wp-content\/uploads\/2024\/06\/Krzysztof-Skonieczny-Fundacja-wizyta-768x576.jpg 768w, https:\/\/fundacjajoannyradziwill.pl\/wp-content\/uploads\/2024\/06\/Krzysztof-Skonieczny-Fundacja-wizyta-1536x1152.jpg 1536w, https:\/\/fundacjajoannyradziwill.pl\/wp-content\/uploads\/2024\/06\/Krzysztof-Skonieczny-Fundacja-wizyta-2048x1536.jpg 2048w\" sizes=\"(max-width: 1024px) 100vw, 1024px\" \/><\/figure>\n","protected":false},"excerpt":{"rendered":"<p>We recently had the pleasure of hosting a very special guest at our Warsaw House &#8211; a director, actor and music video maker, Krzysztof Skonieczny. It&#8217;s worth it to have busyness in life! During the meeting we had the opportunity to immerse ourselves in the fascinating world of film techniques. Christopher told us about interesting film treatments. Among them, about stop-motion animation or the use of special effects. We learned that the work of a director combines a lot of elements, but it is important to have an idea and the courage to realize your visions! Developing Passion and Imagination Such meetings are of great importance for our charges. They show a variety of professional paths and opportunities that await in the future. Perhaps there is a future director hidden among our children? \ud83e\uddd0 Thanks to Christopher, the children could see that it is worth cultivating their passions, and that each of them, with the help of a cell phone, can try their hand as a director. Join Us! We would like to thank the director, Krzysztof Skonieczny for the inspiring meeting at the Foundation and sharing his passion with us \u2764. Want to organize an interesting meeting for children? Write to us: wolontariat@fundacjajoannyradziwill.pl or check out our other activities.<\/p>\n","protected":false},"author":24784,"featured_media":13236,"comment_status":"closed","ping_status":"closed","sticky":false,"template":"","format":"standard","meta":{"_acf_changed":false,"inline_featured_image":false,"_monsterinsights_skip_tracking":false,"_monsterinsights_sitenote_active":false,"_monsterinsights_sitenote_note":"","_monsterinsights_sitenote_category":0,"ocean_post_layout":"","ocean_both_sidebars_style":"","ocean_both_sidebars_content_width":0,"ocean_both_sidebars_sidebars_width":0,"ocean_sidebar":"","ocean_second_sidebar":"","ocean_disable_margins":"enable","ocean_add_body_class":"","ocean_shortcode_before_top_bar":"","ocean_shortcode_after_top_bar":"","ocean_shortcode_before_header":"","ocean_shortcode_after_header":"","ocean_has_shortcode":"","ocean_shortcode_after_title":"","ocean_shortcode_before_footer_widgets":"","ocean_shortcode_after_footer_widgets":"","ocean_shortcode_before_footer_bottom":"","ocean_shortcode_after_footer_bottom":"","ocean_display_top_bar":"default","ocean_display_header":"default","ocean_header_style":"","ocean_center_header_left_menu":"","ocean_custom_header_template":"","ocean_custom_logo":0,"ocean_custom_retina_logo":0,"ocean_custom_logo_max_width":0,"ocean_custom_logo_tablet_max_width":0,"ocean_custom_logo_mobile_max_width":0,"ocean_custom_logo_max_height":0,"ocean_custom_logo_tablet_max_height":0,"ocean_custom_logo_mobile_max_height":0,"ocean_header_custom_menu":"","ocean_menu_typo_font_family":"","ocean_menu_typo_font_subset":"","ocean_menu_typo_font_size":0,"ocean_menu_typo_font_size_tablet":0,"ocean_menu_typo_font_size_mobile":0,"ocean_menu_typo_font_size_unit":"px","ocean_menu_typo_font_weight":"","ocean_menu_typo_font_weight_tablet":"","ocean_menu_typo_font_weight_mobile":"","ocean_menu_typo_transform":"","ocean_menu_typo_transform_tablet":"","ocean_menu_typo_transform_mobile":"","ocean_menu_typo_line_height":0,"ocean_menu_typo_line_height_tablet":0,"ocean_menu_typo_line_height_mobile":0,"ocean_menu_typo_line_height_unit":"","ocean_menu_typo_spacing":0,"ocean_menu_typo_spacing_tablet":0,"ocean_menu_typo_spacing_mobile":0,"ocean_menu_typo_spacing_unit":"","ocean_menu_link_color":"","ocean_menu_link_color_hover":"","ocean_menu_link_color_active":"","ocean_menu_link_background":"","ocean_menu_link_hover_background":"","ocean_menu_link_active_background":"","ocean_menu_social_links_bg":"","ocean_menu_social_hover_links_bg":"","ocean_menu_social_links_color":"","ocean_menu_social_hover_links_color":"","ocean_disable_title":"default","ocean_disable_heading":"default","ocean_post_title":"","ocean_post_subheading":"","ocean_post_title_style":"","ocean_post_title_background_color":"","ocean_post_title_background":0,"ocean_post_title_bg_image_position":"","ocean_post_title_bg_image_attachment":"","ocean_post_title_bg_image_repeat":"","ocean_post_title_bg_image_size":"","ocean_post_title_height":0,"ocean_post_title_bg_overlay":0.5,"ocean_post_title_bg_overlay_color":"","ocean_disable_breadcrumbs":"default","ocean_breadcrumbs_color":"","ocean_breadcrumbs_separator_color":"","ocean_breadcrumbs_links_color":"","ocean_breadcrumbs_links_hover_color":"","ocean_display_footer_widgets":"default","ocean_display_footer_bottom":"default","ocean_custom_footer_template":"","ocean_post_oembed":"","ocean_post_self_hosted_media":"","ocean_post_video_embed":"","ocean_link_format":"","ocean_link_format_target":"self","ocean_quote_format":"","ocean_quote_format_link":"post","ocean_gallery_link_images":"on","ocean_gallery_id":[],"footnotes":"","_links_to":"","_links_to_target":""},"categories":[290],"tags":[291,312],"class_list":["post-13513","post","type-post","status-publish","format-standard","has-post-thumbnail","hentry","category-news-en","tag-joanna-radziwill-care-wings-foundation","tag-krzysztof-skonieczny-en","entry","has-media"],"acf":[],"yoast_head":"<!-- This site is optimized with the Yoast SEO plugin v26.3 - https:\/\/yoast.com\/wordpress\/plugins\/seo\/ -->\n<title>Meeting with director Krzysztof Skonieczny - Fundacja Joanny Radziwi\u0142\u0142<\/title>\n<meta name=\"description\" content=\"The meeting with Krzysztof Skonieczny at our Warsaw House showed the children how a passion for film can become an inspiring career path. Thanks to such events, young people can develop their interests and dreams.\" \/>\n<meta name=\"robots\" content=\"index, follow, max-snippet:-1, max-image-preview:large, max-video-preview:-1\" \/>\n<link rel=\"canonical\" href=\"https:\/\/fundacjajoannyradziwill.pl\/en\/meeting-with-director-krzysztof-skonieczny\/\" \/>\n<meta property=\"og:locale\" content=\"en_US\" \/>\n<meta property=\"og:type\" content=\"article\" \/>\n<meta property=\"og:title\" content=\"Meeting with director Krzysztof Skonieczny - Fundacja Joanny Radziwi\u0142\u0142\" \/>\n<meta property=\"og:description\" content=\"The meeting with Krzysztof Skonieczny at our Warsaw House showed the children how a passion for film can become an inspiring career path. Thanks to such events, young people can develop their interests and dreams.\" \/>\n<meta property=\"og:url\" content=\"https:\/\/fundacjajoannyradziwill.pl\/en\/meeting-with-director-krzysztof-skonieczny\/\" \/>\n<meta property=\"og:site_name\" content=\"Fundacja Joanny Radziwi\u0142\u0142\" \/>\n<meta property=\"article:publisher\" content=\"https:\/\/www.facebook.com\/fundacjaopiekunczeskrzydla\" \/>\n<meta property=\"article:published_time\" content=\"2024-05-29T12:33:01+00:00\" \/>\n<meta property=\"article:modified_time\" content=\"2025-04-29T07:53:22+00:00\" \/>\n<meta property=\"og:image\" content=\"https:\/\/fundacjajoannyradziwill.pl\/wp-content\/uploads\/2024\/06\/Krzysztof-Skonieczny-w-Fundacji-scaled.jpg\" \/>\n\t<meta property=\"og:image:width\" content=\"2560\" \/>\n\t<meta property=\"og:image:height\" content=\"1920\" \/>\n\t<meta property=\"og:image:type\" content=\"image\/jpeg\" \/>\n<meta name=\"author\" content=\"Beata Kowalczyk\" \/>\n<meta name=\"twitter:card\" content=\"summary_large_image\" \/>\n<meta name=\"twitter:label1\" content=\"Written by\" \/>\n\t<meta name=\"twitter:data1\" content=\"Beata Kowalczyk\" \/>\n\t<meta name=\"twitter:label2\" content=\"Est. reading time\" \/>\n\t<meta name=\"twitter:data2\" content=\"1 minute\" \/>\n<script type=\"application\/ld+json\" class=\"yoast-schema-graph\">{\"@context\":\"https:\/\/schema.org\",\"@graph\":[{\"@type\":\"Article\",\"@id\":\"https:\/\/fundacjajoannyradziwill.pl\/en\/meeting-with-director-krzysztof-skonieczny\/#article\",\"isPartOf\":{\"@id\":\"https:\/\/fundacjajoannyradziwill.pl\/en\/meeting-with-director-krzysztof-skonieczny\/\"},\"author\":{\"name\":\"Beata Kowalczyk\",\"@id\":\"https:\/\/fundacjajoannyradziwill.pl\/en\/#\/schema\/person\/5f12bc9c90a4985b4fa39eb0bd8ce51b\"},\"headline\":\"Meeting with director Krzysztof Skonieczny\",\"datePublished\":\"2024-05-29T12:33:01+00:00\",\"dateModified\":\"2025-04-29T07:53:22+00:00\",\"mainEntityOfPage\":{\"@id\":\"https:\/\/fundacjajoannyradziwill.pl\/en\/meeting-with-director-krzysztof-skonieczny\/\"},\"wordCount\":215,\"publisher\":{\"@id\":\"https:\/\/fundacjajoannyradziwill.pl\/en\/#organization\"},\"image\":{\"@id\":\"https:\/\/fundacjajoannyradziwill.pl\/en\/meeting-with-director-krzysztof-skonieczny\/#primaryimage\"},\"thumbnailUrl\":\"https:\/\/fundacjajoannyradziwill.pl\/wp-content\/uploads\/2024\/06\/Krzysztof-Skonieczny-w-Fundacji-scaled.jpg\",\"keywords\":[\"Joanna Radziwill Care Wings Foundation\",\"Krzysztof Skonieczny\"],\"articleSection\":[\"News\"],\"inLanguage\":\"en-US\"},{\"@type\":\"WebPage\",\"@id\":\"https:\/\/fundacjajoannyradziwill.pl\/en\/meeting-with-director-krzysztof-skonieczny\/\",\"url\":\"https:\/\/fundacjajoannyradziwill.pl\/en\/meeting-with-director-krzysztof-skonieczny\/\",\"name\":\"Meeting with director Krzysztof Skonieczny - Fundacja Joanny Radziwi\u0142\u0142\",\"isPartOf\":{\"@id\":\"https:\/\/fundacjajoannyradziwill.pl\/en\/#website\"},\"primaryImageOfPage\":{\"@id\":\"https:\/\/fundacjajoannyradziwill.pl\/en\/meeting-with-director-krzysztof-skonieczny\/#primaryimage\"},\"image\":{\"@id\":\"https:\/\/fundacjajoannyradziwill.pl\/en\/meeting-with-director-krzysztof-skonieczny\/#primaryimage\"},\"thumbnailUrl\":\"https:\/\/fundacjajoannyradziwill.pl\/wp-content\/uploads\/2024\/06\/Krzysztof-Skonieczny-w-Fundacji-scaled.jpg\",\"datePublished\":\"2024-05-29T12:33:01+00:00\",\"dateModified\":\"2025-04-29T07:53:22+00:00\",\"description\":\"The meeting with Krzysztof Skonieczny at our Warsaw House showed the children how a passion for film can become an inspiring career path. Thanks to such events, young people can develop their interests and dreams.\",\"inLanguage\":\"en-US\",\"potentialAction\":[{\"@type\":\"ReadAction\",\"target\":[\"https:\/\/fundacjajoannyradziwill.pl\/en\/meeting-with-director-krzysztof-skonieczny\/\"]}]},{\"@type\":\"ImageObject\",\"inLanguage\":\"en-US\",\"@id\":\"https:\/\/fundacjajoannyradziwill.pl\/en\/meeting-with-director-krzysztof-skonieczny\/#primaryimage\",\"url\":\"https:\/\/fundacjajoannyradziwill.pl\/wp-content\/uploads\/2024\/06\/Krzysztof-Skonieczny-w-Fundacji-scaled.jpg\",\"contentUrl\":\"https:\/\/fundacjajoannyradziwill.pl\/wp-content\/uploads\/2024\/06\/Krzysztof-Skonieczny-w-Fundacji-scaled.jpg\",\"width\":2560,\"height\":1920},{\"@type\":\"WebSite\",\"@id\":\"https:\/\/fundacjajoannyradziwill.pl\/en\/#website\",\"url\":\"https:\/\/fundacjajoannyradziwill.pl\/en\/\",\"name\":\"Fundacja Joanny Radziwi\u0142\u0142\",\"description\":\"Opieku\u0144cze Skrzyd\u0142a\",\"publisher\":{\"@id\":\"https:\/\/fundacjajoannyradziwill.pl\/en\/#organization\"},\"potentialAction\":[{\"@type\":\"SearchAction\",\"target\":{\"@type\":\"EntryPoint\",\"urlTemplate\":\"https:\/\/fundacjajoannyradziwill.pl\/en\/?s={search_term_string}\"},\"query-input\":{\"@type\":\"PropertyValueSpecification\",\"valueRequired\":true,\"valueName\":\"search_term_string\"}}],\"inLanguage\":\"en-US\"},{\"@type\":\"Organization\",\"@id\":\"https:\/\/fundacjajoannyradziwill.pl\/en\/#organization\",\"name\":\"Fundacja Joanny Radziwi\u0142\u0142\",\"url\":\"https:\/\/fundacjajoannyradziwill.pl\/en\/\",\"logo\":{\"@type\":\"ImageObject\",\"inLanguage\":\"en-US\",\"@id\":\"https:\/\/fundacjajoannyradziwill.pl\/en\/#\/schema\/logo\/image\/\",\"url\":\"https:\/\/fundacjajoannyradziwill.pl\/wp-content\/uploads\/2023\/05\/logo_poziom_czerwony-01-1.svg\",\"contentUrl\":\"https:\/\/fundacjajoannyradziwill.pl\/wp-content\/uploads\/2023\/05\/logo_poziom_czerwony-01-1.svg\",\"width\":473,\"height\":151,\"caption\":\"Fundacja Joanny Radziwi\u0142\u0142\"},\"image\":{\"@id\":\"https:\/\/fundacjajoannyradziwill.pl\/en\/#\/schema\/logo\/image\/\"},\"sameAs\":[\"https:\/\/www.facebook.com\/fundacjaopiekunczeskrzydla\"]},{\"@type\":\"Person\",\"@id\":\"https:\/\/fundacjajoannyradziwill.pl\/en\/#\/schema\/person\/5f12bc9c90a4985b4fa39eb0bd8ce51b\",\"name\":\"Beata Kowalczyk\",\"image\":{\"@type\":\"ImageObject\",\"inLanguage\":\"en-US\",\"@id\":\"https:\/\/fundacjajoannyradziwill.pl\/en\/#\/schema\/person\/image\/\",\"url\":\"https:\/\/secure.gravatar.com\/avatar\/ca10322c1a89a33ad010afe7706ff1256276d73c8ec914b713867cc6862947d2?s=96&d=mm&r=g\",\"contentUrl\":\"https:\/\/secure.gravatar.com\/avatar\/ca10322c1a89a33ad010afe7706ff1256276d73c8ec914b713867cc6862947d2?s=96&d=mm&r=g\",\"caption\":\"Beata Kowalczyk\"},\"url\":\"https:\/\/fundacjajoannyradziwill.pl\/en\/author\/b-kowalczyk\/\"}]}<\/script>\n<!-- \/ Yoast SEO plugin. -->","yoast_head_json":{"title":"Meeting with director Krzysztof Skonieczny - Fundacja Joanny Radziwi\u0142\u0142","description":"The meeting with Krzysztof Skonieczny at our Warsaw House showed the children how a passion for film can become an inspiring career path. Thanks to such events, young people can develop their interests and dreams.","robots":{"index":"index","follow":"follow","max-snippet":"max-snippet:-1","max-image-preview":"max-image-preview:large","max-video-preview":"max-video-preview:-1"},"canonical":"https:\/\/fundacjajoannyradziwill.pl\/en\/meeting-with-director-krzysztof-skonieczny\/","og_locale":"en_US","og_type":"article","og_title":"Meeting with director Krzysztof Skonieczny - Fundacja Joanny Radziwi\u0142\u0142","og_description":"The meeting with Krzysztof Skonieczny at our Warsaw House showed the children how a passion for film can become an inspiring career path. Thanks to such events, young people can develop their interests and dreams.","og_url":"https:\/\/fundacjajoannyradziwill.pl\/en\/meeting-with-director-krzysztof-skonieczny\/","og_site_name":"Fundacja Joanny Radziwi\u0142\u0142","article_publisher":"https:\/\/www.facebook.com\/fundacjaopiekunczeskrzydla","article_published_time":"2024-05-29T12:33:01+00:00","article_modified_time":"2025-04-29T07:53:22+00:00","og_image":[{"width":2560,"height":1920,"url":"https:\/\/fundacjajoannyradziwill.pl\/wp-content\/uploads\/2024\/06\/Krzysztof-Skonieczny-w-Fundacji-scaled.jpg","type":"image\/jpeg"}],"author":"Beata Kowalczyk","twitter_card":"summary_large_image","twitter_misc":{"Written by":"Beata Kowalczyk","Est. reading time":"1 minute"},"schema":{"@context":"https:\/\/schema.org","@graph":[{"@type":"Article","@id":"https:\/\/fundacjajoannyradziwill.pl\/en\/meeting-with-director-krzysztof-skonieczny\/#article","isPartOf":{"@id":"https:\/\/fundacjajoannyradziwill.pl\/en\/meeting-with-director-krzysztof-skonieczny\/"},"author":{"name":"Beata Kowalczyk","@id":"https:\/\/fundacjajoannyradziwill.pl\/en\/#\/schema\/person\/5f12bc9c90a4985b4fa39eb0bd8ce51b"},"headline":"Meeting with director Krzysztof Skonieczny","datePublished":"2024-05-29T12:33:01+00:00","dateModified":"2025-04-29T07:53:22+00:00","mainEntityOfPage":{"@id":"https:\/\/fundacjajoannyradziwill.pl\/en\/meeting-with-director-krzysztof-skonieczny\/"},"wordCount":215,"publisher":{"@id":"https:\/\/fundacjajoannyradziwill.pl\/en\/#organization"},"image":{"@id":"https:\/\/fundacjajoannyradziwill.pl\/en\/meeting-with-director-krzysztof-skonieczny\/#primaryimage"},"thumbnailUrl":"https:\/\/fundacjajoannyradziwill.pl\/wp-content\/uploads\/2024\/06\/Krzysztof-Skonieczny-w-Fundacji-scaled.jpg","keywords":["Joanna Radziwill Care Wings Foundation","Krzysztof Skonieczny"],"articleSection":["News"],"inLanguage":"en-US"},{"@type":"WebPage","@id":"https:\/\/fundacjajoannyradziwill.pl\/en\/meeting-with-director-krzysztof-skonieczny\/","url":"https:\/\/fundacjajoannyradziwill.pl\/en\/meeting-with-director-krzysztof-skonieczny\/","name":"Meeting with director Krzysztof Skonieczny - Fundacja Joanny Radziwi\u0142\u0142","isPartOf":{"@id":"https:\/\/fundacjajoannyradziwill.pl\/en\/#website"},"primaryImageOfPage":{"@id":"https:\/\/fundacjajoannyradziwill.pl\/en\/meeting-with-director-krzysztof-skonieczny\/#primaryimage"},"image":{"@id":"https:\/\/fundacjajoannyradziwill.pl\/en\/meeting-with-director-krzysztof-skonieczny\/#primaryimage"},"thumbnailUrl":"https:\/\/fundacjajoannyradziwill.pl\/wp-content\/uploads\/2024\/06\/Krzysztof-Skonieczny-w-Fundacji-scaled.jpg","datePublished":"2024-05-29T12:33:01+00:00","dateModified":"2025-04-29T07:53:22+00:00","description":"The meeting with Krzysztof Skonieczny at our Warsaw House showed the children how a passion for film can become an inspiring career path. Thanks to such events, young people can develop their interests and dreams.","inLanguage":"en-US","potentialAction":[{"@type":"ReadAction","target":["https:\/\/fundacjajoannyradziwill.pl\/en\/meeting-with-director-krzysztof-skonieczny\/"]}]},{"@type":"ImageObject","inLanguage":"en-US","@id":"https:\/\/fundacjajoannyradziwill.pl\/en\/meeting-with-director-krzysztof-skonieczny\/#primaryimage","url":"https:\/\/fundacjajoannyradziwill.pl\/wp-content\/uploads\/2024\/06\/Krzysztof-Skonieczny-w-Fundacji-scaled.jpg","contentUrl":"https:\/\/fundacjajoannyradziwill.pl\/wp-content\/uploads\/2024\/06\/Krzysztof-Skonieczny-w-Fundacji-scaled.jpg","width":2560,"height":1920},{"@type":"WebSite","@id":"https:\/\/fundacjajoannyradziwill.pl\/en\/#website","url":"https:\/\/fundacjajoannyradziwill.pl\/en\/","name":"Fundacja Joanny Radziwi\u0142\u0142","description":"Opieku\u0144cze Skrzyd\u0142a","publisher":{"@id":"https:\/\/fundacjajoannyradziwill.pl\/en\/#organization"},"potentialAction":[{"@type":"SearchAction","target":{"@type":"EntryPoint","urlTemplate":"https:\/\/fundacjajoannyradziwill.pl\/en\/?s={search_term_string}"},"query-input":{"@type":"PropertyValueSpecification","valueRequired":true,"valueName":"search_term_string"}}],"inLanguage":"en-US"},{"@type":"Organization","@id":"https:\/\/fundacjajoannyradziwill.pl\/en\/#organization","name":"Fundacja Joanny Radziwi\u0142\u0142","url":"https:\/\/fundacjajoannyradziwill.pl\/en\/","logo":{"@type":"ImageObject","inLanguage":"en-US","@id":"https:\/\/fundacjajoannyradziwill.pl\/en\/#\/schema\/logo\/image\/","url":"https:\/\/fundacjajoannyradziwill.pl\/wp-content\/uploads\/2023\/05\/logo_poziom_czerwony-01-1.svg","contentUrl":"https:\/\/fundacjajoannyradziwill.pl\/wp-content\/uploads\/2023\/05\/logo_poziom_czerwony-01-1.svg","width":473,"height":151,"caption":"Fundacja Joanny Radziwi\u0142\u0142"},"image":{"@id":"https:\/\/fundacjajoannyradziwill.pl\/en\/#\/schema\/logo\/image\/"},"sameAs":["https:\/\/www.facebook.com\/fundacjaopiekunczeskrzydla"]},{"@type":"Person","@id":"https:\/\/fundacjajoannyradziwill.pl\/en\/#\/schema\/person\/5f12bc9c90a4985b4fa39eb0bd8ce51b","name":"Beata Kowalczyk","image":{"@type":"ImageObject","inLanguage":"en-US","@id":"https:\/\/fundacjajoannyradziwill.pl\/en\/#\/schema\/person\/image\/","url":"https:\/\/secure.gravatar.com\/avatar\/ca10322c1a89a33ad010afe7706ff1256276d73c8ec914b713867cc6862947d2?s=96&d=mm&r=g","contentUrl":"https:\/\/secure.gravatar.com\/avatar\/ca10322c1a89a33ad010afe7706ff1256276d73c8ec914b713867cc6862947d2?s=96&d=mm&r=g","caption":"Beata Kowalczyk"},"url":"https:\/\/fundacjajoannyradziwill.pl\/en\/author\/b-kowalczyk\/"}]}},"_links":{"self":[{"href":"https:\/\/fundacjajoannyradziwill.pl\/en\/wp-json\/wp\/v2\/posts\/13513","targetHints":{"allow":["GET"]}}],"collection":[{"href":"https:\/\/fundacjajoannyradziwill.pl\/en\/wp-json\/wp\/v2\/posts"}],"about":[{"href":"https:\/\/fundacjajoannyradziwill.pl\/en\/wp-json\/wp\/v2\/types\/post"}],"author":[{"embeddable":true,"href":"https:\/\/fundacjajoannyradziwill.pl\/en\/wp-json\/wp\/v2\/users\/24784"}],"replies":[{"embeddable":true,"href":"https:\/\/fundacjajoannyradziwill.pl\/en\/wp-json\/wp\/v2\/comments?post=13513"}],"version-history":[{"count":1,"href":"https:\/\/fundacjajoannyradziwill.pl\/en\/wp-json\/wp\/v2\/posts\/13513\/revisions"}],"predecessor-version":[{"id":13514,"href":"https:\/\/fundacjajoannyradziwill.pl\/en\/wp-json\/wp\/v2\/posts\/13513\/revisions\/13514"}],"wp:featuredmedia":[{"embeddable":true,"href":"https:\/\/fundacjajoannyradziwill.pl\/en\/wp-json\/wp\/v2\/media\/13236"}],"wp:attachment":[{"href":"https:\/\/fundacjajoannyradziwill.pl\/en\/wp-json\/wp\/v2\/media?parent=13513"}],"wp:term":[{"taxonomy":"category","embeddable":true,"href":"https:\/\/fundacjajoannyradziwill.pl\/en\/wp-json\/wp\/v2\/categories?post=13513"},{"taxonomy":"post_tag","embeddable":true,"href":"https:\/\/fundacjajoannyradziwill.pl\/en\/wp-json\/wp\/v2\/tags?post=13513"}],"curies":[{"name":"wp","href":"https:\/\/api.w.org\/{rel}","templated":true}]}}