{"id":13517,"date":"2024-05-13T18:05:18","date_gmt":"2024-05-13T16:05:18","guid":{"rendered":"https:\/\/fundacjajoannyradziwill.pl\/donate-collection-go-away-for-childrens-vacations\/"},"modified":"2025-04-29T09:54:50","modified_gmt":"2025-04-29T07:54:50","slug":"donate-collection-go-away-for-childrens-vacations","status":"publish","type":"post","link":"https:\/\/fundacjajoannyradziwill.pl\/en\/donate-collection-go-away-for-childrens-vacations\/","title":{"rendered":"Donate collection GO Away for children&#8217;s vacations"},"content":{"rendered":"\n<p><br\/>We invite you to participate in the next, second edition of the <strong>Give Away<\/strong> collection, which we are organizing together with the <a href=\"https:\/\/ubraniadooddania.pl\/campaigns\/2127\"><strong>Clothes to Donate<\/strong><\/a> and <a href=\"https:\/\/figlisto.pl\/podajdalej\/\"><strong>Figlisto<\/strong><\/a> \u2764<\/p>\n\n<p>Every kilogram of CLOTHING, TOYS and ADJUSTMENTS you no longer need is a financial donation to our Foundation. And we will use the collected amount <strong>to organize a holiday trip for the wards of children <\/strong>from the Joanna Radziwill Care Wings Foundation.   <br\/><br\/>Join the collection or learn more:<a href=\"https:\/\/ubraniadooddania.pl\/campaigns\/2127\"> <strong><span style=\"text-decoration: underline;\">CLICK HERE<\/span><\/strong><\/a><br\/><\/p>\n\n<figure class=\"wp-block-image size-large\"><img fetchpriority=\"high\" decoding=\"async\" width=\"1024\" height=\"576\" src=\"https:\/\/fundacjajoannyradziwill.pl\/wp-content\/uploads\/2024\/05\/FIGLISTOxUDO_ZDJECIE_GLOWNE_600x400-1920-x-1080-px-1-1024x576.png\" alt=\"\" class=\"wp-image-11078\" srcset=\"https:\/\/fundacjajoannyradziwill.pl\/wp-content\/uploads\/2024\/05\/FIGLISTOxUDO_ZDJECIE_GLOWNE_600x400-1920-x-1080-px-1-1024x576.png 1024w, https:\/\/fundacjajoannyradziwill.pl\/wp-content\/uploads\/2024\/05\/FIGLISTOxUDO_ZDJECIE_GLOWNE_600x400-1920-x-1080-px-1-300x169.png 300w, https:\/\/fundacjajoannyradziwill.pl\/wp-content\/uploads\/2024\/05\/FIGLISTOxUDO_ZDJECIE_GLOWNE_600x400-1920-x-1080-px-1-768x432.png 768w, https:\/\/fundacjajoannyradziwill.pl\/wp-content\/uploads\/2024\/05\/FIGLISTOxUDO_ZDJECIE_GLOWNE_600x400-1920-x-1080-px-1-1536x864.png 1536w, https:\/\/fundacjajoannyradziwill.pl\/wp-content\/uploads\/2024\/05\/FIGLISTOxUDO_ZDJECIE_GLOWNE_600x400-1920-x-1080-px-1-800x450.png 800w, https:\/\/fundacjajoannyradziwill.pl\/wp-content\/uploads\/2024\/05\/FIGLISTOxUDO_ZDJECIE_GLOWNE_600x400-1920-x-1080-px-1.png 1920w\" sizes=\"(max-width: 1024px) 100vw, 1024px\" \/><\/figure>\n","protected":false},"excerpt":{"rendered":"<p>We invite you to participate in the next, second edition of the Give Away collection, which we are organizing together with the Clothes to Donate and Figlisto \u2764 Every kilogram of CLOTHING, TOYS and ADJUSTMENTS you no longer need is a financial donation to our Foundation. And we will use the collected amount to organize a holiday trip for the wards of children from the Joanna Radziwill Care Wings Foundation. Join the collection or learn more: CLICK HERE<\/p>\n","protected":false},"author":24784,"featured_media":13222,"comment_status":"closed","ping_status":"closed","sticky":false,"template":"","format":"standard","meta":{"_acf_changed":false,"inline_featured_image":false,"_monsterinsights_skip_tracking":false,"_monsterinsights_sitenote_active":false,"_monsterinsights_sitenote_note":"","_monsterinsights_sitenote_category":0,"ocean_post_layout":"","ocean_both_sidebars_style":"","ocean_both_sidebars_content_width":0,"ocean_both_sidebars_sidebars_width":0,"ocean_sidebar":"","ocean_second_sidebar":"","ocean_disable_margins":"enable","ocean_add_body_class":"","ocean_shortcode_before_top_bar":"","ocean_shortcode_after_top_bar":"","ocean_shortcode_before_header":"","ocean_shortcode_after_header":"","ocean_has_shortcode":"","ocean_shortcode_after_title":"","ocean_shortcode_before_footer_widgets":"","ocean_shortcode_after_footer_widgets":"","ocean_shortcode_before_footer_bottom":"","ocean_shortcode_after_footer_bottom":"","ocean_display_top_bar":"default","ocean_display_header":"default","ocean_header_style":"","ocean_center_header_left_menu":"","ocean_custom_header_template":"","ocean_custom_logo":0,"ocean_custom_retina_logo":0,"ocean_custom_logo_max_width":0,"ocean_custom_logo_tablet_max_width":0,"ocean_custom_logo_mobile_max_width":0,"ocean_custom_logo_max_height":0,"ocean_custom_logo_tablet_max_height":0,"ocean_custom_logo_mobile_max_height":0,"ocean_header_custom_menu":"","ocean_menu_typo_font_family":"","ocean_menu_typo_font_subset":"","ocean_menu_typo_font_size":0,"ocean_menu_typo_font_size_tablet":0,"ocean_menu_typo_font_size_mobile":0,"ocean_menu_typo_font_size_unit":"px","ocean_menu_typo_font_weight":"","ocean_menu_typo_font_weight_tablet":"","ocean_menu_typo_font_weight_mobile":"","ocean_menu_typo_transform":"","ocean_menu_typo_transform_tablet":"","ocean_menu_typo_transform_mobile":"","ocean_menu_typo_line_height":0,"ocean_menu_typo_line_height_tablet":0,"ocean_menu_typo_line_height_mobile":0,"ocean_menu_typo_line_height_unit":"","ocean_menu_typo_spacing":0,"ocean_menu_typo_spacing_tablet":0,"ocean_menu_typo_spacing_mobile":0,"ocean_menu_typo_spacing_unit":"","ocean_menu_link_color":"","ocean_menu_link_color_hover":"","ocean_menu_link_color_active":"","ocean_menu_link_background":"","ocean_menu_link_hover_background":"","ocean_menu_link_active_background":"","ocean_menu_social_links_bg":"","ocean_menu_social_hover_links_bg":"","ocean_menu_social_links_color":"","ocean_menu_social_hover_links_color":"","ocean_disable_title":"default","ocean_disable_heading":"default","ocean_post_title":"","ocean_post_subheading":"","ocean_post_title_style":"","ocean_post_title_background_color":"","ocean_post_title_background":0,"ocean_post_title_bg_image_position":"","ocean_post_title_bg_image_attachment":"","ocean_post_title_bg_image_repeat":"","ocean_post_title_bg_image_size":"","ocean_post_title_height":0,"ocean_post_title_bg_overlay":0.5,"ocean_post_title_bg_overlay_color":"","ocean_disable_breadcrumbs":"default","ocean_breadcrumbs_color":"","ocean_breadcrumbs_separator_color":"","ocean_breadcrumbs_links_color":"","ocean_breadcrumbs_links_hover_color":"","ocean_display_footer_widgets":"default","ocean_display_footer_bottom":"default","ocean_custom_footer_template":"","ocean_post_oembed":"","ocean_post_self_hosted_media":"","ocean_post_video_embed":"","ocean_link_format":"","ocean_link_format_target":"self","ocean_quote_format":"","ocean_quote_format_link":"post","ocean_gallery_link_images":"on","ocean_gallery_id":[],"footnotes":"","_links_to":"","_links_to_target":""},"categories":[290],"tags":[313,314,315,291],"class_list":["post-13517","post","type-post","status-publish","format-standard","has-post-thumbnail","hentry","category-news-en","tag-clothes-to-donate","tag-collection","tag-figlisto-en","tag-joanna-radziwill-care-wings-foundation","entry","has-media"],"acf":[],"yoast_head":"<!-- This site is optimized with the Yoast SEO plugin v26.3 - https:\/\/yoast.com\/wordpress\/plugins\/seo\/ -->\n<title>Donate collection GO Away for children&#039;s vacations - Fundacja Joanny Radziwi\u0142\u0142<\/title>\n<meta name=\"robots\" content=\"index, follow, max-snippet:-1, max-image-preview:large, max-video-preview:-1\" \/>\n<link rel=\"canonical\" href=\"https:\/\/fundacjajoannyradziwill.pl\/en\/donate-collection-go-away-for-childrens-vacations\/\" \/>\n<meta property=\"og:locale\" content=\"en_US\" \/>\n<meta property=\"og:type\" content=\"article\" \/>\n<meta property=\"og:title\" content=\"Donate collection GO Away for children&#039;s vacations - Fundacja Joanny Radziwi\u0142\u0142\" \/>\n<meta property=\"og:description\" content=\"We invite you to participate in the next, second edition of the Give Away collection, which we are organizing together with the Clothes to Donate and Figlisto \u2764 Every kilogram of CLOTHING, TOYS and ADJUSTMENTS you no longer need is a financial donation to our Foundation. And we will use the collected amount to organize a holiday trip for the wards of children from the Joanna Radziwill Care Wings Foundation. Join the collection or learn more: CLICK HERE\" \/>\n<meta property=\"og:url\" content=\"https:\/\/fundacjajoannyradziwill.pl\/en\/donate-collection-go-away-for-childrens-vacations\/\" \/>\n<meta property=\"og:site_name\" content=\"Fundacja Joanny Radziwi\u0142\u0142\" \/>\n<meta property=\"article:publisher\" content=\"https:\/\/www.facebook.com\/fundacjaopiekunczeskrzydla\" \/>\n<meta property=\"article:published_time\" content=\"2024-05-13T16:05:18+00:00\" \/>\n<meta property=\"article:modified_time\" content=\"2025-04-29T07:54:50+00:00\" \/>\n<meta property=\"og:image\" content=\"https:\/\/fundacjajoannyradziwill.pl\/wp-content\/uploads\/2024\/05\/rik_figlistoxudo_zdjecie_glowne_2edycja_600x400__1920_x_1080_px___5_-1.png\" \/>\n\t<meta property=\"og:image:width\" content=\"600\" \/>\n\t<meta property=\"og:image:height\" content=\"400\" \/>\n\t<meta property=\"og:image:type\" content=\"image\/png\" \/>\n<meta name=\"author\" content=\"Beata Kowalczyk\" \/>\n<meta name=\"twitter:card\" content=\"summary_large_image\" \/>\n<meta name=\"twitter:label1\" content=\"Written by\" \/>\n\t<meta name=\"twitter:data1\" content=\"Beata Kowalczyk\" \/>\n<script type=\"application\/ld+json\" class=\"yoast-schema-graph\">{\"@context\":\"https:\/\/schema.org\",\"@graph\":[{\"@type\":\"Article\",\"@id\":\"https:\/\/fundacjajoannyradziwill.pl\/en\/donate-collection-go-away-for-childrens-vacations\/#article\",\"isPartOf\":{\"@id\":\"https:\/\/fundacjajoannyradziwill.pl\/en\/donate-collection-go-away-for-childrens-vacations\/\"},\"author\":{\"name\":\"Beata Kowalczyk\",\"@id\":\"https:\/\/fundacjajoannyradziwill.pl\/en\/#\/schema\/person\/5f12bc9c90a4985b4fa39eb0bd8ce51b\"},\"headline\":\"Donate collection GO Away for children&#8217;s vacations\",\"datePublished\":\"2024-05-13T16:05:18+00:00\",\"dateModified\":\"2025-04-29T07:54:50+00:00\",\"mainEntityOfPage\":{\"@id\":\"https:\/\/fundacjajoannyradziwill.pl\/en\/donate-collection-go-away-for-childrens-vacations\/\"},\"wordCount\":84,\"publisher\":{\"@id\":\"https:\/\/fundacjajoannyradziwill.pl\/en\/#organization\"},\"image\":{\"@id\":\"https:\/\/fundacjajoannyradziwill.pl\/en\/donate-collection-go-away-for-childrens-vacations\/#primaryimage\"},\"thumbnailUrl\":\"https:\/\/fundacjajoannyradziwill.pl\/wp-content\/uploads\/2024\/05\/rik_figlistoxudo_zdjecie_glowne_2edycja_600x400__1920_x_1080_px___5_-1.png\",\"keywords\":[\"Clothes to Donate\",\"Collection\",\"Figlisto\",\"Joanna Radziwill Care Wings Foundation\"],\"articleSection\":[\"News\"],\"inLanguage\":\"en-US\"},{\"@type\":\"WebPage\",\"@id\":\"https:\/\/fundacjajoannyradziwill.pl\/en\/donate-collection-go-away-for-childrens-vacations\/\",\"url\":\"https:\/\/fundacjajoannyradziwill.pl\/en\/donate-collection-go-away-for-childrens-vacations\/\",\"name\":\"Donate collection GO Away for children's vacations - Fundacja Joanny Radziwi\u0142\u0142\",\"isPartOf\":{\"@id\":\"https:\/\/fundacjajoannyradziwill.pl\/en\/#website\"},\"primaryImageOfPage\":{\"@id\":\"https:\/\/fundacjajoannyradziwill.pl\/en\/donate-collection-go-away-for-childrens-vacations\/#primaryimage\"},\"image\":{\"@id\":\"https:\/\/fundacjajoannyradziwill.pl\/en\/donate-collection-go-away-for-childrens-vacations\/#primaryimage\"},\"thumbnailUrl\":\"https:\/\/fundacjajoannyradziwill.pl\/wp-content\/uploads\/2024\/05\/rik_figlistoxudo_zdjecie_glowne_2edycja_600x400__1920_x_1080_px___5_-1.png\",\"datePublished\":\"2024-05-13T16:05:18+00:00\",\"dateModified\":\"2025-04-29T07:54:50+00:00\",\"inLanguage\":\"en-US\",\"potentialAction\":[{\"@type\":\"ReadAction\",\"target\":[\"https:\/\/fundacjajoannyradziwill.pl\/en\/donate-collection-go-away-for-childrens-vacations\/\"]}]},{\"@type\":\"ImageObject\",\"inLanguage\":\"en-US\",\"@id\":\"https:\/\/fundacjajoannyradziwill.pl\/en\/donate-collection-go-away-for-childrens-vacations\/#primaryimage\",\"url\":\"https:\/\/fundacjajoannyradziwill.pl\/wp-content\/uploads\/2024\/05\/rik_figlistoxudo_zdjecie_glowne_2edycja_600x400__1920_x_1080_px___5_-1.png\",\"contentUrl\":\"https:\/\/fundacjajoannyradziwill.pl\/wp-content\/uploads\/2024\/05\/rik_figlistoxudo_zdjecie_glowne_2edycja_600x400__1920_x_1080_px___5_-1.png\",\"width\":600,\"height\":400},{\"@type\":\"WebSite\",\"@id\":\"https:\/\/fundacjajoannyradziwill.pl\/en\/#website\",\"url\":\"https:\/\/fundacjajoannyradziwill.pl\/en\/\",\"name\":\"Fundacja Joanny Radziwi\u0142\u0142\",\"description\":\"Opieku\u0144cze Skrzyd\u0142a\",\"publisher\":{\"@id\":\"https:\/\/fundacjajoannyradziwill.pl\/en\/#organization\"},\"potentialAction\":[{\"@type\":\"SearchAction\",\"target\":{\"@type\":\"EntryPoint\",\"urlTemplate\":\"https:\/\/fundacjajoannyradziwill.pl\/en\/?s={search_term_string}\"},\"query-input\":{\"@type\":\"PropertyValueSpecification\",\"valueRequired\":true,\"valueName\":\"search_term_string\"}}],\"inLanguage\":\"en-US\"},{\"@type\":\"Organization\",\"@id\":\"https:\/\/fundacjajoannyradziwill.pl\/en\/#organization\",\"name\":\"Fundacja Joanny Radziwi\u0142\u0142\",\"url\":\"https:\/\/fundacjajoannyradziwill.pl\/en\/\",\"logo\":{\"@type\":\"ImageObject\",\"inLanguage\":\"en-US\",\"@id\":\"https:\/\/fundacjajoannyradziwill.pl\/en\/#\/schema\/logo\/image\/\",\"url\":\"https:\/\/fundacjajoannyradziwill.pl\/wp-content\/uploads\/2023\/05\/logo_poziom_czerwony-01-1.svg\",\"contentUrl\":\"https:\/\/fundacjajoannyradziwill.pl\/wp-content\/uploads\/2023\/05\/logo_poziom_czerwony-01-1.svg\",\"width\":473,\"height\":151,\"caption\":\"Fundacja Joanny Radziwi\u0142\u0142\"},\"image\":{\"@id\":\"https:\/\/fundacjajoannyradziwill.pl\/en\/#\/schema\/logo\/image\/\"},\"sameAs\":[\"https:\/\/www.facebook.com\/fundacjaopiekunczeskrzydla\"]},{\"@type\":\"Person\",\"@id\":\"https:\/\/fundacjajoannyradziwill.pl\/en\/#\/schema\/person\/5f12bc9c90a4985b4fa39eb0bd8ce51b\",\"name\":\"Beata Kowalczyk\",\"image\":{\"@type\":\"ImageObject\",\"inLanguage\":\"en-US\",\"@id\":\"https:\/\/fundacjajoannyradziwill.pl\/en\/#\/schema\/person\/image\/\",\"url\":\"https:\/\/secure.gravatar.com\/avatar\/ca10322c1a89a33ad010afe7706ff1256276d73c8ec914b713867cc6862947d2?s=96&d=mm&r=g\",\"contentUrl\":\"https:\/\/secure.gravatar.com\/avatar\/ca10322c1a89a33ad010afe7706ff1256276d73c8ec914b713867cc6862947d2?s=96&d=mm&r=g\",\"caption\":\"Beata Kowalczyk\"},\"url\":\"https:\/\/fundacjajoannyradziwill.pl\/en\/author\/b-kowalczyk\/\"}]}<\/script>\n<!-- \/ Yoast SEO plugin. -->","yoast_head_json":{"title":"Donate collection GO Away for children's vacations - Fundacja Joanny Radziwi\u0142\u0142","robots":{"index":"index","follow":"follow","max-snippet":"max-snippet:-1","max-image-preview":"max-image-preview:large","max-video-preview":"max-video-preview:-1"},"canonical":"https:\/\/fundacjajoannyradziwill.pl\/en\/donate-collection-go-away-for-childrens-vacations\/","og_locale":"en_US","og_type":"article","og_title":"Donate collection GO Away for children's vacations - Fundacja Joanny Radziwi\u0142\u0142","og_description":"We invite you to participate in the next, second edition of the Give Away collection, which we are organizing together with the Clothes to Donate and Figlisto \u2764 Every kilogram of CLOTHING, TOYS and ADJUSTMENTS you no longer need is a financial donation to our Foundation. And we will use the collected amount to organize a holiday trip for the wards of children from the Joanna Radziwill Care Wings Foundation. Join the collection or learn more: CLICK HERE","og_url":"https:\/\/fundacjajoannyradziwill.pl\/en\/donate-collection-go-away-for-childrens-vacations\/","og_site_name":"Fundacja Joanny Radziwi\u0142\u0142","article_publisher":"https:\/\/www.facebook.com\/fundacjaopiekunczeskrzydla","article_published_time":"2024-05-13T16:05:18+00:00","article_modified_time":"2025-04-29T07:54:50+00:00","og_image":[{"width":600,"height":400,"url":"https:\/\/fundacjajoannyradziwill.pl\/wp-content\/uploads\/2024\/05\/rik_figlistoxudo_zdjecie_glowne_2edycja_600x400__1920_x_1080_px___5_-1.png","type":"image\/png"}],"author":"Beata Kowalczyk","twitter_card":"summary_large_image","twitter_misc":{"Written by":"Beata Kowalczyk"},"schema":{"@context":"https:\/\/schema.org","@graph":[{"@type":"Article","@id":"https:\/\/fundacjajoannyradziwill.pl\/en\/donate-collection-go-away-for-childrens-vacations\/#article","isPartOf":{"@id":"https:\/\/fundacjajoannyradziwill.pl\/en\/donate-collection-go-away-for-childrens-vacations\/"},"author":{"name":"Beata Kowalczyk","@id":"https:\/\/fundacjajoannyradziwill.pl\/en\/#\/schema\/person\/5f12bc9c90a4985b4fa39eb0bd8ce51b"},"headline":"Donate collection GO Away for children&#8217;s vacations","datePublished":"2024-05-13T16:05:18+00:00","dateModified":"2025-04-29T07:54:50+00:00","mainEntityOfPage":{"@id":"https:\/\/fundacjajoannyradziwill.pl\/en\/donate-collection-go-away-for-childrens-vacations\/"},"wordCount":84,"publisher":{"@id":"https:\/\/fundacjajoannyradziwill.pl\/en\/#organization"},"image":{"@id":"https:\/\/fundacjajoannyradziwill.pl\/en\/donate-collection-go-away-for-childrens-vacations\/#primaryimage"},"thumbnailUrl":"https:\/\/fundacjajoannyradziwill.pl\/wp-content\/uploads\/2024\/05\/rik_figlistoxudo_zdjecie_glowne_2edycja_600x400__1920_x_1080_px___5_-1.png","keywords":["Clothes to Donate","Collection","Figlisto","Joanna Radziwill Care Wings Foundation"],"articleSection":["News"],"inLanguage":"en-US"},{"@type":"WebPage","@id":"https:\/\/fundacjajoannyradziwill.pl\/en\/donate-collection-go-away-for-childrens-vacations\/","url":"https:\/\/fundacjajoannyradziwill.pl\/en\/donate-collection-go-away-for-childrens-vacations\/","name":"Donate collection GO Away for children's vacations - Fundacja Joanny Radziwi\u0142\u0142","isPartOf":{"@id":"https:\/\/fundacjajoannyradziwill.pl\/en\/#website"},"primaryImageOfPage":{"@id":"https:\/\/fundacjajoannyradziwill.pl\/en\/donate-collection-go-away-for-childrens-vacations\/#primaryimage"},"image":{"@id":"https:\/\/fundacjajoannyradziwill.pl\/en\/donate-collection-go-away-for-childrens-vacations\/#primaryimage"},"thumbnailUrl":"https:\/\/fundacjajoannyradziwill.pl\/wp-content\/uploads\/2024\/05\/rik_figlistoxudo_zdjecie_glowne_2edycja_600x400__1920_x_1080_px___5_-1.png","datePublished":"2024-05-13T16:05:18+00:00","dateModified":"2025-04-29T07:54:50+00:00","inLanguage":"en-US","potentialAction":[{"@type":"ReadAction","target":["https:\/\/fundacjajoannyradziwill.pl\/en\/donate-collection-go-away-for-childrens-vacations\/"]}]},{"@type":"ImageObject","inLanguage":"en-US","@id":"https:\/\/fundacjajoannyradziwill.pl\/en\/donate-collection-go-away-for-childrens-vacations\/#primaryimage","url":"https:\/\/fundacjajoannyradziwill.pl\/wp-content\/uploads\/2024\/05\/rik_figlistoxudo_zdjecie_glowne_2edycja_600x400__1920_x_1080_px___5_-1.png","contentUrl":"https:\/\/fundacjajoannyradziwill.pl\/wp-content\/uploads\/2024\/05\/rik_figlistoxudo_zdjecie_glowne_2edycja_600x400__1920_x_1080_px___5_-1.png","width":600,"height":400},{"@type":"WebSite","@id":"https:\/\/fundacjajoannyradziwill.pl\/en\/#website","url":"https:\/\/fundacjajoannyradziwill.pl\/en\/","name":"Fundacja Joanny Radziwi\u0142\u0142","description":"Opieku\u0144cze Skrzyd\u0142a","publisher":{"@id":"https:\/\/fundacjajoannyradziwill.pl\/en\/#organization"},"potentialAction":[{"@type":"SearchAction","target":{"@type":"EntryPoint","urlTemplate":"https:\/\/fundacjajoannyradziwill.pl\/en\/?s={search_term_string}"},"query-input":{"@type":"PropertyValueSpecification","valueRequired":true,"valueName":"search_term_string"}}],"inLanguage":"en-US"},{"@type":"Organization","@id":"https:\/\/fundacjajoannyradziwill.pl\/en\/#organization","name":"Fundacja Joanny Radziwi\u0142\u0142","url":"https:\/\/fundacjajoannyradziwill.pl\/en\/","logo":{"@type":"ImageObject","inLanguage":"en-US","@id":"https:\/\/fundacjajoannyradziwill.pl\/en\/#\/schema\/logo\/image\/","url":"https:\/\/fundacjajoannyradziwill.pl\/wp-content\/uploads\/2023\/05\/logo_poziom_czerwony-01-1.svg","contentUrl":"https:\/\/fundacjajoannyradziwill.pl\/wp-content\/uploads\/2023\/05\/logo_poziom_czerwony-01-1.svg","width":473,"height":151,"caption":"Fundacja Joanny Radziwi\u0142\u0142"},"image":{"@id":"https:\/\/fundacjajoannyradziwill.pl\/en\/#\/schema\/logo\/image\/"},"sameAs":["https:\/\/www.facebook.com\/fundacjaopiekunczeskrzydla"]},{"@type":"Person","@id":"https:\/\/fundacjajoannyradziwill.pl\/en\/#\/schema\/person\/5f12bc9c90a4985b4fa39eb0bd8ce51b","name":"Beata Kowalczyk","image":{"@type":"ImageObject","inLanguage":"en-US","@id":"https:\/\/fundacjajoannyradziwill.pl\/en\/#\/schema\/person\/image\/","url":"https:\/\/secure.gravatar.com\/avatar\/ca10322c1a89a33ad010afe7706ff1256276d73c8ec914b713867cc6862947d2?s=96&d=mm&r=g","contentUrl":"https:\/\/secure.gravatar.com\/avatar\/ca10322c1a89a33ad010afe7706ff1256276d73c8ec914b713867cc6862947d2?s=96&d=mm&r=g","caption":"Beata Kowalczyk"},"url":"https:\/\/fundacjajoannyradziwill.pl\/en\/author\/b-kowalczyk\/"}]}},"_links":{"self":[{"href":"https:\/\/fundacjajoannyradziwill.pl\/en\/wp-json\/wp\/v2\/posts\/13517","targetHints":{"allow":["GET"]}}],"collection":[{"href":"https:\/\/fundacjajoannyradziwill.pl\/en\/wp-json\/wp\/v2\/posts"}],"about":[{"href":"https:\/\/fundacjajoannyradziwill.pl\/en\/wp-json\/wp\/v2\/types\/post"}],"author":[{"embeddable":true,"href":"https:\/\/fundacjajoannyradziwill.pl\/en\/wp-json\/wp\/v2\/users\/24784"}],"replies":[{"embeddable":true,"href":"https:\/\/fundacjajoannyradziwill.pl\/en\/wp-json\/wp\/v2\/comments?post=13517"}],"version-history":[{"count":1,"href":"https:\/\/fundacjajoannyradziwill.pl\/en\/wp-json\/wp\/v2\/posts\/13517\/revisions"}],"predecessor-version":[{"id":13518,"href":"https:\/\/fundacjajoannyradziwill.pl\/en\/wp-json\/wp\/v2\/posts\/13517\/revisions\/13518"}],"wp:featuredmedia":[{"embeddable":true,"href":"https:\/\/fundacjajoannyradziwill.pl\/en\/wp-json\/wp\/v2\/media\/13222"}],"wp:attachment":[{"href":"https:\/\/fundacjajoannyradziwill.pl\/en\/wp-json\/wp\/v2\/media?parent=13517"}],"wp:term":[{"taxonomy":"category","embeddable":true,"href":"https:\/\/fundacjajoannyradziwill.pl\/en\/wp-json\/wp\/v2\/categories?post=13517"},{"taxonomy":"post_tag","embeddable":true,"href":"https:\/\/fundacjajoannyradziwill.pl\/en\/wp-json\/wp\/v2\/tags?post=13517"}],"curies":[{"name":"wp","href":"https:\/\/api.w.org\/{rel}","templated":true}]}}