{"id":13533,"date":"2024-02-22T15:34:25","date_gmt":"2024-02-22T14:34:25","guid":{"rendered":"https:\/\/fundacjajoannyradziwill.pl\/winter-holidays-at-home-in-kamionka\/"},"modified":"2025-04-29T09:56:56","modified_gmt":"2025-04-29T07:56:56","slug":"winter-holidays-at-home-in-kamionka","status":"publish","type":"post","link":"https:\/\/fundacjajoannyradziwill.pl\/en\/winter-holidays-at-home-in-kamionka\/","title":{"rendered":"Winter holidays at home in Kamionka"},"content":{"rendered":"\n<p>We recently finished the winter holidays at the House in Kamionka . There was really a lot going on, and we made the most of the winter time! The wheels of our foundation Renault bus were still in motion.  <\/p>\n\n<p>\ud83d\udd39 We started the holidays with an active trip to the east of Poland &#8211; to the home of the crane and the pond turtle &#8211; that is, Poleski National Park.<\/p>\n\n<p>\ud83d\udd39 We had the opportunity to meet art in the company of girls from Art History from the John Paul II Catholic University of Lublin.<\/p>\n\n<p>\ud83d\udd39 During the two-day trip, we visited Milanowek and Warsaw.<\/p>\n\n<p>\ud83d\udd39 In the capital, we went to the Invisible Exhibition and the photography exhibition at the National Museum in Warsaw.<\/p>\n\n<p>\ud83d\udd39 We went on a trip to Lublin, to the cinema and to a candy workshop.<\/p>\n\n<p>\ud83d\udd39 Psychological workshops were also held during the holidays.<\/p>\n\n<p>The winter break was full of pleasant moments and adventures. Thanks to the collection, the Foundation&#8217;s account with the title &#8220;holidays&#8221; received a total of 10,000 zloty \u203c, which was fully allocated to the cost of food, transportation and all planned activities during the holidays for the children \u2764.   <br\/><br\/>Many, many thanks to all the Donors!<br\/><br\/><\/p>\n\n<figure class=\"wp-block-gallery has-nested-images columns-default is-cropped wp-block-gallery-1 is-layout-flex wp-block-gallery-is-layout-flex\">\n<figure class=\"wp-block-image size-large\"><img fetchpriority=\"high\" decoding=\"async\" width=\"1024\" height=\"684\" data-id=\"10773\" src=\"https:\/\/fundacjajoannyradziwill.pl\/wp-content\/uploads\/2024\/02\/425344314_371155502326957_2658420271009529110_n-1024x684.jpg\" alt=\"\" class=\"wp-image-10773\" srcset=\"https:\/\/fundacjajoannyradziwill.pl\/wp-content\/uploads\/2024\/02\/425344314_371155502326957_2658420271009529110_n-1024x684.jpg 1024w, https:\/\/fundacjajoannyradziwill.pl\/wp-content\/uploads\/2024\/02\/425344314_371155502326957_2658420271009529110_n-300x200.jpg 300w, https:\/\/fundacjajoannyradziwill.pl\/wp-content\/uploads\/2024\/02\/425344314_371155502326957_2658420271009529110_n-768x513.jpg 768w, https:\/\/fundacjajoannyradziwill.pl\/wp-content\/uploads\/2024\/02\/425344314_371155502326957_2658420271009529110_n-1536x1025.jpg 1536w, https:\/\/fundacjajoannyradziwill.pl\/wp-content\/uploads\/2024\/02\/425344314_371155502326957_2658420271009529110_n.jpg 1600w\" sizes=\"(max-width: 1024px) 100vw, 1024px\" \/><\/figure>\n\n\n\n<figure class=\"wp-block-image size-large\"><img decoding=\"async\" width=\"1024\" height=\"682\" data-id=\"10774\" src=\"https:\/\/fundacjajoannyradziwill.pl\/wp-content\/uploads\/2024\/02\/425605785_371155625660278_5293946016892895043_n-1024x682.jpg\" alt=\"\" class=\"wp-image-10774\" srcset=\"https:\/\/fundacjajoannyradziwill.pl\/wp-content\/uploads\/2024\/02\/425605785_371155625660278_5293946016892895043_n-1024x682.jpg 1024w, https:\/\/fundacjajoannyradziwill.pl\/wp-content\/uploads\/2024\/02\/425605785_371155625660278_5293946016892895043_n-300x200.jpg 300w, https:\/\/fundacjajoannyradziwill.pl\/wp-content\/uploads\/2024\/02\/425605785_371155625660278_5293946016892895043_n-768x511.jpg 768w, https:\/\/fundacjajoannyradziwill.pl\/wp-content\/uploads\/2024\/02\/425605785_371155625660278_5293946016892895043_n-1536x1022.jpg 1536w, https:\/\/fundacjajoannyradziwill.pl\/wp-content\/uploads\/2024\/02\/425605785_371155625660278_5293946016892895043_n.jpg 1600w\" sizes=\"(max-width: 1024px) 100vw, 1024px\" \/><\/figure>\n\n\n\n<figure class=\"wp-block-image size-large\"><img decoding=\"async\" width=\"1024\" height=\"682\" data-id=\"10775\" src=\"https:\/\/fundacjajoannyradziwill.pl\/wp-content\/uploads\/2024\/02\/426621135_374962978612876_1769403229057210385_n-1024x682.jpg\" alt=\"\" class=\"wp-image-10775\" srcset=\"https:\/\/fundacjajoannyradziwill.pl\/wp-content\/uploads\/2024\/02\/426621135_374962978612876_1769403229057210385_n-1024x682.jpg 1024w, https:\/\/fundacjajoannyradziwill.pl\/wp-content\/uploads\/2024\/02\/426621135_374962978612876_1769403229057210385_n-300x200.jpg 300w, https:\/\/fundacjajoannyradziwill.pl\/wp-content\/uploads\/2024\/02\/426621135_374962978612876_1769403229057210385_n-768x511.jpg 768w, https:\/\/fundacjajoannyradziwill.pl\/wp-content\/uploads\/2024\/02\/426621135_374962978612876_1769403229057210385_n-1536x1022.jpg 1536w, https:\/\/fundacjajoannyradziwill.pl\/wp-content\/uploads\/2024\/02\/426621135_374962978612876_1769403229057210385_n.jpg 1600w\" sizes=\"(max-width: 1024px) 100vw, 1024px\" \/><\/figure>\n<\/figure>\n","protected":false},"excerpt":{"rendered":"<p>We recently finished the winter holidays at the House in Kamionka . There was really a lot going on, and we made the most of the winter time! The wheels of our foundation Renault bus were still in motion. \ud83d\udd39 We started the holidays with an active trip to the east of Poland &#8211; to the home of the crane and the pond turtle &#8211; that is, Poleski National Park. \ud83d\udd39 We had the opportunity to meet art in the company of girls from Art History from the John Paul II Catholic University of Lublin. \ud83d\udd39 During the two-day trip, we visited Milanowek and Warsaw. \ud83d\udd39 In the capital, we went to the Invisible Exhibition and the photography exhibition at the National Museum in Warsaw. \ud83d\udd39 We went on a trip to Lublin, to the cinema and to a candy workshop. \ud83d\udd39 Psychological workshops were also held during the holidays. The winter break was full of pleasant moments and adventures. Thanks to the collection, the Foundation&#8217;s account with the title &#8220;holidays&#8221; received a total of 10,000 zloty \u203c, which was fully allocated to the cost of food, transportation and all planned activities during the holidays for the children \u2764. Many, many thanks to all the Donors!<\/p>\n","protected":false},"author":24784,"featured_media":13179,"comment_status":"closed","ping_status":"closed","sticky":false,"template":"","format":"standard","meta":{"_acf_changed":false,"inline_featured_image":false,"_monsterinsights_skip_tracking":false,"_monsterinsights_sitenote_active":false,"_monsterinsights_sitenote_note":"","_monsterinsights_sitenote_category":0,"ocean_post_layout":"","ocean_both_sidebars_style":"","ocean_both_sidebars_content_width":0,"ocean_both_sidebars_sidebars_width":0,"ocean_sidebar":"","ocean_second_sidebar":"","ocean_disable_margins":"enable","ocean_add_body_class":"","ocean_shortcode_before_top_bar":"","ocean_shortcode_after_top_bar":"","ocean_shortcode_before_header":"","ocean_shortcode_after_header":"","ocean_has_shortcode":"","ocean_shortcode_after_title":"","ocean_shortcode_before_footer_widgets":"","ocean_shortcode_after_footer_widgets":"","ocean_shortcode_before_footer_bottom":"","ocean_shortcode_after_footer_bottom":"","ocean_display_top_bar":"default","ocean_display_header":"default","ocean_header_style":"","ocean_center_header_left_menu":"","ocean_custom_header_template":"","ocean_custom_logo":0,"ocean_custom_retina_logo":0,"ocean_custom_logo_max_width":0,"ocean_custom_logo_tablet_max_width":0,"ocean_custom_logo_mobile_max_width":0,"ocean_custom_logo_max_height":0,"ocean_custom_logo_tablet_max_height":0,"ocean_custom_logo_mobile_max_height":0,"ocean_header_custom_menu":"","ocean_menu_typo_font_family":"","ocean_menu_typo_font_subset":"","ocean_menu_typo_font_size":0,"ocean_menu_typo_font_size_tablet":0,"ocean_menu_typo_font_size_mobile":0,"ocean_menu_typo_font_size_unit":"px","ocean_menu_typo_font_weight":"","ocean_menu_typo_font_weight_tablet":"","ocean_menu_typo_font_weight_mobile":"","ocean_menu_typo_transform":"","ocean_menu_typo_transform_tablet":"","ocean_menu_typo_transform_mobile":"","ocean_menu_typo_line_height":0,"ocean_menu_typo_line_height_tablet":0,"ocean_menu_typo_line_height_mobile":0,"ocean_menu_typo_line_height_unit":"","ocean_menu_typo_spacing":0,"ocean_menu_typo_spacing_tablet":0,"ocean_menu_typo_spacing_mobile":0,"ocean_menu_typo_spacing_unit":"","ocean_menu_link_color":"","ocean_menu_link_color_hover":"","ocean_menu_link_color_active":"","ocean_menu_link_background":"","ocean_menu_link_hover_background":"","ocean_menu_link_active_background":"","ocean_menu_social_links_bg":"","ocean_menu_social_hover_links_bg":"","ocean_menu_social_links_color":"","ocean_menu_social_hover_links_color":"","ocean_disable_title":"default","ocean_disable_heading":"default","ocean_post_title":"","ocean_post_subheading":"","ocean_post_title_style":"","ocean_post_title_background_color":"","ocean_post_title_background":0,"ocean_post_title_bg_image_position":"","ocean_post_title_bg_image_attachment":"","ocean_post_title_bg_image_repeat":"","ocean_post_title_bg_image_size":"","ocean_post_title_height":0,"ocean_post_title_bg_overlay":0.5,"ocean_post_title_bg_overlay_color":"","ocean_disable_breadcrumbs":"default","ocean_breadcrumbs_color":"","ocean_breadcrumbs_separator_color":"","ocean_breadcrumbs_links_color":"","ocean_breadcrumbs_links_hover_color":"","ocean_display_footer_widgets":"default","ocean_display_footer_bottom":"default","ocean_custom_footer_template":"","ocean_post_oembed":"","ocean_post_self_hosted_media":"","ocean_post_video_embed":"","ocean_link_format":"","ocean_link_format_target":"self","ocean_quote_format":"","ocean_quote_format_link":"post","ocean_gallery_link_images":"on","ocean_gallery_id":[],"footnotes":"","_links_to":"","_links_to_target":""},"categories":[290],"tags":[320,291],"class_list":["post-13533","post","type-post","status-publish","format-standard","has-post-thumbnail","hentry","category-news-en","tag-childrens-holidays","tag-joanna-radziwill-care-wings-foundation","entry","has-media"],"acf":[],"yoast_head":"<!-- This site is optimized with the Yoast SEO plugin v26.3 - https:\/\/yoast.com\/wordpress\/plugins\/seo\/ -->\n<title>Winter holidays at home in Kamionka - Fundacja Joanny Radziwi\u0142\u0142<\/title>\n<meta name=\"robots\" content=\"index, follow, max-snippet:-1, max-image-preview:large, max-video-preview:-1\" \/>\n<link rel=\"canonical\" href=\"https:\/\/fundacjajoannyradziwill.pl\/en\/winter-holidays-at-home-in-kamionka\/\" \/>\n<meta property=\"og:locale\" content=\"en_US\" \/>\n<meta property=\"og:type\" content=\"article\" \/>\n<meta property=\"og:title\" content=\"Winter holidays at home in Kamionka - Fundacja Joanny Radziwi\u0142\u0142\" \/>\n<meta property=\"og:description\" content=\"We recently finished the winter holidays at the House in Kamionka . There was really a lot going on, and we made the most of the winter time! The wheels of our foundation Renault bus were still in motion. \ud83d\udd39 We started the holidays with an active trip to the east of Poland &#8211; to the home of the crane and the pond turtle &#8211; that is, Poleski National Park. \ud83d\udd39 We had the opportunity to meet art in the company of girls from Art History from the John Paul II Catholic University of Lublin. \ud83d\udd39 During the two-day trip, we visited Milanowek and Warsaw. \ud83d\udd39 In the capital, we went to the Invisible Exhibition and the photography exhibition at the National Museum in Warsaw. \ud83d\udd39 We went on a trip to Lublin, to the cinema and to a candy workshop. \ud83d\udd39 Psychological workshops were also held during the holidays. The winter break was full of pleasant moments and adventures. Thanks to the collection, the Foundation&#8217;s account with the title &#8220;holidays&#8221; received a total of 10,000 zloty \u203c, which was fully allocated to the cost of food, transportation and all planned activities during the holidays for the children \u2764. Many, many thanks to all the Donors!\" \/>\n<meta property=\"og:url\" content=\"https:\/\/fundacjajoannyradziwill.pl\/en\/winter-holidays-at-home-in-kamionka\/\" \/>\n<meta property=\"og:site_name\" content=\"Fundacja Joanny Radziwi\u0142\u0142\" \/>\n<meta property=\"article:publisher\" content=\"https:\/\/www.facebook.com\/fundacjaopiekunczeskrzydla\" \/>\n<meta property=\"article:published_time\" content=\"2024-02-22T14:34:25+00:00\" \/>\n<meta property=\"article:modified_time\" content=\"2025-04-29T07:56:56+00:00\" \/>\n<meta property=\"og:image\" content=\"https:\/\/fundacjajoannyradziwill.pl\/wp-content\/uploads\/2024\/02\/426693057_374962785279562_8436197585153608887_n.jpg\" \/>\n\t<meta property=\"og:image:width\" content=\"1600\" \/>\n\t<meta property=\"og:image:height\" content=\"1065\" \/>\n\t<meta property=\"og:image:type\" content=\"image\/jpeg\" \/>\n<meta name=\"author\" content=\"Beata Kowalczyk\" \/>\n<meta name=\"twitter:card\" content=\"summary_large_image\" \/>\n<meta name=\"twitter:label1\" content=\"Written by\" \/>\n\t<meta name=\"twitter:data1\" content=\"Beata Kowalczyk\" \/>\n\t<meta name=\"twitter:label2\" content=\"Est. reading time\" \/>\n\t<meta name=\"twitter:data2\" content=\"1 minute\" \/>\n<script type=\"application\/ld+json\" class=\"yoast-schema-graph\">{\"@context\":\"https:\/\/schema.org\",\"@graph\":[{\"@type\":\"Article\",\"@id\":\"https:\/\/fundacjajoannyradziwill.pl\/en\/winter-holidays-at-home-in-kamionka\/#article\",\"isPartOf\":{\"@id\":\"https:\/\/fundacjajoannyradziwill.pl\/en\/winter-holidays-at-home-in-kamionka\/\"},\"author\":{\"name\":\"Beata Kowalczyk\",\"@id\":\"https:\/\/fundacjajoannyradziwill.pl\/en\/#\/schema\/person\/5f12bc9c90a4985b4fa39eb0bd8ce51b\"},\"headline\":\"Winter holidays at home in Kamionka\",\"datePublished\":\"2024-02-22T14:34:25+00:00\",\"dateModified\":\"2025-04-29T07:56:56+00:00\",\"mainEntityOfPage\":{\"@id\":\"https:\/\/fundacjajoannyradziwill.pl\/en\/winter-holidays-at-home-in-kamionka\/\"},\"wordCount\":202,\"publisher\":{\"@id\":\"https:\/\/fundacjajoannyradziwill.pl\/en\/#organization\"},\"image\":{\"@id\":\"https:\/\/fundacjajoannyradziwill.pl\/en\/winter-holidays-at-home-in-kamionka\/#primaryimage\"},\"thumbnailUrl\":\"https:\/\/fundacjajoannyradziwill.pl\/wp-content\/uploads\/2024\/02\/426693057_374962785279562_8436197585153608887_n.jpg\",\"keywords\":[\"Children's holidays\",\"Joanna Radziwill Care Wings Foundation\"],\"articleSection\":[\"News\"],\"inLanguage\":\"en-US\"},{\"@type\":\"WebPage\",\"@id\":\"https:\/\/fundacjajoannyradziwill.pl\/en\/winter-holidays-at-home-in-kamionka\/\",\"url\":\"https:\/\/fundacjajoannyradziwill.pl\/en\/winter-holidays-at-home-in-kamionka\/\",\"name\":\"Winter holidays at home in Kamionka - Fundacja Joanny Radziwi\u0142\u0142\",\"isPartOf\":{\"@id\":\"https:\/\/fundacjajoannyradziwill.pl\/en\/#website\"},\"primaryImageOfPage\":{\"@id\":\"https:\/\/fundacjajoannyradziwill.pl\/en\/winter-holidays-at-home-in-kamionka\/#primaryimage\"},\"image\":{\"@id\":\"https:\/\/fundacjajoannyradziwill.pl\/en\/winter-holidays-at-home-in-kamionka\/#primaryimage\"},\"thumbnailUrl\":\"https:\/\/fundacjajoannyradziwill.pl\/wp-content\/uploads\/2024\/02\/426693057_374962785279562_8436197585153608887_n.jpg\",\"datePublished\":\"2024-02-22T14:34:25+00:00\",\"dateModified\":\"2025-04-29T07:56:56+00:00\",\"inLanguage\":\"en-US\",\"potentialAction\":[{\"@type\":\"ReadAction\",\"target\":[\"https:\/\/fundacjajoannyradziwill.pl\/en\/winter-holidays-at-home-in-kamionka\/\"]}]},{\"@type\":\"ImageObject\",\"inLanguage\":\"en-US\",\"@id\":\"https:\/\/fundacjajoannyradziwill.pl\/en\/winter-holidays-at-home-in-kamionka\/#primaryimage\",\"url\":\"https:\/\/fundacjajoannyradziwill.pl\/wp-content\/uploads\/2024\/02\/426693057_374962785279562_8436197585153608887_n.jpg\",\"contentUrl\":\"https:\/\/fundacjajoannyradziwill.pl\/wp-content\/uploads\/2024\/02\/426693057_374962785279562_8436197585153608887_n.jpg\",\"width\":1600,\"height\":1065},{\"@type\":\"WebSite\",\"@id\":\"https:\/\/fundacjajoannyradziwill.pl\/en\/#website\",\"url\":\"https:\/\/fundacjajoannyradziwill.pl\/en\/\",\"name\":\"Fundacja Joanny Radziwi\u0142\u0142\",\"description\":\"Opieku\u0144cze Skrzyd\u0142a\",\"publisher\":{\"@id\":\"https:\/\/fundacjajoannyradziwill.pl\/en\/#organization\"},\"potentialAction\":[{\"@type\":\"SearchAction\",\"target\":{\"@type\":\"EntryPoint\",\"urlTemplate\":\"https:\/\/fundacjajoannyradziwill.pl\/en\/?s={search_term_string}\"},\"query-input\":{\"@type\":\"PropertyValueSpecification\",\"valueRequired\":true,\"valueName\":\"search_term_string\"}}],\"inLanguage\":\"en-US\"},{\"@type\":\"Organization\",\"@id\":\"https:\/\/fundacjajoannyradziwill.pl\/en\/#organization\",\"name\":\"Fundacja Joanny Radziwi\u0142\u0142\",\"url\":\"https:\/\/fundacjajoannyradziwill.pl\/en\/\",\"logo\":{\"@type\":\"ImageObject\",\"inLanguage\":\"en-US\",\"@id\":\"https:\/\/fundacjajoannyradziwill.pl\/en\/#\/schema\/logo\/image\/\",\"url\":\"https:\/\/fundacjajoannyradziwill.pl\/wp-content\/uploads\/2023\/05\/logo_poziom_czerwony-01-1.svg\",\"contentUrl\":\"https:\/\/fundacjajoannyradziwill.pl\/wp-content\/uploads\/2023\/05\/logo_poziom_czerwony-01-1.svg\",\"width\":473,\"height\":151,\"caption\":\"Fundacja Joanny Radziwi\u0142\u0142\"},\"image\":{\"@id\":\"https:\/\/fundacjajoannyradziwill.pl\/en\/#\/schema\/logo\/image\/\"},\"sameAs\":[\"https:\/\/www.facebook.com\/fundacjaopiekunczeskrzydla\"]},{\"@type\":\"Person\",\"@id\":\"https:\/\/fundacjajoannyradziwill.pl\/en\/#\/schema\/person\/5f12bc9c90a4985b4fa39eb0bd8ce51b\",\"name\":\"Beata Kowalczyk\",\"image\":{\"@type\":\"ImageObject\",\"inLanguage\":\"en-US\",\"@id\":\"https:\/\/fundacjajoannyradziwill.pl\/en\/#\/schema\/person\/image\/\",\"url\":\"https:\/\/secure.gravatar.com\/avatar\/ca10322c1a89a33ad010afe7706ff1256276d73c8ec914b713867cc6862947d2?s=96&d=mm&r=g\",\"contentUrl\":\"https:\/\/secure.gravatar.com\/avatar\/ca10322c1a89a33ad010afe7706ff1256276d73c8ec914b713867cc6862947d2?s=96&d=mm&r=g\",\"caption\":\"Beata Kowalczyk\"},\"url\":\"https:\/\/fundacjajoannyradziwill.pl\/en\/author\/b-kowalczyk\/\"}]}<\/script>\n<!-- \/ Yoast SEO plugin. -->","yoast_head_json":{"title":"Winter holidays at home in Kamionka - Fundacja Joanny Radziwi\u0142\u0142","robots":{"index":"index","follow":"follow","max-snippet":"max-snippet:-1","max-image-preview":"max-image-preview:large","max-video-preview":"max-video-preview:-1"},"canonical":"https:\/\/fundacjajoannyradziwill.pl\/en\/winter-holidays-at-home-in-kamionka\/","og_locale":"en_US","og_type":"article","og_title":"Winter holidays at home in Kamionka - Fundacja Joanny Radziwi\u0142\u0142","og_description":"We recently finished the winter holidays at the House in Kamionka . There was really a lot going on, and we made the most of the winter time! The wheels of our foundation Renault bus were still in motion. \ud83d\udd39 We started the holidays with an active trip to the east of Poland &#8211; to the home of the crane and the pond turtle &#8211; that is, Poleski National Park. \ud83d\udd39 We had the opportunity to meet art in the company of girls from Art History from the John Paul II Catholic University of Lublin. \ud83d\udd39 During the two-day trip, we visited Milanowek and Warsaw. \ud83d\udd39 In the capital, we went to the Invisible Exhibition and the photography exhibition at the National Museum in Warsaw. \ud83d\udd39 We went on a trip to Lublin, to the cinema and to a candy workshop. \ud83d\udd39 Psychological workshops were also held during the holidays. The winter break was full of pleasant moments and adventures. Thanks to the collection, the Foundation&#8217;s account with the title &#8220;holidays&#8221; received a total of 10,000 zloty \u203c, which was fully allocated to the cost of food, transportation and all planned activities during the holidays for the children \u2764. Many, many thanks to all the Donors!","og_url":"https:\/\/fundacjajoannyradziwill.pl\/en\/winter-holidays-at-home-in-kamionka\/","og_site_name":"Fundacja Joanny Radziwi\u0142\u0142","article_publisher":"https:\/\/www.facebook.com\/fundacjaopiekunczeskrzydla","article_published_time":"2024-02-22T14:34:25+00:00","article_modified_time":"2025-04-29T07:56:56+00:00","og_image":[{"width":1600,"height":1065,"url":"https:\/\/fundacjajoannyradziwill.pl\/wp-content\/uploads\/2024\/02\/426693057_374962785279562_8436197585153608887_n.jpg","type":"image\/jpeg"}],"author":"Beata Kowalczyk","twitter_card":"summary_large_image","twitter_misc":{"Written by":"Beata Kowalczyk","Est. reading time":"1 minute"},"schema":{"@context":"https:\/\/schema.org","@graph":[{"@type":"Article","@id":"https:\/\/fundacjajoannyradziwill.pl\/en\/winter-holidays-at-home-in-kamionka\/#article","isPartOf":{"@id":"https:\/\/fundacjajoannyradziwill.pl\/en\/winter-holidays-at-home-in-kamionka\/"},"author":{"name":"Beata Kowalczyk","@id":"https:\/\/fundacjajoannyradziwill.pl\/en\/#\/schema\/person\/5f12bc9c90a4985b4fa39eb0bd8ce51b"},"headline":"Winter holidays at home in Kamionka","datePublished":"2024-02-22T14:34:25+00:00","dateModified":"2025-04-29T07:56:56+00:00","mainEntityOfPage":{"@id":"https:\/\/fundacjajoannyradziwill.pl\/en\/winter-holidays-at-home-in-kamionka\/"},"wordCount":202,"publisher":{"@id":"https:\/\/fundacjajoannyradziwill.pl\/en\/#organization"},"image":{"@id":"https:\/\/fundacjajoannyradziwill.pl\/en\/winter-holidays-at-home-in-kamionka\/#primaryimage"},"thumbnailUrl":"https:\/\/fundacjajoannyradziwill.pl\/wp-content\/uploads\/2024\/02\/426693057_374962785279562_8436197585153608887_n.jpg","keywords":["Children's holidays","Joanna Radziwill Care Wings Foundation"],"articleSection":["News"],"inLanguage":"en-US"},{"@type":"WebPage","@id":"https:\/\/fundacjajoannyradziwill.pl\/en\/winter-holidays-at-home-in-kamionka\/","url":"https:\/\/fundacjajoannyradziwill.pl\/en\/winter-holidays-at-home-in-kamionka\/","name":"Winter holidays at home in Kamionka - Fundacja Joanny Radziwi\u0142\u0142","isPartOf":{"@id":"https:\/\/fundacjajoannyradziwill.pl\/en\/#website"},"primaryImageOfPage":{"@id":"https:\/\/fundacjajoannyradziwill.pl\/en\/winter-holidays-at-home-in-kamionka\/#primaryimage"},"image":{"@id":"https:\/\/fundacjajoannyradziwill.pl\/en\/winter-holidays-at-home-in-kamionka\/#primaryimage"},"thumbnailUrl":"https:\/\/fundacjajoannyradziwill.pl\/wp-content\/uploads\/2024\/02\/426693057_374962785279562_8436197585153608887_n.jpg","datePublished":"2024-02-22T14:34:25+00:00","dateModified":"2025-04-29T07:56:56+00:00","inLanguage":"en-US","potentialAction":[{"@type":"ReadAction","target":["https:\/\/fundacjajoannyradziwill.pl\/en\/winter-holidays-at-home-in-kamionka\/"]}]},{"@type":"ImageObject","inLanguage":"en-US","@id":"https:\/\/fundacjajoannyradziwill.pl\/en\/winter-holidays-at-home-in-kamionka\/#primaryimage","url":"https:\/\/fundacjajoannyradziwill.pl\/wp-content\/uploads\/2024\/02\/426693057_374962785279562_8436197585153608887_n.jpg","contentUrl":"https:\/\/fundacjajoannyradziwill.pl\/wp-content\/uploads\/2024\/02\/426693057_374962785279562_8436197585153608887_n.jpg","width":1600,"height":1065},{"@type":"WebSite","@id":"https:\/\/fundacjajoannyradziwill.pl\/en\/#website","url":"https:\/\/fundacjajoannyradziwill.pl\/en\/","name":"Fundacja Joanny Radziwi\u0142\u0142","description":"Opieku\u0144cze Skrzyd\u0142a","publisher":{"@id":"https:\/\/fundacjajoannyradziwill.pl\/en\/#organization"},"potentialAction":[{"@type":"SearchAction","target":{"@type":"EntryPoint","urlTemplate":"https:\/\/fundacjajoannyradziwill.pl\/en\/?s={search_term_string}"},"query-input":{"@type":"PropertyValueSpecification","valueRequired":true,"valueName":"search_term_string"}}],"inLanguage":"en-US"},{"@type":"Organization","@id":"https:\/\/fundacjajoannyradziwill.pl\/en\/#organization","name":"Fundacja Joanny Radziwi\u0142\u0142","url":"https:\/\/fundacjajoannyradziwill.pl\/en\/","logo":{"@type":"ImageObject","inLanguage":"en-US","@id":"https:\/\/fundacjajoannyradziwill.pl\/en\/#\/schema\/logo\/image\/","url":"https:\/\/fundacjajoannyradziwill.pl\/wp-content\/uploads\/2023\/05\/logo_poziom_czerwony-01-1.svg","contentUrl":"https:\/\/fundacjajoannyradziwill.pl\/wp-content\/uploads\/2023\/05\/logo_poziom_czerwony-01-1.svg","width":473,"height":151,"caption":"Fundacja Joanny Radziwi\u0142\u0142"},"image":{"@id":"https:\/\/fundacjajoannyradziwill.pl\/en\/#\/schema\/logo\/image\/"},"sameAs":["https:\/\/www.facebook.com\/fundacjaopiekunczeskrzydla"]},{"@type":"Person","@id":"https:\/\/fundacjajoannyradziwill.pl\/en\/#\/schema\/person\/5f12bc9c90a4985b4fa39eb0bd8ce51b","name":"Beata Kowalczyk","image":{"@type":"ImageObject","inLanguage":"en-US","@id":"https:\/\/fundacjajoannyradziwill.pl\/en\/#\/schema\/person\/image\/","url":"https:\/\/secure.gravatar.com\/avatar\/ca10322c1a89a33ad010afe7706ff1256276d73c8ec914b713867cc6862947d2?s=96&d=mm&r=g","contentUrl":"https:\/\/secure.gravatar.com\/avatar\/ca10322c1a89a33ad010afe7706ff1256276d73c8ec914b713867cc6862947d2?s=96&d=mm&r=g","caption":"Beata Kowalczyk"},"url":"https:\/\/fundacjajoannyradziwill.pl\/en\/author\/b-kowalczyk\/"}]}},"_links":{"self":[{"href":"https:\/\/fundacjajoannyradziwill.pl\/en\/wp-json\/wp\/v2\/posts\/13533","targetHints":{"allow":["GET"]}}],"collection":[{"href":"https:\/\/fundacjajoannyradziwill.pl\/en\/wp-json\/wp\/v2\/posts"}],"about":[{"href":"https:\/\/fundacjajoannyradziwill.pl\/en\/wp-json\/wp\/v2\/types\/post"}],"author":[{"embeddable":true,"href":"https:\/\/fundacjajoannyradziwill.pl\/en\/wp-json\/wp\/v2\/users\/24784"}],"replies":[{"embeddable":true,"href":"https:\/\/fundacjajoannyradziwill.pl\/en\/wp-json\/wp\/v2\/comments?post=13533"}],"version-history":[{"count":1,"href":"https:\/\/fundacjajoannyradziwill.pl\/en\/wp-json\/wp\/v2\/posts\/13533\/revisions"}],"predecessor-version":[{"id":13534,"href":"https:\/\/fundacjajoannyradziwill.pl\/en\/wp-json\/wp\/v2\/posts\/13533\/revisions\/13534"}],"wp:featuredmedia":[{"embeddable":true,"href":"https:\/\/fundacjajoannyradziwill.pl\/en\/wp-json\/wp\/v2\/media\/13179"}],"wp:attachment":[{"href":"https:\/\/fundacjajoannyradziwill.pl\/en\/wp-json\/wp\/v2\/media?parent=13533"}],"wp:term":[{"taxonomy":"category","embeddable":true,"href":"https:\/\/fundacjajoannyradziwill.pl\/en\/wp-json\/wp\/v2\/categories?post=13533"},{"taxonomy":"post_tag","embeddable":true,"href":"https:\/\/fundacjajoannyradziwill.pl\/en\/wp-json\/wp\/v2\/tags?post=13533"}],"curies":[{"name":"wp","href":"https:\/\/api.w.org\/{rel}","templated":true}]}}