{"id":13543,"date":"2024-01-18T15:46:00","date_gmt":"2024-01-18T14:46:00","guid":{"rendered":"https:\/\/fundacjajoannyradziwill.pl\/urgent-we-are-collecting-for-winter-holidays-for-14-children-from-kamionka-lublin-province-%e2%9d%84\/"},"modified":"2025-04-29T09:58:12","modified_gmt":"2025-04-29T07:58:12","slug":"urgent-we-are-collecting-for-winter-holidays-for-14-children-from-kamionka-lublin-province-%e2%9d%84","status":"publish","type":"post","link":"https:\/\/fundacjajoannyradziwill.pl\/en\/urgent-we-are-collecting-for-winter-holidays-for-14-children-from-kamionka-lublin-province-%e2%9d%84\/","title":{"rendered":"Urgent: We are collecting for winter holidays for 14 children from Kamionka, Lublin Province \u2744."},"content":{"rendered":"\n<p>We would like to invite you to support the collection for the organization of winter holidays for children in Kamionka, on: <strong>29.01-9.02.2024.<\/strong> This is the time we would like to fill them with joy, education and adventures, but we need your help.<\/p>\n\n<p>We are urgently seeking an amount, in the amount of  <strong><span style=\"text-decoration: underline;\">3 thousand. PLN<\/span><\/strong>  , to make winter holidays for the wards of 14 children possible!<\/p>\n\n<p>__________<\/p>\n\n<p>Holiday schedule:<\/p>\n\n<p>&#8211; Departure to Polesie National Park: Walking along the Czachary path, touring the park, campfire.<\/p>\n\n<p>&#8211; A screening at the cinema &#8211; &#8220;Wonka&#8221; + a visit to a wonderful chocolate pump room.<\/p>\n\n<p>&#8211; Children&#8217;s trip to branches in Milanowek and Warsaw, visiting the National Museum and visiting the Invisible Exhibition.<\/p>\n\n<p>&#8211; ICEMANIA Lublin: Activity on the ice and a pizza outing.<\/p>\n\n<p>&#8211; ESCAPE ROOM, playing together and developing logical thinking skills.<\/p>\n\n<p>&#8211; Home Workshop: bonfire, contests.<\/p>\n\n<p>&#8211; Optional: Lublin swimming pool, Sweet Factory, clay workshops, ceramics, clay inflatables, bokashi ball making.<\/p>\n\n<p>\ud83d\ude97 In addition to the cost of tickets and outings, we also have to cover transportation costs.<\/p>\n\n<p>______<\/p>\n\n<p>Thank you for every donation, every shared post and like \ud83d\ude4f. Together we can make the winter full of warmth and joy! \ud83c\udf1f<\/p>\n\n<p>\ud83e\udd1d How can you help?<\/p>\n\n<p>\ud83c\udf10 Contribute any amount for the holidays on the Facebook fundraiser: <strong><span style=\"text-decoration: underline;\"><a href=\"https:\/\/www.facebook.com\/donate\/1464049644175004\/361499513292556\/\" target=\"_blank\" rel=\"noreferrer noopener\">https:\/\/www.facebook.com\/donate\/1464049644175004\/361499513292556\/ <\/a><\/span><\/strong> <\/p>\n\n<p>Contributions can also be made with the note &#8220;Kamionka holidays&#8221; here: <a href=\"https:\/\/fundacjajoannyradziwill.pl\/financial-support\/?lang=en&#038;fbclid=IwAR0A3MgfAf58ISIU9yor8D2_v8TJBzcHrVSdOP1D-RI_eWQTDg5S1HqnlJc\" rel=\"noreferrer noopener\" target=\"_blank\">https:\/\/fundacjajoannyradziwill.pl\/wsparcie-finansowe\/<\/a><\/p>\n\n<p>\ud83d\udd04 Share: Share the collection on your profile so we can reach as many people as possible.<\/p>\n\n<p>\ud83d\udc8c Encourage friends and family to participate in the collection<\/p>\n\n<p>________<\/p>\n\n<p>All of the funds will be donated to 14 wards of the children, from a home in Kamionka, Lublin Province. <\/p>\n\n<p>THANK YOU \u2764.<\/p>\n","protected":false},"excerpt":{"rendered":"<p>We would like to invite you to support the collection for the organization of winter holidays for children in Kamionka, on: 29.01-9.02.2024. This is the time we would like to fill them with joy, education and adventures, but we need your help. We are urgently seeking an amount, in the amount of 3 thousand. PLN , to make winter holidays for the wards of 14 children possible! __________ Holiday schedule: &#8211; Departure to Polesie National Park: Walking along the Czachary path, touring the park, campfire. &#8211; A screening at the cinema &#8211; &#8220;Wonka&#8221; + a visit to a wonderful chocolate pump room. &#8211; Children&#8217;s trip to branches in Milanowek and Warsaw, visiting the National Museum and visiting the Invisible Exhibition. &#8211; ICEMANIA Lublin: Activity on the ice and a pizza outing. &#8211; ESCAPE ROOM, playing together and developing logical thinking skills. &#8211; Home Workshop: bonfire, contests. &#8211; Optional: Lublin swimming pool, Sweet Factory, clay workshops, ceramics, clay inflatables, bokashi ball making. \ud83d\ude97 In addition to the cost of tickets and outings, we also have to cover transportation costs. ______ Thank you for every donation, every shared post and like \ud83d\ude4f. Together we can make the winter full of warmth and joy! \ud83c\udf1f \ud83e\udd1d How can you help? \ud83c\udf10 Contribute any amount for the holidays on the Facebook fundraiser: https:\/\/www.facebook.com\/donate\/1464049644175004\/361499513292556\/ Contributions can also be made with the note &#8220;Kamionka holidays&#8221; here: https:\/\/fundacjajoannyradziwill.pl\/wsparcie-finansowe\/ \ud83d\udd04 Share: Share the collection on your profile so we can reach as many people as possible. \ud83d\udc8c Encourage friends and family to participate in the collection ________ All of the funds will be donated to 14 wards of the children, from a home in Kamionka, Lublin Province. THANK YOU \u2764.<\/p>\n","protected":false},"author":24784,"featured_media":13159,"comment_status":"closed","ping_status":"closed","sticky":false,"template":"","format":"standard","meta":{"_acf_changed":false,"inline_featured_image":false,"_monsterinsights_skip_tracking":false,"_monsterinsights_sitenote_active":false,"_monsterinsights_sitenote_note":"","_monsterinsights_sitenote_category":0,"ocean_post_layout":"","ocean_both_sidebars_style":"","ocean_both_sidebars_content_width":0,"ocean_both_sidebars_sidebars_width":0,"ocean_sidebar":"","ocean_second_sidebar":"","ocean_disable_margins":"enable","ocean_add_body_class":"","ocean_shortcode_before_top_bar":"","ocean_shortcode_after_top_bar":"","ocean_shortcode_before_header":"","ocean_shortcode_after_header":"","ocean_has_shortcode":"","ocean_shortcode_after_title":"","ocean_shortcode_before_footer_widgets":"","ocean_shortcode_after_footer_widgets":"","ocean_shortcode_before_footer_bottom":"","ocean_shortcode_after_footer_bottom":"","ocean_display_top_bar":"default","ocean_display_header":"default","ocean_header_style":"","ocean_center_header_left_menu":"","ocean_custom_header_template":"","ocean_custom_logo":0,"ocean_custom_retina_logo":0,"ocean_custom_logo_max_width":0,"ocean_custom_logo_tablet_max_width":0,"ocean_custom_logo_mobile_max_width":0,"ocean_custom_logo_max_height":0,"ocean_custom_logo_tablet_max_height":0,"ocean_custom_logo_mobile_max_height":0,"ocean_header_custom_menu":"","ocean_menu_typo_font_family":"","ocean_menu_typo_font_subset":"","ocean_menu_typo_font_size":0,"ocean_menu_typo_font_size_tablet":0,"ocean_menu_typo_font_size_mobile":0,"ocean_menu_typo_font_size_unit":"px","ocean_menu_typo_font_weight":"","ocean_menu_typo_font_weight_tablet":"","ocean_menu_typo_font_weight_mobile":"","ocean_menu_typo_transform":"","ocean_menu_typo_transform_tablet":"","ocean_menu_typo_transform_mobile":"","ocean_menu_typo_line_height":0,"ocean_menu_typo_line_height_tablet":0,"ocean_menu_typo_line_height_mobile":0,"ocean_menu_typo_line_height_unit":"","ocean_menu_typo_spacing":0,"ocean_menu_typo_spacing_tablet":0,"ocean_menu_typo_spacing_mobile":0,"ocean_menu_typo_spacing_unit":"","ocean_menu_link_color":"","ocean_menu_link_color_hover":"","ocean_menu_link_color_active":"","ocean_menu_link_background":"","ocean_menu_link_hover_background":"","ocean_menu_link_active_background":"","ocean_menu_social_links_bg":"","ocean_menu_social_hover_links_bg":"","ocean_menu_social_links_color":"","ocean_menu_social_hover_links_color":"","ocean_disable_title":"default","ocean_disable_heading":"default","ocean_post_title":"","ocean_post_subheading":"","ocean_post_title_style":"","ocean_post_title_background_color":"","ocean_post_title_background":0,"ocean_post_title_bg_image_position":"","ocean_post_title_bg_image_attachment":"","ocean_post_title_bg_image_repeat":"","ocean_post_title_bg_image_size":"","ocean_post_title_height":0,"ocean_post_title_bg_overlay":0.5,"ocean_post_title_bg_overlay_color":"","ocean_disable_breadcrumbs":"default","ocean_breadcrumbs_color":"","ocean_breadcrumbs_separator_color":"","ocean_breadcrumbs_links_color":"","ocean_breadcrumbs_links_hover_color":"","ocean_display_footer_widgets":"default","ocean_display_footer_bottom":"default","ocean_custom_footer_template":"","ocean_post_oembed":"","ocean_post_self_hosted_media":"","ocean_post_video_embed":"","ocean_link_format":"","ocean_link_format_target":"self","ocean_quote_format":"","ocean_quote_format_link":"post","ocean_gallery_link_images":"on","ocean_gallery_id":[],"footnotes":"","_links_to":"","_links_to_target":""},"categories":[290],"tags":[326,291,327],"class_list":["post-13543","post","type-post","status-publish","format-standard","has-post-thumbnail","hentry","category-news-en","tag-help-children-for-christmas","tag-joanna-radziwill-care-wings-foundation","tag-winter-holidays","entry","has-media"],"acf":[],"yoast_head":"<!-- This site is optimized with the Yoast SEO plugin v26.3 - https:\/\/yoast.com\/wordpress\/plugins\/seo\/ -->\n<title>Urgent: We are collecting for winter holidays for 14 children from Kamionka, Lublin Province \u2744. - Fundacja Joanny Radziwi\u0142\u0142<\/title>\n<meta name=\"robots\" content=\"index, follow, max-snippet:-1, max-image-preview:large, max-video-preview:-1\" \/>\n<link rel=\"canonical\" href=\"https:\/\/fundacjajoannyradziwill.pl\/en\/urgent-we-are-collecting-for-winter-holidays-for-14-children-from-kamionka-lublin-province-%e2%9d%84\/\" \/>\n<meta property=\"og:locale\" content=\"en_US\" \/>\n<meta property=\"og:type\" content=\"article\" \/>\n<meta property=\"og:title\" content=\"Urgent: We are collecting for winter holidays for 14 children from Kamionka, Lublin Province \u2744. - Fundacja Joanny Radziwi\u0142\u0142\" \/>\n<meta property=\"og:description\" content=\"We would like to invite you to support the collection for the organization of winter holidays for children in Kamionka, on: 29.01-9.02.2024. This is the time we would like to fill them with joy, education and adventures, but we need your help. We are urgently seeking an amount, in the amount of 3 thousand. PLN , to make winter holidays for the wards of 14 children possible! __________ Holiday schedule: &#8211; Departure to Polesie National Park: Walking along the Czachary path, touring the park, campfire. &#8211; A screening at the cinema &#8211; &#8220;Wonka&#8221; + a visit to a wonderful chocolate pump room. &#8211; Children&#8217;s trip to branches in Milanowek and Warsaw, visiting the National Museum and visiting the Invisible Exhibition. &#8211; ICEMANIA Lublin: Activity on the ice and a pizza outing. &#8211; ESCAPE ROOM, playing together and developing logical thinking skills. &#8211; Home Workshop: bonfire, contests. &#8211; Optional: Lublin swimming pool, Sweet Factory, clay workshops, ceramics, clay inflatables, bokashi ball making. \ud83d\ude97 In addition to the cost of tickets and outings, we also have to cover transportation costs. ______ Thank you for every donation, every shared post and like \ud83d\ude4f. Together we can make the winter full of warmth and joy! \ud83c\udf1f \ud83e\udd1d How can you help? \ud83c\udf10 Contribute any amount for the holidays on the Facebook fundraiser: https:\/\/www.facebook.com\/donate\/1464049644175004\/361499513292556\/ Contributions can also be made with the note &#8220;Kamionka holidays&#8221; here: https:\/\/fundacjajoannyradziwill.pl\/wsparcie-finansowe\/ \ud83d\udd04 Share: Share the collection on your profile so we can reach as many people as possible. \ud83d\udc8c Encourage friends and family to participate in the collection ________ All of the funds will be donated to 14 wards of the children, from a home in Kamionka, Lublin Province. THANK YOU \u2764.\" \/>\n<meta property=\"og:url\" content=\"https:\/\/fundacjajoannyradziwill.pl\/en\/urgent-we-are-collecting-for-winter-holidays-for-14-children-from-kamionka-lublin-province-%e2%9d%84\/\" \/>\n<meta property=\"og:site_name\" content=\"Fundacja Joanny Radziwi\u0142\u0142\" \/>\n<meta property=\"article:publisher\" content=\"https:\/\/www.facebook.com\/fundacjaopiekunczeskrzydla\" \/>\n<meta property=\"article:published_time\" content=\"2024-01-18T14:46:00+00:00\" \/>\n<meta property=\"article:modified_time\" content=\"2025-04-29T07:58:12+00:00\" \/>\n<meta property=\"og:image\" content=\"https:\/\/fundacjajoannyradziwill.pl\/wp-content\/uploads\/2024\/01\/zbiorka-ferie.png\" \/>\n\t<meta property=\"og:image:width\" content=\"1551\" \/>\n\t<meta property=\"og:image:height\" content=\"740\" \/>\n\t<meta property=\"og:image:type\" content=\"image\/png\" \/>\n<meta name=\"author\" content=\"Beata Kowalczyk\" \/>\n<meta name=\"twitter:card\" content=\"summary_large_image\" \/>\n<meta name=\"twitter:label1\" content=\"Written by\" \/>\n\t<meta name=\"twitter:data1\" content=\"Beata Kowalczyk\" \/>\n\t<meta name=\"twitter:label2\" content=\"Est. reading time\" \/>\n\t<meta name=\"twitter:data2\" content=\"1 minute\" \/>\n<script type=\"application\/ld+json\" class=\"yoast-schema-graph\">{\"@context\":\"https:\/\/schema.org\",\"@graph\":[{\"@type\":\"Article\",\"@id\":\"https:\/\/fundacjajoannyradziwill.pl\/en\/urgent-we-are-collecting-for-winter-holidays-for-14-children-from-kamionka-lublin-province-%e2%9d%84\/#article\",\"isPartOf\":{\"@id\":\"https:\/\/fundacjajoannyradziwill.pl\/en\/urgent-we-are-collecting-for-winter-holidays-for-14-children-from-kamionka-lublin-province-%e2%9d%84\/\"},\"author\":{\"name\":\"Beata Kowalczyk\",\"@id\":\"https:\/\/fundacjajoannyradziwill.pl\/en\/#\/schema\/person\/5f12bc9c90a4985b4fa39eb0bd8ce51b\"},\"headline\":\"Urgent: We are collecting for winter holidays for 14 children from Kamionka, Lublin Province \u2744.\",\"datePublished\":\"2024-01-18T14:46:00+00:00\",\"dateModified\":\"2025-04-29T07:58:12+00:00\",\"mainEntityOfPage\":{\"@id\":\"https:\/\/fundacjajoannyradziwill.pl\/en\/urgent-we-are-collecting-for-winter-holidays-for-14-children-from-kamionka-lublin-province-%e2%9d%84\/\"},\"wordCount\":286,\"publisher\":{\"@id\":\"https:\/\/fundacjajoannyradziwill.pl\/en\/#organization\"},\"image\":{\"@id\":\"https:\/\/fundacjajoannyradziwill.pl\/en\/urgent-we-are-collecting-for-winter-holidays-for-14-children-from-kamionka-lublin-province-%e2%9d%84\/#primaryimage\"},\"thumbnailUrl\":\"https:\/\/fundacjajoannyradziwill.pl\/wp-content\/uploads\/2024\/01\/zbiorka-ferie.png\",\"keywords\":[\"Help children for Christmas\",\"Joanna Radziwill Care Wings Foundation\",\"Winter holidays\"],\"articleSection\":[\"News\"],\"inLanguage\":\"en-US\"},{\"@type\":\"WebPage\",\"@id\":\"https:\/\/fundacjajoannyradziwill.pl\/en\/urgent-we-are-collecting-for-winter-holidays-for-14-children-from-kamionka-lublin-province-%e2%9d%84\/\",\"url\":\"https:\/\/fundacjajoannyradziwill.pl\/en\/urgent-we-are-collecting-for-winter-holidays-for-14-children-from-kamionka-lublin-province-%e2%9d%84\/\",\"name\":\"Urgent: We are collecting for winter holidays for 14 children from Kamionka, Lublin Province \u2744. - Fundacja Joanny Radziwi\u0142\u0142\",\"isPartOf\":{\"@id\":\"https:\/\/fundacjajoannyradziwill.pl\/en\/#website\"},\"primaryImageOfPage\":{\"@id\":\"https:\/\/fundacjajoannyradziwill.pl\/en\/urgent-we-are-collecting-for-winter-holidays-for-14-children-from-kamionka-lublin-province-%e2%9d%84\/#primaryimage\"},\"image\":{\"@id\":\"https:\/\/fundacjajoannyradziwill.pl\/en\/urgent-we-are-collecting-for-winter-holidays-for-14-children-from-kamionka-lublin-province-%e2%9d%84\/#primaryimage\"},\"thumbnailUrl\":\"https:\/\/fundacjajoannyradziwill.pl\/wp-content\/uploads\/2024\/01\/zbiorka-ferie.png\",\"datePublished\":\"2024-01-18T14:46:00+00:00\",\"dateModified\":\"2025-04-29T07:58:12+00:00\",\"inLanguage\":\"en-US\",\"potentialAction\":[{\"@type\":\"ReadAction\",\"target\":[\"https:\/\/fundacjajoannyradziwill.pl\/en\/urgent-we-are-collecting-for-winter-holidays-for-14-children-from-kamionka-lublin-province-%e2%9d%84\/\"]}]},{\"@type\":\"ImageObject\",\"inLanguage\":\"en-US\",\"@id\":\"https:\/\/fundacjajoannyradziwill.pl\/en\/urgent-we-are-collecting-for-winter-holidays-for-14-children-from-kamionka-lublin-province-%e2%9d%84\/#primaryimage\",\"url\":\"https:\/\/fundacjajoannyradziwill.pl\/wp-content\/uploads\/2024\/01\/zbiorka-ferie.png\",\"contentUrl\":\"https:\/\/fundacjajoannyradziwill.pl\/wp-content\/uploads\/2024\/01\/zbiorka-ferie.png\",\"width\":1551,\"height\":740},{\"@type\":\"WebSite\",\"@id\":\"https:\/\/fundacjajoannyradziwill.pl\/en\/#website\",\"url\":\"https:\/\/fundacjajoannyradziwill.pl\/en\/\",\"name\":\"Fundacja Joanny Radziwi\u0142\u0142\",\"description\":\"Opieku\u0144cze Skrzyd\u0142a\",\"publisher\":{\"@id\":\"https:\/\/fundacjajoannyradziwill.pl\/en\/#organization\"},\"potentialAction\":[{\"@type\":\"SearchAction\",\"target\":{\"@type\":\"EntryPoint\",\"urlTemplate\":\"https:\/\/fundacjajoannyradziwill.pl\/en\/?s={search_term_string}\"},\"query-input\":{\"@type\":\"PropertyValueSpecification\",\"valueRequired\":true,\"valueName\":\"search_term_string\"}}],\"inLanguage\":\"en-US\"},{\"@type\":\"Organization\",\"@id\":\"https:\/\/fundacjajoannyradziwill.pl\/en\/#organization\",\"name\":\"Fundacja Joanny Radziwi\u0142\u0142\",\"url\":\"https:\/\/fundacjajoannyradziwill.pl\/en\/\",\"logo\":{\"@type\":\"ImageObject\",\"inLanguage\":\"en-US\",\"@id\":\"https:\/\/fundacjajoannyradziwill.pl\/en\/#\/schema\/logo\/image\/\",\"url\":\"https:\/\/fundacjajoannyradziwill.pl\/wp-content\/uploads\/2023\/05\/logo_poziom_czerwony-01-1.svg\",\"contentUrl\":\"https:\/\/fundacjajoannyradziwill.pl\/wp-content\/uploads\/2023\/05\/logo_poziom_czerwony-01-1.svg\",\"width\":473,\"height\":151,\"caption\":\"Fundacja Joanny Radziwi\u0142\u0142\"},\"image\":{\"@id\":\"https:\/\/fundacjajoannyradziwill.pl\/en\/#\/schema\/logo\/image\/\"},\"sameAs\":[\"https:\/\/www.facebook.com\/fundacjaopiekunczeskrzydla\"]},{\"@type\":\"Person\",\"@id\":\"https:\/\/fundacjajoannyradziwill.pl\/en\/#\/schema\/person\/5f12bc9c90a4985b4fa39eb0bd8ce51b\",\"name\":\"Beata Kowalczyk\",\"image\":{\"@type\":\"ImageObject\",\"inLanguage\":\"en-US\",\"@id\":\"https:\/\/fundacjajoannyradziwill.pl\/en\/#\/schema\/person\/image\/\",\"url\":\"https:\/\/secure.gravatar.com\/avatar\/ca10322c1a89a33ad010afe7706ff1256276d73c8ec914b713867cc6862947d2?s=96&d=mm&r=g\",\"contentUrl\":\"https:\/\/secure.gravatar.com\/avatar\/ca10322c1a89a33ad010afe7706ff1256276d73c8ec914b713867cc6862947d2?s=96&d=mm&r=g\",\"caption\":\"Beata Kowalczyk\"},\"url\":\"https:\/\/fundacjajoannyradziwill.pl\/en\/author\/b-kowalczyk\/\"}]}<\/script>\n<!-- \/ Yoast SEO plugin. -->","yoast_head_json":{"title":"Urgent: We are collecting for winter holidays for 14 children from Kamionka, Lublin Province \u2744. - Fundacja Joanny Radziwi\u0142\u0142","robots":{"index":"index","follow":"follow","max-snippet":"max-snippet:-1","max-image-preview":"max-image-preview:large","max-video-preview":"max-video-preview:-1"},"canonical":"https:\/\/fundacjajoannyradziwill.pl\/en\/urgent-we-are-collecting-for-winter-holidays-for-14-children-from-kamionka-lublin-province-%e2%9d%84\/","og_locale":"en_US","og_type":"article","og_title":"Urgent: We are collecting for winter holidays for 14 children from Kamionka, Lublin Province \u2744. - Fundacja Joanny Radziwi\u0142\u0142","og_description":"We would like to invite you to support the collection for the organization of winter holidays for children in Kamionka, on: 29.01-9.02.2024. This is the time we would like to fill them with joy, education and adventures, but we need your help. We are urgently seeking an amount, in the amount of 3 thousand. PLN , to make winter holidays for the wards of 14 children possible! __________ Holiday schedule: &#8211; Departure to Polesie National Park: Walking along the Czachary path, touring the park, campfire. &#8211; A screening at the cinema &#8211; &#8220;Wonka&#8221; + a visit to a wonderful chocolate pump room. &#8211; Children&#8217;s trip to branches in Milanowek and Warsaw, visiting the National Museum and visiting the Invisible Exhibition. &#8211; ICEMANIA Lublin: Activity on the ice and a pizza outing. &#8211; ESCAPE ROOM, playing together and developing logical thinking skills. &#8211; Home Workshop: bonfire, contests. &#8211; Optional: Lublin swimming pool, Sweet Factory, clay workshops, ceramics, clay inflatables, bokashi ball making. \ud83d\ude97 In addition to the cost of tickets and outings, we also have to cover transportation costs. ______ Thank you for every donation, every shared post and like \ud83d\ude4f. Together we can make the winter full of warmth and joy! \ud83c\udf1f \ud83e\udd1d How can you help? \ud83c\udf10 Contribute any amount for the holidays on the Facebook fundraiser: https:\/\/www.facebook.com\/donate\/1464049644175004\/361499513292556\/ Contributions can also be made with the note &#8220;Kamionka holidays&#8221; here: https:\/\/fundacjajoannyradziwill.pl\/wsparcie-finansowe\/ \ud83d\udd04 Share: Share the collection on your profile so we can reach as many people as possible. \ud83d\udc8c Encourage friends and family to participate in the collection ________ All of the funds will be donated to 14 wards of the children, from a home in Kamionka, Lublin Province. THANK YOU \u2764.","og_url":"https:\/\/fundacjajoannyradziwill.pl\/en\/urgent-we-are-collecting-for-winter-holidays-for-14-children-from-kamionka-lublin-province-%e2%9d%84\/","og_site_name":"Fundacja Joanny Radziwi\u0142\u0142","article_publisher":"https:\/\/www.facebook.com\/fundacjaopiekunczeskrzydla","article_published_time":"2024-01-18T14:46:00+00:00","article_modified_time":"2025-04-29T07:58:12+00:00","og_image":[{"width":1551,"height":740,"url":"https:\/\/fundacjajoannyradziwill.pl\/wp-content\/uploads\/2024\/01\/zbiorka-ferie.png","type":"image\/png"}],"author":"Beata Kowalczyk","twitter_card":"summary_large_image","twitter_misc":{"Written by":"Beata Kowalczyk","Est. reading time":"1 minute"},"schema":{"@context":"https:\/\/schema.org","@graph":[{"@type":"Article","@id":"https:\/\/fundacjajoannyradziwill.pl\/en\/urgent-we-are-collecting-for-winter-holidays-for-14-children-from-kamionka-lublin-province-%e2%9d%84\/#article","isPartOf":{"@id":"https:\/\/fundacjajoannyradziwill.pl\/en\/urgent-we-are-collecting-for-winter-holidays-for-14-children-from-kamionka-lublin-province-%e2%9d%84\/"},"author":{"name":"Beata Kowalczyk","@id":"https:\/\/fundacjajoannyradziwill.pl\/en\/#\/schema\/person\/5f12bc9c90a4985b4fa39eb0bd8ce51b"},"headline":"Urgent: We are collecting for winter holidays for 14 children from Kamionka, Lublin Province \u2744.","datePublished":"2024-01-18T14:46:00+00:00","dateModified":"2025-04-29T07:58:12+00:00","mainEntityOfPage":{"@id":"https:\/\/fundacjajoannyradziwill.pl\/en\/urgent-we-are-collecting-for-winter-holidays-for-14-children-from-kamionka-lublin-province-%e2%9d%84\/"},"wordCount":286,"publisher":{"@id":"https:\/\/fundacjajoannyradziwill.pl\/en\/#organization"},"image":{"@id":"https:\/\/fundacjajoannyradziwill.pl\/en\/urgent-we-are-collecting-for-winter-holidays-for-14-children-from-kamionka-lublin-province-%e2%9d%84\/#primaryimage"},"thumbnailUrl":"https:\/\/fundacjajoannyradziwill.pl\/wp-content\/uploads\/2024\/01\/zbiorka-ferie.png","keywords":["Help children for Christmas","Joanna Radziwill Care Wings Foundation","Winter holidays"],"articleSection":["News"],"inLanguage":"en-US"},{"@type":"WebPage","@id":"https:\/\/fundacjajoannyradziwill.pl\/en\/urgent-we-are-collecting-for-winter-holidays-for-14-children-from-kamionka-lublin-province-%e2%9d%84\/","url":"https:\/\/fundacjajoannyradziwill.pl\/en\/urgent-we-are-collecting-for-winter-holidays-for-14-children-from-kamionka-lublin-province-%e2%9d%84\/","name":"Urgent: We are collecting for winter holidays for 14 children from Kamionka, Lublin Province \u2744. - Fundacja Joanny Radziwi\u0142\u0142","isPartOf":{"@id":"https:\/\/fundacjajoannyradziwill.pl\/en\/#website"},"primaryImageOfPage":{"@id":"https:\/\/fundacjajoannyradziwill.pl\/en\/urgent-we-are-collecting-for-winter-holidays-for-14-children-from-kamionka-lublin-province-%e2%9d%84\/#primaryimage"},"image":{"@id":"https:\/\/fundacjajoannyradziwill.pl\/en\/urgent-we-are-collecting-for-winter-holidays-for-14-children-from-kamionka-lublin-province-%e2%9d%84\/#primaryimage"},"thumbnailUrl":"https:\/\/fundacjajoannyradziwill.pl\/wp-content\/uploads\/2024\/01\/zbiorka-ferie.png","datePublished":"2024-01-18T14:46:00+00:00","dateModified":"2025-04-29T07:58:12+00:00","inLanguage":"en-US","potentialAction":[{"@type":"ReadAction","target":["https:\/\/fundacjajoannyradziwill.pl\/en\/urgent-we-are-collecting-for-winter-holidays-for-14-children-from-kamionka-lublin-province-%e2%9d%84\/"]}]},{"@type":"ImageObject","inLanguage":"en-US","@id":"https:\/\/fundacjajoannyradziwill.pl\/en\/urgent-we-are-collecting-for-winter-holidays-for-14-children-from-kamionka-lublin-province-%e2%9d%84\/#primaryimage","url":"https:\/\/fundacjajoannyradziwill.pl\/wp-content\/uploads\/2024\/01\/zbiorka-ferie.png","contentUrl":"https:\/\/fundacjajoannyradziwill.pl\/wp-content\/uploads\/2024\/01\/zbiorka-ferie.png","width":1551,"height":740},{"@type":"WebSite","@id":"https:\/\/fundacjajoannyradziwill.pl\/en\/#website","url":"https:\/\/fundacjajoannyradziwill.pl\/en\/","name":"Fundacja Joanny Radziwi\u0142\u0142","description":"Opieku\u0144cze Skrzyd\u0142a","publisher":{"@id":"https:\/\/fundacjajoannyradziwill.pl\/en\/#organization"},"potentialAction":[{"@type":"SearchAction","target":{"@type":"EntryPoint","urlTemplate":"https:\/\/fundacjajoannyradziwill.pl\/en\/?s={search_term_string}"},"query-input":{"@type":"PropertyValueSpecification","valueRequired":true,"valueName":"search_term_string"}}],"inLanguage":"en-US"},{"@type":"Organization","@id":"https:\/\/fundacjajoannyradziwill.pl\/en\/#organization","name":"Fundacja Joanny Radziwi\u0142\u0142","url":"https:\/\/fundacjajoannyradziwill.pl\/en\/","logo":{"@type":"ImageObject","inLanguage":"en-US","@id":"https:\/\/fundacjajoannyradziwill.pl\/en\/#\/schema\/logo\/image\/","url":"https:\/\/fundacjajoannyradziwill.pl\/wp-content\/uploads\/2023\/05\/logo_poziom_czerwony-01-1.svg","contentUrl":"https:\/\/fundacjajoannyradziwill.pl\/wp-content\/uploads\/2023\/05\/logo_poziom_czerwony-01-1.svg","width":473,"height":151,"caption":"Fundacja Joanny Radziwi\u0142\u0142"},"image":{"@id":"https:\/\/fundacjajoannyradziwill.pl\/en\/#\/schema\/logo\/image\/"},"sameAs":["https:\/\/www.facebook.com\/fundacjaopiekunczeskrzydla"]},{"@type":"Person","@id":"https:\/\/fundacjajoannyradziwill.pl\/en\/#\/schema\/person\/5f12bc9c90a4985b4fa39eb0bd8ce51b","name":"Beata Kowalczyk","image":{"@type":"ImageObject","inLanguage":"en-US","@id":"https:\/\/fundacjajoannyradziwill.pl\/en\/#\/schema\/person\/image\/","url":"https:\/\/secure.gravatar.com\/avatar\/ca10322c1a89a33ad010afe7706ff1256276d73c8ec914b713867cc6862947d2?s=96&d=mm&r=g","contentUrl":"https:\/\/secure.gravatar.com\/avatar\/ca10322c1a89a33ad010afe7706ff1256276d73c8ec914b713867cc6862947d2?s=96&d=mm&r=g","caption":"Beata Kowalczyk"},"url":"https:\/\/fundacjajoannyradziwill.pl\/en\/author\/b-kowalczyk\/"}]}},"_links":{"self":[{"href":"https:\/\/fundacjajoannyradziwill.pl\/en\/wp-json\/wp\/v2\/posts\/13543","targetHints":{"allow":["GET"]}}],"collection":[{"href":"https:\/\/fundacjajoannyradziwill.pl\/en\/wp-json\/wp\/v2\/posts"}],"about":[{"href":"https:\/\/fundacjajoannyradziwill.pl\/en\/wp-json\/wp\/v2\/types\/post"}],"author":[{"embeddable":true,"href":"https:\/\/fundacjajoannyradziwill.pl\/en\/wp-json\/wp\/v2\/users\/24784"}],"replies":[{"embeddable":true,"href":"https:\/\/fundacjajoannyradziwill.pl\/en\/wp-json\/wp\/v2\/comments?post=13543"}],"version-history":[{"count":1,"href":"https:\/\/fundacjajoannyradziwill.pl\/en\/wp-json\/wp\/v2\/posts\/13543\/revisions"}],"predecessor-version":[{"id":13544,"href":"https:\/\/fundacjajoannyradziwill.pl\/en\/wp-json\/wp\/v2\/posts\/13543\/revisions\/13544"}],"wp:featuredmedia":[{"embeddable":true,"href":"https:\/\/fundacjajoannyradziwill.pl\/en\/wp-json\/wp\/v2\/media\/13159"}],"wp:attachment":[{"href":"https:\/\/fundacjajoannyradziwill.pl\/en\/wp-json\/wp\/v2\/media?parent=13543"}],"wp:term":[{"taxonomy":"category","embeddable":true,"href":"https:\/\/fundacjajoannyradziwill.pl\/en\/wp-json\/wp\/v2\/categories?post=13543"},{"taxonomy":"post_tag","embeddable":true,"href":"https:\/\/fundacjajoannyradziwill.pl\/en\/wp-json\/wp\/v2\/tags?post=13543"}],"curies":[{"name":"wp","href":"https:\/\/api.w.org\/{rel}","templated":true}]}}