{"id":13553,"date":"2023-12-18T10:04:54","date_gmt":"2023-12-18T09:04:54","guid":{"rendered":"https:\/\/fundacjajoannyradziwill.pl\/meeting-with-the-mayor-at-the-house-on-omulewska-street\/"},"modified":"2025-04-29T09:59:41","modified_gmt":"2025-04-29T07:59:41","slug":"meeting-with-the-mayor-at-the-house-on-omulewska-street","status":"publish","type":"post","link":"https:\/\/fundacjajoannyradziwill.pl\/en\/meeting-with-the-mayor-at-the-house-on-omulewska-street\/","title":{"rendered":"Meeting with the Mayor at the House on Omulewska Street"},"content":{"rendered":"\n<p><br\/>This past week we had the honor of hosting Mr.  <strong>Tomasz Kucharski, Mayor of the Praga-Po\u0142udnie District of the City of Warsaw.   <\/strong>at the foundation house at <strong>Omulewska 19<\/strong>. This meeting made our house filled with an aura of Christmas magic and mutual kindness. <\/p>\n\n<p>Together with the Mayor, we attended a joint dinner, during which we shared joys and stories.  <\/p>\n\n<blockquote class=\"wp-block-quote is-layout-flow wp-block-quote-is-layout-flow\">\n<p>&#8220;It is at Omulevskaya that you will find a house full of care, goodness, support and respect for others.&#8221;<\/p>\n<cite>Mayor of the Praga-Po\u0142udnie District Mr. Tomasz Kucharski<\/cite><\/blockquote>\n\n<p>And there are three special Christmas Eves ahead of us, which we will celebrate in foundation homes. We believe that these holidays will bring much joy, love and mutual understanding. <\/p>\n\n<p><strong>Thank you<\/strong> again to the Mayor for the unforgettable moments spent together and giving the wards a nice gift, a teddy bear \ud83e\uddf8  <br\/><br\/>Together we create a place where children can feel safe and happy! \ud83c\udf84\ud83c\udf1f <br\/><br\/><\/p>\n\n<figure class=\"wp-block-image size-large is-resized\"><img fetchpriority=\"high\" decoding=\"async\" width=\"1024\" height=\"683\" src=\"https:\/\/fundacjajoannyradziwill.pl\/wp-content\/uploads\/2023\/12\/burmistrz-06622-1024x683.jpg\" alt=\"\" class=\"wp-image-10652\" style=\"width:637px;height:auto\" srcset=\"https:\/\/fundacjajoannyradziwill.pl\/wp-content\/uploads\/2023\/12\/burmistrz-06622-1024x683.jpg 1024w, https:\/\/fundacjajoannyradziwill.pl\/wp-content\/uploads\/2023\/12\/burmistrz-06622-300x200.jpg 300w, https:\/\/fundacjajoannyradziwill.pl\/wp-content\/uploads\/2023\/12\/burmistrz-06622-768x512.jpg 768w, https:\/\/fundacjajoannyradziwill.pl\/wp-content\/uploads\/2023\/12\/burmistrz-06622-1536x1024.jpg 1536w, https:\/\/fundacjajoannyradziwill.pl\/wp-content\/uploads\/2023\/12\/burmistrz-06622-2048x1365.jpg 2048w\" sizes=\"(max-width: 1024px) 100vw, 1024px\" \/><\/figure>\n","protected":false},"excerpt":{"rendered":"<p>This past week we had the honor of hosting Mr. Tomasz Kucharski, Mayor of the Praga-Po\u0142udnie District of the City of Warsaw. at the foundation house at Omulewska 19. This meeting made our house filled with an aura of Christmas magic and mutual kindness. Together with the Mayor, we attended a joint dinner, during which we shared joys and stories. &#8220;It is at Omulevskaya that you will find a house full of care, goodness, support and respect for others.&#8221; Mayor of the Praga-Po\u0142udnie District Mr. Tomasz Kucharski And there are three special Christmas Eves ahead of us, which we will celebrate in foundation homes. We believe that these holidays will bring much joy, love and mutual understanding. Thank you again to the Mayor for the unforgettable moments spent together and giving the wards a nice gift, a teddy bear \ud83e\uddf8 Together we create a place where children can feel safe and happy! \ud83c\udf84\ud83c\udf1f<\/p>\n","protected":false},"author":24784,"featured_media":13148,"comment_status":"closed","ping_status":"closed","sticky":false,"template":"","format":"standard","meta":{"_acf_changed":false,"inline_featured_image":false,"_monsterinsights_skip_tracking":false,"_monsterinsights_sitenote_active":false,"_monsterinsights_sitenote_note":"","_monsterinsights_sitenote_category":0,"ocean_post_layout":"","ocean_both_sidebars_style":"","ocean_both_sidebars_content_width":0,"ocean_both_sidebars_sidebars_width":0,"ocean_sidebar":"","ocean_second_sidebar":"","ocean_disable_margins":"enable","ocean_add_body_class":"","ocean_shortcode_before_top_bar":"","ocean_shortcode_after_top_bar":"","ocean_shortcode_before_header":"","ocean_shortcode_after_header":"","ocean_has_shortcode":"","ocean_shortcode_after_title":"","ocean_shortcode_before_footer_widgets":"","ocean_shortcode_after_footer_widgets":"","ocean_shortcode_before_footer_bottom":"","ocean_shortcode_after_footer_bottom":"","ocean_display_top_bar":"default","ocean_display_header":"default","ocean_header_style":"","ocean_center_header_left_menu":"","ocean_custom_header_template":"","ocean_custom_logo":0,"ocean_custom_retina_logo":0,"ocean_custom_logo_max_width":0,"ocean_custom_logo_tablet_max_width":0,"ocean_custom_logo_mobile_max_width":0,"ocean_custom_logo_max_height":0,"ocean_custom_logo_tablet_max_height":0,"ocean_custom_logo_mobile_max_height":0,"ocean_header_custom_menu":"","ocean_menu_typo_font_family":"","ocean_menu_typo_font_subset":"","ocean_menu_typo_font_size":0,"ocean_menu_typo_font_size_tablet":0,"ocean_menu_typo_font_size_mobile":0,"ocean_menu_typo_font_size_unit":"px","ocean_menu_typo_font_weight":"","ocean_menu_typo_font_weight_tablet":"","ocean_menu_typo_font_weight_mobile":"","ocean_menu_typo_transform":"","ocean_menu_typo_transform_tablet":"","ocean_menu_typo_transform_mobile":"","ocean_menu_typo_line_height":0,"ocean_menu_typo_line_height_tablet":0,"ocean_menu_typo_line_height_mobile":0,"ocean_menu_typo_line_height_unit":"","ocean_menu_typo_spacing":0,"ocean_menu_typo_spacing_tablet":0,"ocean_menu_typo_spacing_mobile":0,"ocean_menu_typo_spacing_unit":"","ocean_menu_link_color":"","ocean_menu_link_color_hover":"","ocean_menu_link_color_active":"","ocean_menu_link_background":"","ocean_menu_link_hover_background":"","ocean_menu_link_active_background":"","ocean_menu_social_links_bg":"","ocean_menu_social_hover_links_bg":"","ocean_menu_social_links_color":"","ocean_menu_social_hover_links_color":"","ocean_disable_title":"default","ocean_disable_heading":"default","ocean_post_title":"","ocean_post_subheading":"","ocean_post_title_style":"","ocean_post_title_background_color":"","ocean_post_title_background":0,"ocean_post_title_bg_image_position":"","ocean_post_title_bg_image_attachment":"","ocean_post_title_bg_image_repeat":"","ocean_post_title_bg_image_size":"","ocean_post_title_height":0,"ocean_post_title_bg_overlay":0.5,"ocean_post_title_bg_overlay_color":"","ocean_disable_breadcrumbs":"default","ocean_breadcrumbs_color":"","ocean_breadcrumbs_separator_color":"","ocean_breadcrumbs_links_color":"","ocean_breadcrumbs_links_hover_color":"","ocean_display_footer_widgets":"default","ocean_display_footer_bottom":"default","ocean_custom_footer_template":"","ocean_post_oembed":"","ocean_post_self_hosted_media":"","ocean_post_video_embed":"","ocean_link_format":"","ocean_link_format_target":"self","ocean_quote_format":"","ocean_quote_format_link":"post","ocean_gallery_link_images":"on","ocean_gallery_id":[],"footnotes":"","_links_to":"","_links_to_target":""},"categories":[290],"tags":[333,326,324,291,335],"class_list":["post-13553","post","type-post","status-publish","format-standard","has-post-thumbnail","hentry","category-news-en","tag-christmas-2023","tag-help-children-for-christmas","tag-helping-children","tag-joanna-radziwill-care-wings-foundation","tag-social-impact","entry","has-media"],"acf":[],"yoast_head":"<!-- This site is optimized with the Yoast SEO plugin v26.3 - https:\/\/yoast.com\/wordpress\/plugins\/seo\/ -->\n<title>Meeting with the Mayor at the House on Omulewska Street - Fundacja Joanny Radziwi\u0142\u0142<\/title>\n<meta name=\"description\" content=\"Last week we had the honor of hosting Mr. Tomasz Kucharski, Mayor of the Praga-Po\u0142udnie District of Warsaw, at the foundation&#039;s house at 19 Omulewska Street.\" \/>\n<meta name=\"robots\" content=\"index, follow, max-snippet:-1, max-image-preview:large, max-video-preview:-1\" \/>\n<link rel=\"canonical\" href=\"https:\/\/fundacjajoannyradziwill.pl\/en\/meeting-with-the-mayor-at-the-house-on-omulewska-street\/\" \/>\n<meta property=\"og:locale\" content=\"en_US\" \/>\n<meta property=\"og:type\" content=\"article\" \/>\n<meta property=\"og:title\" content=\"Meeting with the Mayor at the House on Omulewska Street - Fundacja Joanny Radziwi\u0142\u0142\" \/>\n<meta property=\"og:description\" content=\"Last week we had the honor of hosting Mr. Tomasz Kucharski, Mayor of the Praga-Po\u0142udnie District of Warsaw, at the foundation&#039;s house at 19 Omulewska Street.\" \/>\n<meta property=\"og:url\" content=\"https:\/\/fundacjajoannyradziwill.pl\/en\/meeting-with-the-mayor-at-the-house-on-omulewska-street\/\" \/>\n<meta property=\"og:site_name\" content=\"Fundacja Joanny Radziwi\u0142\u0142\" \/>\n<meta property=\"article:publisher\" content=\"https:\/\/www.facebook.com\/fundacjaopiekunczeskrzydla\" \/>\n<meta property=\"article:published_time\" content=\"2023-12-18T09:04:54+00:00\" \/>\n<meta property=\"article:modified_time\" content=\"2025-04-29T07:59:41+00:00\" \/>\n<meta property=\"og:image\" content=\"https:\/\/fundacjajoannyradziwill.pl\/wp-content\/uploads\/2023\/12\/burmistrz-06489-scaled.jpg\" \/>\n\t<meta property=\"og:image:width\" content=\"2560\" \/>\n\t<meta property=\"og:image:height\" content=\"1707\" \/>\n\t<meta property=\"og:image:type\" content=\"image\/jpeg\" \/>\n<meta name=\"author\" content=\"Beata Kowalczyk\" \/>\n<meta name=\"twitter:card\" content=\"summary_large_image\" \/>\n<meta name=\"twitter:label1\" content=\"Written by\" \/>\n\t<meta name=\"twitter:data1\" content=\"Beata Kowalczyk\" \/>\n\t<meta name=\"twitter:label2\" content=\"Est. reading time\" \/>\n\t<meta name=\"twitter:data2\" content=\"1 minute\" \/>\n<script type=\"application\/ld+json\" class=\"yoast-schema-graph\">{\"@context\":\"https:\/\/schema.org\",\"@graph\":[{\"@type\":\"Article\",\"@id\":\"https:\/\/fundacjajoannyradziwill.pl\/en\/meeting-with-the-mayor-at-the-house-on-omulewska-street\/#article\",\"isPartOf\":{\"@id\":\"https:\/\/fundacjajoannyradziwill.pl\/en\/meeting-with-the-mayor-at-the-house-on-omulewska-street\/\"},\"author\":{\"name\":\"Beata Kowalczyk\",\"@id\":\"https:\/\/fundacjajoannyradziwill.pl\/en\/#\/schema\/person\/5f12bc9c90a4985b4fa39eb0bd8ce51b\"},\"headline\":\"Meeting with the Mayor at the House on Omulewska Street\",\"datePublished\":\"2023-12-18T09:04:54+00:00\",\"dateModified\":\"2025-04-29T07:59:41+00:00\",\"mainEntityOfPage\":{\"@id\":\"https:\/\/fundacjajoannyradziwill.pl\/en\/meeting-with-the-mayor-at-the-house-on-omulewska-street\/\"},\"wordCount\":162,\"publisher\":{\"@id\":\"https:\/\/fundacjajoannyradziwill.pl\/en\/#organization\"},\"image\":{\"@id\":\"https:\/\/fundacjajoannyradziwill.pl\/en\/meeting-with-the-mayor-at-the-house-on-omulewska-street\/#primaryimage\"},\"thumbnailUrl\":\"https:\/\/fundacjajoannyradziwill.pl\/wp-content\/uploads\/2023\/12\/burmistrz-06489-scaled.jpg\",\"keywords\":[\"Christmas 2023\",\"Help children for Christmas\",\"Helping children\",\"Joanna Radziwill Care Wings Foundation\",\"Social Impact\"],\"articleSection\":[\"News\"],\"inLanguage\":\"en-US\"},{\"@type\":\"WebPage\",\"@id\":\"https:\/\/fundacjajoannyradziwill.pl\/en\/meeting-with-the-mayor-at-the-house-on-omulewska-street\/\",\"url\":\"https:\/\/fundacjajoannyradziwill.pl\/en\/meeting-with-the-mayor-at-the-house-on-omulewska-street\/\",\"name\":\"Meeting with the Mayor at the House on Omulewska Street - Fundacja Joanny Radziwi\u0142\u0142\",\"isPartOf\":{\"@id\":\"https:\/\/fundacjajoannyradziwill.pl\/en\/#website\"},\"primaryImageOfPage\":{\"@id\":\"https:\/\/fundacjajoannyradziwill.pl\/en\/meeting-with-the-mayor-at-the-house-on-omulewska-street\/#primaryimage\"},\"image\":{\"@id\":\"https:\/\/fundacjajoannyradziwill.pl\/en\/meeting-with-the-mayor-at-the-house-on-omulewska-street\/#primaryimage\"},\"thumbnailUrl\":\"https:\/\/fundacjajoannyradziwill.pl\/wp-content\/uploads\/2023\/12\/burmistrz-06489-scaled.jpg\",\"datePublished\":\"2023-12-18T09:04:54+00:00\",\"dateModified\":\"2025-04-29T07:59:41+00:00\",\"description\":\"Last week we had the honor of hosting Mr. Tomasz Kucharski, Mayor of the Praga-Po\u0142udnie District of Warsaw, at the foundation's house at 19 Omulewska Street.\",\"inLanguage\":\"en-US\",\"potentialAction\":[{\"@type\":\"ReadAction\",\"target\":[\"https:\/\/fundacjajoannyradziwill.pl\/en\/meeting-with-the-mayor-at-the-house-on-omulewska-street\/\"]}]},{\"@type\":\"ImageObject\",\"inLanguage\":\"en-US\",\"@id\":\"https:\/\/fundacjajoannyradziwill.pl\/en\/meeting-with-the-mayor-at-the-house-on-omulewska-street\/#primaryimage\",\"url\":\"https:\/\/fundacjajoannyradziwill.pl\/wp-content\/uploads\/2023\/12\/burmistrz-06489-scaled.jpg\",\"contentUrl\":\"https:\/\/fundacjajoannyradziwill.pl\/wp-content\/uploads\/2023\/12\/burmistrz-06489-scaled.jpg\",\"width\":2560,\"height\":1707},{\"@type\":\"WebSite\",\"@id\":\"https:\/\/fundacjajoannyradziwill.pl\/en\/#website\",\"url\":\"https:\/\/fundacjajoannyradziwill.pl\/en\/\",\"name\":\"Fundacja Joanny Radziwi\u0142\u0142\",\"description\":\"Opieku\u0144cze Skrzyd\u0142a\",\"publisher\":{\"@id\":\"https:\/\/fundacjajoannyradziwill.pl\/en\/#organization\"},\"potentialAction\":[{\"@type\":\"SearchAction\",\"target\":{\"@type\":\"EntryPoint\",\"urlTemplate\":\"https:\/\/fundacjajoannyradziwill.pl\/en\/?s={search_term_string}\"},\"query-input\":{\"@type\":\"PropertyValueSpecification\",\"valueRequired\":true,\"valueName\":\"search_term_string\"}}],\"inLanguage\":\"en-US\"},{\"@type\":\"Organization\",\"@id\":\"https:\/\/fundacjajoannyradziwill.pl\/en\/#organization\",\"name\":\"Fundacja Joanny Radziwi\u0142\u0142\",\"url\":\"https:\/\/fundacjajoannyradziwill.pl\/en\/\",\"logo\":{\"@type\":\"ImageObject\",\"inLanguage\":\"en-US\",\"@id\":\"https:\/\/fundacjajoannyradziwill.pl\/en\/#\/schema\/logo\/image\/\",\"url\":\"https:\/\/fundacjajoannyradziwill.pl\/wp-content\/uploads\/2023\/05\/logo_poziom_czerwony-01-1.svg\",\"contentUrl\":\"https:\/\/fundacjajoannyradziwill.pl\/wp-content\/uploads\/2023\/05\/logo_poziom_czerwony-01-1.svg\",\"width\":473,\"height\":151,\"caption\":\"Fundacja Joanny Radziwi\u0142\u0142\"},\"image\":{\"@id\":\"https:\/\/fundacjajoannyradziwill.pl\/en\/#\/schema\/logo\/image\/\"},\"sameAs\":[\"https:\/\/www.facebook.com\/fundacjaopiekunczeskrzydla\"]},{\"@type\":\"Person\",\"@id\":\"https:\/\/fundacjajoannyradziwill.pl\/en\/#\/schema\/person\/5f12bc9c90a4985b4fa39eb0bd8ce51b\",\"name\":\"Beata Kowalczyk\",\"image\":{\"@type\":\"ImageObject\",\"inLanguage\":\"en-US\",\"@id\":\"https:\/\/fundacjajoannyradziwill.pl\/en\/#\/schema\/person\/image\/\",\"url\":\"https:\/\/secure.gravatar.com\/avatar\/ca10322c1a89a33ad010afe7706ff1256276d73c8ec914b713867cc6862947d2?s=96&d=mm&r=g\",\"contentUrl\":\"https:\/\/secure.gravatar.com\/avatar\/ca10322c1a89a33ad010afe7706ff1256276d73c8ec914b713867cc6862947d2?s=96&d=mm&r=g\",\"caption\":\"Beata Kowalczyk\"},\"url\":\"https:\/\/fundacjajoannyradziwill.pl\/en\/author\/b-kowalczyk\/\"}]}<\/script>\n<!-- \/ Yoast SEO plugin. -->","yoast_head_json":{"title":"Meeting with the Mayor at the House on Omulewska Street - Fundacja Joanny Radziwi\u0142\u0142","description":"Last week we had the honor of hosting Mr. Tomasz Kucharski, Mayor of the Praga-Po\u0142udnie District of Warsaw, at the foundation's house at 19 Omulewska Street.","robots":{"index":"index","follow":"follow","max-snippet":"max-snippet:-1","max-image-preview":"max-image-preview:large","max-video-preview":"max-video-preview:-1"},"canonical":"https:\/\/fundacjajoannyradziwill.pl\/en\/meeting-with-the-mayor-at-the-house-on-omulewska-street\/","og_locale":"en_US","og_type":"article","og_title":"Meeting with the Mayor at the House on Omulewska Street - Fundacja Joanny Radziwi\u0142\u0142","og_description":"Last week we had the honor of hosting Mr. Tomasz Kucharski, Mayor of the Praga-Po\u0142udnie District of Warsaw, at the foundation's house at 19 Omulewska Street.","og_url":"https:\/\/fundacjajoannyradziwill.pl\/en\/meeting-with-the-mayor-at-the-house-on-omulewska-street\/","og_site_name":"Fundacja Joanny Radziwi\u0142\u0142","article_publisher":"https:\/\/www.facebook.com\/fundacjaopiekunczeskrzydla","article_published_time":"2023-12-18T09:04:54+00:00","article_modified_time":"2025-04-29T07:59:41+00:00","og_image":[{"width":2560,"height":1707,"url":"https:\/\/fundacjajoannyradziwill.pl\/wp-content\/uploads\/2023\/12\/burmistrz-06489-scaled.jpg","type":"image\/jpeg"}],"author":"Beata Kowalczyk","twitter_card":"summary_large_image","twitter_misc":{"Written by":"Beata Kowalczyk","Est. reading time":"1 minute"},"schema":{"@context":"https:\/\/schema.org","@graph":[{"@type":"Article","@id":"https:\/\/fundacjajoannyradziwill.pl\/en\/meeting-with-the-mayor-at-the-house-on-omulewska-street\/#article","isPartOf":{"@id":"https:\/\/fundacjajoannyradziwill.pl\/en\/meeting-with-the-mayor-at-the-house-on-omulewska-street\/"},"author":{"name":"Beata Kowalczyk","@id":"https:\/\/fundacjajoannyradziwill.pl\/en\/#\/schema\/person\/5f12bc9c90a4985b4fa39eb0bd8ce51b"},"headline":"Meeting with the Mayor at the House on Omulewska Street","datePublished":"2023-12-18T09:04:54+00:00","dateModified":"2025-04-29T07:59:41+00:00","mainEntityOfPage":{"@id":"https:\/\/fundacjajoannyradziwill.pl\/en\/meeting-with-the-mayor-at-the-house-on-omulewska-street\/"},"wordCount":162,"publisher":{"@id":"https:\/\/fundacjajoannyradziwill.pl\/en\/#organization"},"image":{"@id":"https:\/\/fundacjajoannyradziwill.pl\/en\/meeting-with-the-mayor-at-the-house-on-omulewska-street\/#primaryimage"},"thumbnailUrl":"https:\/\/fundacjajoannyradziwill.pl\/wp-content\/uploads\/2023\/12\/burmistrz-06489-scaled.jpg","keywords":["Christmas 2023","Help children for Christmas","Helping children","Joanna Radziwill Care Wings Foundation","Social Impact"],"articleSection":["News"],"inLanguage":"en-US"},{"@type":"WebPage","@id":"https:\/\/fundacjajoannyradziwill.pl\/en\/meeting-with-the-mayor-at-the-house-on-omulewska-street\/","url":"https:\/\/fundacjajoannyradziwill.pl\/en\/meeting-with-the-mayor-at-the-house-on-omulewska-street\/","name":"Meeting with the Mayor at the House on Omulewska Street - Fundacja Joanny Radziwi\u0142\u0142","isPartOf":{"@id":"https:\/\/fundacjajoannyradziwill.pl\/en\/#website"},"primaryImageOfPage":{"@id":"https:\/\/fundacjajoannyradziwill.pl\/en\/meeting-with-the-mayor-at-the-house-on-omulewska-street\/#primaryimage"},"image":{"@id":"https:\/\/fundacjajoannyradziwill.pl\/en\/meeting-with-the-mayor-at-the-house-on-omulewska-street\/#primaryimage"},"thumbnailUrl":"https:\/\/fundacjajoannyradziwill.pl\/wp-content\/uploads\/2023\/12\/burmistrz-06489-scaled.jpg","datePublished":"2023-12-18T09:04:54+00:00","dateModified":"2025-04-29T07:59:41+00:00","description":"Last week we had the honor of hosting Mr. Tomasz Kucharski, Mayor of the Praga-Po\u0142udnie District of Warsaw, at the foundation's house at 19 Omulewska Street.","inLanguage":"en-US","potentialAction":[{"@type":"ReadAction","target":["https:\/\/fundacjajoannyradziwill.pl\/en\/meeting-with-the-mayor-at-the-house-on-omulewska-street\/"]}]},{"@type":"ImageObject","inLanguage":"en-US","@id":"https:\/\/fundacjajoannyradziwill.pl\/en\/meeting-with-the-mayor-at-the-house-on-omulewska-street\/#primaryimage","url":"https:\/\/fundacjajoannyradziwill.pl\/wp-content\/uploads\/2023\/12\/burmistrz-06489-scaled.jpg","contentUrl":"https:\/\/fundacjajoannyradziwill.pl\/wp-content\/uploads\/2023\/12\/burmistrz-06489-scaled.jpg","width":2560,"height":1707},{"@type":"WebSite","@id":"https:\/\/fundacjajoannyradziwill.pl\/en\/#website","url":"https:\/\/fundacjajoannyradziwill.pl\/en\/","name":"Fundacja Joanny Radziwi\u0142\u0142","description":"Opieku\u0144cze Skrzyd\u0142a","publisher":{"@id":"https:\/\/fundacjajoannyradziwill.pl\/en\/#organization"},"potentialAction":[{"@type":"SearchAction","target":{"@type":"EntryPoint","urlTemplate":"https:\/\/fundacjajoannyradziwill.pl\/en\/?s={search_term_string}"},"query-input":{"@type":"PropertyValueSpecification","valueRequired":true,"valueName":"search_term_string"}}],"inLanguage":"en-US"},{"@type":"Organization","@id":"https:\/\/fundacjajoannyradziwill.pl\/en\/#organization","name":"Fundacja Joanny Radziwi\u0142\u0142","url":"https:\/\/fundacjajoannyradziwill.pl\/en\/","logo":{"@type":"ImageObject","inLanguage":"en-US","@id":"https:\/\/fundacjajoannyradziwill.pl\/en\/#\/schema\/logo\/image\/","url":"https:\/\/fundacjajoannyradziwill.pl\/wp-content\/uploads\/2023\/05\/logo_poziom_czerwony-01-1.svg","contentUrl":"https:\/\/fundacjajoannyradziwill.pl\/wp-content\/uploads\/2023\/05\/logo_poziom_czerwony-01-1.svg","width":473,"height":151,"caption":"Fundacja Joanny Radziwi\u0142\u0142"},"image":{"@id":"https:\/\/fundacjajoannyradziwill.pl\/en\/#\/schema\/logo\/image\/"},"sameAs":["https:\/\/www.facebook.com\/fundacjaopiekunczeskrzydla"]},{"@type":"Person","@id":"https:\/\/fundacjajoannyradziwill.pl\/en\/#\/schema\/person\/5f12bc9c90a4985b4fa39eb0bd8ce51b","name":"Beata Kowalczyk","image":{"@type":"ImageObject","inLanguage":"en-US","@id":"https:\/\/fundacjajoannyradziwill.pl\/en\/#\/schema\/person\/image\/","url":"https:\/\/secure.gravatar.com\/avatar\/ca10322c1a89a33ad010afe7706ff1256276d73c8ec914b713867cc6862947d2?s=96&d=mm&r=g","contentUrl":"https:\/\/secure.gravatar.com\/avatar\/ca10322c1a89a33ad010afe7706ff1256276d73c8ec914b713867cc6862947d2?s=96&d=mm&r=g","caption":"Beata Kowalczyk"},"url":"https:\/\/fundacjajoannyradziwill.pl\/en\/author\/b-kowalczyk\/"}]}},"_links":{"self":[{"href":"https:\/\/fundacjajoannyradziwill.pl\/en\/wp-json\/wp\/v2\/posts\/13553","targetHints":{"allow":["GET"]}}],"collection":[{"href":"https:\/\/fundacjajoannyradziwill.pl\/en\/wp-json\/wp\/v2\/posts"}],"about":[{"href":"https:\/\/fundacjajoannyradziwill.pl\/en\/wp-json\/wp\/v2\/types\/post"}],"author":[{"embeddable":true,"href":"https:\/\/fundacjajoannyradziwill.pl\/en\/wp-json\/wp\/v2\/users\/24784"}],"replies":[{"embeddable":true,"href":"https:\/\/fundacjajoannyradziwill.pl\/en\/wp-json\/wp\/v2\/comments?post=13553"}],"version-history":[{"count":1,"href":"https:\/\/fundacjajoannyradziwill.pl\/en\/wp-json\/wp\/v2\/posts\/13553\/revisions"}],"predecessor-version":[{"id":13554,"href":"https:\/\/fundacjajoannyradziwill.pl\/en\/wp-json\/wp\/v2\/posts\/13553\/revisions\/13554"}],"wp:featuredmedia":[{"embeddable":true,"href":"https:\/\/fundacjajoannyradziwill.pl\/en\/wp-json\/wp\/v2\/media\/13148"}],"wp:attachment":[{"href":"https:\/\/fundacjajoannyradziwill.pl\/en\/wp-json\/wp\/v2\/media?parent=13553"}],"wp:term":[{"taxonomy":"category","embeddable":true,"href":"https:\/\/fundacjajoannyradziwill.pl\/en\/wp-json\/wp\/v2\/categories?post=13553"},{"taxonomy":"post_tag","embeddable":true,"href":"https:\/\/fundacjajoannyradziwill.pl\/en\/wp-json\/wp\/v2\/tags?post=13553"}],"curies":[{"name":"wp","href":"https:\/\/api.w.org\/{rel}","templated":true}]}}