{"id":13559,"date":"2023-12-04T14:43:30","date_gmt":"2023-12-04T13:43:30","guid":{"rendered":"https:\/\/fundacjajoannyradziwill.pl\/to-the-rescue-of-socially-excluded-children-and-young-people\/"},"modified":"2025-04-29T10:00:32","modified_gmt":"2025-04-29T08:00:32","slug":"to-the-rescue-of-socially-excluded-children-and-young-people","status":"publish","type":"post","link":"https:\/\/fundacjajoannyradziwill.pl\/en\/to-the-rescue-of-socially-excluded-children-and-young-people\/","title":{"rendered":"To the rescue of socially excluded children and young people"},"content":{"rendered":"\n<p><strong>Did you know that one in five children do not have their own bed or place to do homework?  <\/strong>Every day we come face to face with the problems faced by children and adolescents. The baggage of experiences, the weight of which is simply too much for the age of&#8230;   <br\/>It is a major challenge for us to maintain our wards of children in 3 homes on a daily basis&#8230;.<\/p>\n\n<p>The monthly amount we need to sustain our operations is 150 thousand zlotys  <img decoding=\"async\" height=\"16\" width=\"16\" src=\"https:\/\/static.xx.fbcdn.net\/images\/emoji.php\/v9\/td1\/2\/16\/2757.png\" alt=\"&#x2757;\"\/> <strong>We need financial support to cover heating and energy costs, feeding children, organizing care, educational and developmental activities. Without support for us and we will not be able to help&#8230;. <\/strong><\/p>\n\n<p>In connection with the premiere of the film &#8220;Uwierz w Miko\u0142aja&#8221;, <a href=\"https:\/\/www.facebook.com\/siepomaga?__cft__%5B0%5D=AZUWECvdaz_LaJ-c1Sy-Vnd6tR7unm9isjni_p1GyV_x-H5xO0XcSf6s0tnJVqiuQaSUPXdrwg3vOR9Wizii0jH4lG3xBgp-RGk1YAPKQBsuA5EN9ocEQz-WmJmqfNEDsnnN1k4xuyF3Yb_Nf_AgUWYN&amp;__tn__=-%5DK-R\" target=\"_blank\" rel=\"noreferrer noopener\">Siepomaga.pl<\/a>, <a href=\"https:\/\/www.facebook.com\/kinoswiat?__cft__%5B0%5D=AZUWECvdaz_LaJ-c1Sy-Vnd6tR7unm9isjni_p1GyV_x-H5xO0XcSf6s0tnJVqiuQaSUPXdrwg3vOR9Wizii0jH4lG3xBgp-RGk1YAPKQBsuA5EN9ocEQz-WmJmqfNEDsnnN1k4xuyF3Yb_Nf_AgUWYN&amp;__tn__=-%5DK-R\" target=\"_blank\" rel=\"noreferrer noopener\">Kino \u015awiat<\/a> and <a href=\"https:\/\/www.facebook.com\/canalpluspolska?__cft__%5B0%5D=AZUWECvdaz_LaJ-c1Sy-Vnd6tR7unm9isjni_p1GyV_x-H5xO0XcSf6s0tnJVqiuQaSUPXdrwg3vOR9Wizii0jH4lG3xBgp-RGk1YAPKQBsuA5EN9ocEQz-WmJmqfNEDsnnN1k4xuyF3Yb_Nf_AgUWYN&amp;__tn__=-%5DK-R\" target=\"_blank\" rel=\"noreferrer noopener\">CANAL+ Polska<\/a> are joining forces in a joint charity action to help children &#8211; wards of the Joanna Radziwill Care Wings Foundation.<\/p>\n\n<p>Your support will enable us to have regular aid delivered where it is needed most.<\/p>\n\n<a href=\"https:\/\/www.siepomaga.pl\/opiekuncze-skrzydla\" title=\"Siepomaga - fundraising for sick people\"><iframe frameborder=\"0\" width=\"300\" height=\"450\" scrolling=\"no\" src=\"https:\/\/www.siepomaga.pl\/opiekuncze-skrzydla\/banner\"><\/iframe><\/a>\n\n<p>Together we have great power!<\/p>\n","protected":false},"excerpt":{"rendered":"<p>Did you know that one in five children do not have their own bed or place to do homework? Every day we come face to face with the problems faced by children and adolescents. The baggage of experiences, the weight of which is simply too much for the age of&#8230; It is a major challenge for us to maintain our wards of children in 3 homes on a daily basis&#8230;. The monthly amount we need to sustain our operations is 150 thousand zlotys We need financial support to cover heating and energy costs, feeding children, organizing care, educational and developmental activities. Without support for us and we will not be able to help&#8230;. In connection with the premiere of the film &#8220;Uwierz w Miko\u0142aja&#8221;, Siepomaga.pl, Kino \u015awiat and CANAL+ Polska are joining forces in a joint charity action to help children &#8211; wards of the Joanna Radziwill Care Wings Foundation. Your support will enable us to have regular aid delivered where it is needed most. Together we have great power!<\/p>\n","protected":false},"author":24784,"featured_media":13139,"comment_status":"closed","ping_status":"closed","sticky":false,"template":"","format":"standard","meta":{"_acf_changed":false,"inline_featured_image":false,"_monsterinsights_skip_tracking":false,"_monsterinsights_sitenote_active":false,"_monsterinsights_sitenote_note":"","_monsterinsights_sitenote_category":0,"ocean_post_layout":"","ocean_both_sidebars_style":"","ocean_both_sidebars_content_width":0,"ocean_both_sidebars_sidebars_width":0,"ocean_sidebar":"","ocean_second_sidebar":"","ocean_disable_margins":"enable","ocean_add_body_class":"","ocean_shortcode_before_top_bar":"","ocean_shortcode_after_top_bar":"","ocean_shortcode_before_header":"","ocean_shortcode_after_header":"","ocean_has_shortcode":"","ocean_shortcode_after_title":"","ocean_shortcode_before_footer_widgets":"","ocean_shortcode_after_footer_widgets":"","ocean_shortcode_before_footer_bottom":"","ocean_shortcode_after_footer_bottom":"","ocean_display_top_bar":"default","ocean_display_header":"default","ocean_header_style":"","ocean_center_header_left_menu":"","ocean_custom_header_template":"","ocean_custom_logo":0,"ocean_custom_retina_logo":0,"ocean_custom_logo_max_width":0,"ocean_custom_logo_tablet_max_width":0,"ocean_custom_logo_mobile_max_width":0,"ocean_custom_logo_max_height":0,"ocean_custom_logo_tablet_max_height":0,"ocean_custom_logo_mobile_max_height":0,"ocean_header_custom_menu":"","ocean_menu_typo_font_family":"","ocean_menu_typo_font_subset":"","ocean_menu_typo_font_size":0,"ocean_menu_typo_font_size_tablet":0,"ocean_menu_typo_font_size_mobile":0,"ocean_menu_typo_font_size_unit":"px","ocean_menu_typo_font_weight":"","ocean_menu_typo_font_weight_tablet":"","ocean_menu_typo_font_weight_mobile":"","ocean_menu_typo_transform":"","ocean_menu_typo_transform_tablet":"","ocean_menu_typo_transform_mobile":"","ocean_menu_typo_line_height":0,"ocean_menu_typo_line_height_tablet":0,"ocean_menu_typo_line_height_mobile":0,"ocean_menu_typo_line_height_unit":"","ocean_menu_typo_spacing":0,"ocean_menu_typo_spacing_tablet":0,"ocean_menu_typo_spacing_mobile":0,"ocean_menu_typo_spacing_unit":"","ocean_menu_link_color":"","ocean_menu_link_color_hover":"","ocean_menu_link_color_active":"","ocean_menu_link_background":"","ocean_menu_link_hover_background":"","ocean_menu_link_active_background":"","ocean_menu_social_links_bg":"","ocean_menu_social_hover_links_bg":"","ocean_menu_social_links_color":"","ocean_menu_social_hover_links_color":"","ocean_disable_title":"default","ocean_disable_heading":"default","ocean_post_title":"","ocean_post_subheading":"","ocean_post_title_style":"","ocean_post_title_background_color":"","ocean_post_title_background":0,"ocean_post_title_bg_image_position":"","ocean_post_title_bg_image_attachment":"","ocean_post_title_bg_image_repeat":"","ocean_post_title_bg_image_size":"","ocean_post_title_height":0,"ocean_post_title_bg_overlay":0.5,"ocean_post_title_bg_overlay_color":"","ocean_disable_breadcrumbs":"default","ocean_breadcrumbs_color":"","ocean_breadcrumbs_separator_color":"","ocean_breadcrumbs_links_color":"","ocean_breadcrumbs_links_hover_color":"","ocean_display_footer_widgets":"default","ocean_display_footer_bottom":"default","ocean_custom_footer_template":"","ocean_post_oembed":"","ocean_post_self_hosted_media":"","ocean_post_video_embed":"","ocean_link_format":"","ocean_link_format_target":"self","ocean_quote_format":"","ocean_quote_format_link":"post","ocean_gallery_link_images":"on","ocean_gallery_id":[],"footnotes":"","_links_to":"","_links_to_target":""},"categories":[290],"tags":[337,326,324,338],"class_list":["post-13559","post","type-post","status-publish","format-standard","has-post-thumbnail","hentry","category-news-en","tag-charity-action","tag-help-children-for-christmas","tag-helping-children","tag-support-for-christmas","entry","has-media"],"acf":[],"yoast_head":"<!-- This site is optimized with the Yoast SEO plugin v26.3 - https:\/\/yoast.com\/wordpress\/plugins\/seo\/ -->\n<title>To the rescue of socially excluded children and young people - Fundacja Joanny Radziwi\u0142\u0142<\/title>\n<meta name=\"description\" content=\"Daily maintenance of wards of children in 3 houses is a big challenge for us... We need financial support for heating and energy costs, feeding children, organizing care, educational and developmental activities. Without support for us and we will not be able to help....\" \/>\n<meta name=\"robots\" content=\"index, follow, max-snippet:-1, max-image-preview:large, max-video-preview:-1\" \/>\n<link rel=\"canonical\" href=\"https:\/\/fundacjajoannyradziwill.pl\/en\/to-the-rescue-of-socially-excluded-children-and-young-people\/\" \/>\n<meta property=\"og:locale\" content=\"en_US\" \/>\n<meta property=\"og:type\" content=\"article\" \/>\n<meta property=\"og:title\" content=\"To the rescue of socially excluded children and young people - Fundacja Joanny Radziwi\u0142\u0142\" \/>\n<meta property=\"og:description\" content=\"Daily maintenance of wards of children in 3 houses is a big challenge for us... We need financial support for heating and energy costs, feeding children, organizing care, educational and developmental activities. Without support for us and we will not be able to help....\" \/>\n<meta property=\"og:url\" content=\"https:\/\/fundacjajoannyradziwill.pl\/en\/to-the-rescue-of-socially-excluded-children-and-young-people\/\" \/>\n<meta property=\"og:site_name\" content=\"Fundacja Joanny Radziwi\u0142\u0142\" \/>\n<meta property=\"article:publisher\" content=\"https:\/\/www.facebook.com\/fundacjaopiekunczeskrzydla\" \/>\n<meta property=\"article:published_time\" content=\"2023-12-04T13:43:30+00:00\" \/>\n<meta property=\"article:modified_time\" content=\"2025-04-29T08:00:32+00:00\" \/>\n<meta property=\"og:image\" content=\"https:\/\/fundacjajoannyradziwill.pl\/wp-content\/uploads\/2023\/12\/DSC00471-scaled.jpg\" \/>\n\t<meta property=\"og:image:width\" content=\"2560\" \/>\n\t<meta property=\"og:image:height\" content=\"1871\" \/>\n\t<meta property=\"og:image:type\" content=\"image\/jpeg\" \/>\n<meta name=\"author\" content=\"Beata Kowalczyk\" \/>\n<meta name=\"twitter:card\" content=\"summary_large_image\" \/>\n<meta name=\"twitter:label1\" content=\"Written by\" \/>\n\t<meta name=\"twitter:data1\" content=\"Beata Kowalczyk\" \/>\n\t<meta name=\"twitter:label2\" content=\"Est. reading time\" \/>\n\t<meta name=\"twitter:data2\" content=\"1 minute\" \/>\n<script type=\"application\/ld+json\" class=\"yoast-schema-graph\">{\"@context\":\"https:\/\/schema.org\",\"@graph\":[{\"@type\":\"Article\",\"@id\":\"https:\/\/fundacjajoannyradziwill.pl\/en\/to-the-rescue-of-socially-excluded-children-and-young-people\/#article\",\"isPartOf\":{\"@id\":\"https:\/\/fundacjajoannyradziwill.pl\/en\/to-the-rescue-of-socially-excluded-children-and-young-people\/\"},\"author\":{\"name\":\"Beata Kowalczyk\",\"@id\":\"https:\/\/fundacjajoannyradziwill.pl\/en\/#\/schema\/person\/5f12bc9c90a4985b4fa39eb0bd8ce51b\"},\"headline\":\"To the rescue of socially excluded children and young people\",\"datePublished\":\"2023-12-04T13:43:30+00:00\",\"dateModified\":\"2025-04-29T08:00:32+00:00\",\"mainEntityOfPage\":{\"@id\":\"https:\/\/fundacjajoannyradziwill.pl\/en\/to-the-rescue-of-socially-excluded-children-and-young-people\/\"},\"wordCount\":180,\"publisher\":{\"@id\":\"https:\/\/fundacjajoannyradziwill.pl\/en\/#organization\"},\"image\":{\"@id\":\"https:\/\/fundacjajoannyradziwill.pl\/en\/to-the-rescue-of-socially-excluded-children-and-young-people\/#primaryimage\"},\"thumbnailUrl\":\"https:\/\/fundacjajoannyradziwill.pl\/wp-content\/uploads\/2023\/12\/DSC00471-scaled-e1769691808242.jpg\",\"keywords\":[\"Charity action\",\"Help children for Christmas\",\"Helping children\",\"Support for Christmas\"],\"articleSection\":[\"News\"],\"inLanguage\":\"en-US\"},{\"@type\":\"WebPage\",\"@id\":\"https:\/\/fundacjajoannyradziwill.pl\/en\/to-the-rescue-of-socially-excluded-children-and-young-people\/\",\"url\":\"https:\/\/fundacjajoannyradziwill.pl\/en\/to-the-rescue-of-socially-excluded-children-and-young-people\/\",\"name\":\"To the rescue of socially excluded children and young people - Fundacja Joanny Radziwi\u0142\u0142\",\"isPartOf\":{\"@id\":\"https:\/\/fundacjajoannyradziwill.pl\/en\/#website\"},\"primaryImageOfPage\":{\"@id\":\"https:\/\/fundacjajoannyradziwill.pl\/en\/to-the-rescue-of-socially-excluded-children-and-young-people\/#primaryimage\"},\"image\":{\"@id\":\"https:\/\/fundacjajoannyradziwill.pl\/en\/to-the-rescue-of-socially-excluded-children-and-young-people\/#primaryimage\"},\"thumbnailUrl\":\"https:\/\/fundacjajoannyradziwill.pl\/wp-content\/uploads\/2023\/12\/DSC00471-scaled-e1769691808242.jpg\",\"datePublished\":\"2023-12-04T13:43:30+00:00\",\"dateModified\":\"2025-04-29T08:00:32+00:00\",\"description\":\"Daily maintenance of wards of children in 3 houses is a big challenge for us... We need financial support for heating and energy costs, feeding children, organizing care, educational and developmental activities. Without support for us and we will not be able to help....\",\"inLanguage\":\"en-US\",\"potentialAction\":[{\"@type\":\"ReadAction\",\"target\":[\"https:\/\/fundacjajoannyradziwill.pl\/en\/to-the-rescue-of-socially-excluded-children-and-young-people\/\"]}]},{\"@type\":\"ImageObject\",\"inLanguage\":\"en-US\",\"@id\":\"https:\/\/fundacjajoannyradziwill.pl\/en\/to-the-rescue-of-socially-excluded-children-and-young-people\/#primaryimage\",\"url\":\"https:\/\/fundacjajoannyradziwill.pl\/wp-content\/uploads\/2023\/12\/DSC00471-scaled-e1769691808242.jpg\",\"contentUrl\":\"https:\/\/fundacjajoannyradziwill.pl\/wp-content\/uploads\/2023\/12\/DSC00471-scaled-e1769691808242.jpg\",\"width\":2560,\"height\":1871},{\"@type\":\"WebSite\",\"@id\":\"https:\/\/fundacjajoannyradziwill.pl\/en\/#website\",\"url\":\"https:\/\/fundacjajoannyradziwill.pl\/en\/\",\"name\":\"Fundacja Joanny Radziwi\u0142\u0142\",\"description\":\"Opieku\u0144cze Skrzyd\u0142a\",\"publisher\":{\"@id\":\"https:\/\/fundacjajoannyradziwill.pl\/en\/#organization\"},\"potentialAction\":[{\"@type\":\"SearchAction\",\"target\":{\"@type\":\"EntryPoint\",\"urlTemplate\":\"https:\/\/fundacjajoannyradziwill.pl\/en\/?s={search_term_string}\"},\"query-input\":{\"@type\":\"PropertyValueSpecification\",\"valueRequired\":true,\"valueName\":\"search_term_string\"}}],\"inLanguage\":\"en-US\"},{\"@type\":\"Organization\",\"@id\":\"https:\/\/fundacjajoannyradziwill.pl\/en\/#organization\",\"name\":\"Fundacja Joanny Radziwi\u0142\u0142\",\"url\":\"https:\/\/fundacjajoannyradziwill.pl\/en\/\",\"logo\":{\"@type\":\"ImageObject\",\"inLanguage\":\"en-US\",\"@id\":\"https:\/\/fundacjajoannyradziwill.pl\/en\/#\/schema\/logo\/image\/\",\"url\":\"https:\/\/fundacjajoannyradziwill.pl\/wp-content\/uploads\/2023\/05\/logo_poziom_czerwony-01-1.svg\",\"contentUrl\":\"https:\/\/fundacjajoannyradziwill.pl\/wp-content\/uploads\/2023\/05\/logo_poziom_czerwony-01-1.svg\",\"width\":473,\"height\":151,\"caption\":\"Fundacja Joanny Radziwi\u0142\u0142\"},\"image\":{\"@id\":\"https:\/\/fundacjajoannyradziwill.pl\/en\/#\/schema\/logo\/image\/\"},\"sameAs\":[\"https:\/\/www.facebook.com\/fundacjaopiekunczeskrzydla\"]},{\"@type\":\"Person\",\"@id\":\"https:\/\/fundacjajoannyradziwill.pl\/en\/#\/schema\/person\/5f12bc9c90a4985b4fa39eb0bd8ce51b\",\"name\":\"Beata Kowalczyk\",\"image\":{\"@type\":\"ImageObject\",\"inLanguage\":\"en-US\",\"@id\":\"https:\/\/fundacjajoannyradziwill.pl\/en\/#\/schema\/person\/image\/\",\"url\":\"https:\/\/secure.gravatar.com\/avatar\/ca10322c1a89a33ad010afe7706ff1256276d73c8ec914b713867cc6862947d2?s=96&d=mm&r=g\",\"contentUrl\":\"https:\/\/secure.gravatar.com\/avatar\/ca10322c1a89a33ad010afe7706ff1256276d73c8ec914b713867cc6862947d2?s=96&d=mm&r=g\",\"caption\":\"Beata Kowalczyk\"},\"url\":\"https:\/\/fundacjajoannyradziwill.pl\/en\/author\/b-kowalczyk\/\"}]}<\/script>\n<!-- \/ Yoast SEO plugin. -->","yoast_head_json":{"title":"To the rescue of socially excluded children and young people - Fundacja Joanny Radziwi\u0142\u0142","description":"Daily maintenance of wards of children in 3 houses is a big challenge for us... We need financial support for heating and energy costs, feeding children, organizing care, educational and developmental activities. Without support for us and we will not be able to help....","robots":{"index":"index","follow":"follow","max-snippet":"max-snippet:-1","max-image-preview":"max-image-preview:large","max-video-preview":"max-video-preview:-1"},"canonical":"https:\/\/fundacjajoannyradziwill.pl\/en\/to-the-rescue-of-socially-excluded-children-and-young-people\/","og_locale":"en_US","og_type":"article","og_title":"To the rescue of socially excluded children and young people - Fundacja Joanny Radziwi\u0142\u0142","og_description":"Daily maintenance of wards of children in 3 houses is a big challenge for us... We need financial support for heating and energy costs, feeding children, organizing care, educational and developmental activities. Without support for us and we will not be able to help....","og_url":"https:\/\/fundacjajoannyradziwill.pl\/en\/to-the-rescue-of-socially-excluded-children-and-young-people\/","og_site_name":"Fundacja Joanny Radziwi\u0142\u0142","article_publisher":"https:\/\/www.facebook.com\/fundacjaopiekunczeskrzydla","article_published_time":"2023-12-04T13:43:30+00:00","article_modified_time":"2025-04-29T08:00:32+00:00","og_image":[{"width":2560,"height":1871,"url":"https:\/\/fundacjajoannyradziwill.pl\/wp-content\/uploads\/2023\/12\/DSC00471-scaled.jpg","type":"image\/jpeg"}],"author":"Beata Kowalczyk","twitter_card":"summary_large_image","twitter_misc":{"Written by":"Beata Kowalczyk","Est. reading time":"1 minute"},"schema":{"@context":"https:\/\/schema.org","@graph":[{"@type":"Article","@id":"https:\/\/fundacjajoannyradziwill.pl\/en\/to-the-rescue-of-socially-excluded-children-and-young-people\/#article","isPartOf":{"@id":"https:\/\/fundacjajoannyradziwill.pl\/en\/to-the-rescue-of-socially-excluded-children-and-young-people\/"},"author":{"name":"Beata Kowalczyk","@id":"https:\/\/fundacjajoannyradziwill.pl\/en\/#\/schema\/person\/5f12bc9c90a4985b4fa39eb0bd8ce51b"},"headline":"To the rescue of socially excluded children and young people","datePublished":"2023-12-04T13:43:30+00:00","dateModified":"2025-04-29T08:00:32+00:00","mainEntityOfPage":{"@id":"https:\/\/fundacjajoannyradziwill.pl\/en\/to-the-rescue-of-socially-excluded-children-and-young-people\/"},"wordCount":180,"publisher":{"@id":"https:\/\/fundacjajoannyradziwill.pl\/en\/#organization"},"image":{"@id":"https:\/\/fundacjajoannyradziwill.pl\/en\/to-the-rescue-of-socially-excluded-children-and-young-people\/#primaryimage"},"thumbnailUrl":"https:\/\/fundacjajoannyradziwill.pl\/wp-content\/uploads\/2023\/12\/DSC00471-scaled-e1769691808242.jpg","keywords":["Charity action","Help children for Christmas","Helping children","Support for Christmas"],"articleSection":["News"],"inLanguage":"en-US"},{"@type":"WebPage","@id":"https:\/\/fundacjajoannyradziwill.pl\/en\/to-the-rescue-of-socially-excluded-children-and-young-people\/","url":"https:\/\/fundacjajoannyradziwill.pl\/en\/to-the-rescue-of-socially-excluded-children-and-young-people\/","name":"To the rescue of socially excluded children and young people - Fundacja Joanny Radziwi\u0142\u0142","isPartOf":{"@id":"https:\/\/fundacjajoannyradziwill.pl\/en\/#website"},"primaryImageOfPage":{"@id":"https:\/\/fundacjajoannyradziwill.pl\/en\/to-the-rescue-of-socially-excluded-children-and-young-people\/#primaryimage"},"image":{"@id":"https:\/\/fundacjajoannyradziwill.pl\/en\/to-the-rescue-of-socially-excluded-children-and-young-people\/#primaryimage"},"thumbnailUrl":"https:\/\/fundacjajoannyradziwill.pl\/wp-content\/uploads\/2023\/12\/DSC00471-scaled-e1769691808242.jpg","datePublished":"2023-12-04T13:43:30+00:00","dateModified":"2025-04-29T08:00:32+00:00","description":"Daily maintenance of wards of children in 3 houses is a big challenge for us... We need financial support for heating and energy costs, feeding children, organizing care, educational and developmental activities. Without support for us and we will not be able to help....","inLanguage":"en-US","potentialAction":[{"@type":"ReadAction","target":["https:\/\/fundacjajoannyradziwill.pl\/en\/to-the-rescue-of-socially-excluded-children-and-young-people\/"]}]},{"@type":"ImageObject","inLanguage":"en-US","@id":"https:\/\/fundacjajoannyradziwill.pl\/en\/to-the-rescue-of-socially-excluded-children-and-young-people\/#primaryimage","url":"https:\/\/fundacjajoannyradziwill.pl\/wp-content\/uploads\/2023\/12\/DSC00471-scaled-e1769691808242.jpg","contentUrl":"https:\/\/fundacjajoannyradziwill.pl\/wp-content\/uploads\/2023\/12\/DSC00471-scaled-e1769691808242.jpg","width":2560,"height":1871},{"@type":"WebSite","@id":"https:\/\/fundacjajoannyradziwill.pl\/en\/#website","url":"https:\/\/fundacjajoannyradziwill.pl\/en\/","name":"Fundacja Joanny Radziwi\u0142\u0142","description":"Opieku\u0144cze Skrzyd\u0142a","publisher":{"@id":"https:\/\/fundacjajoannyradziwill.pl\/en\/#organization"},"potentialAction":[{"@type":"SearchAction","target":{"@type":"EntryPoint","urlTemplate":"https:\/\/fundacjajoannyradziwill.pl\/en\/?s={search_term_string}"},"query-input":{"@type":"PropertyValueSpecification","valueRequired":true,"valueName":"search_term_string"}}],"inLanguage":"en-US"},{"@type":"Organization","@id":"https:\/\/fundacjajoannyradziwill.pl\/en\/#organization","name":"Fundacja Joanny Radziwi\u0142\u0142","url":"https:\/\/fundacjajoannyradziwill.pl\/en\/","logo":{"@type":"ImageObject","inLanguage":"en-US","@id":"https:\/\/fundacjajoannyradziwill.pl\/en\/#\/schema\/logo\/image\/","url":"https:\/\/fundacjajoannyradziwill.pl\/wp-content\/uploads\/2023\/05\/logo_poziom_czerwony-01-1.svg","contentUrl":"https:\/\/fundacjajoannyradziwill.pl\/wp-content\/uploads\/2023\/05\/logo_poziom_czerwony-01-1.svg","width":473,"height":151,"caption":"Fundacja Joanny Radziwi\u0142\u0142"},"image":{"@id":"https:\/\/fundacjajoannyradziwill.pl\/en\/#\/schema\/logo\/image\/"},"sameAs":["https:\/\/www.facebook.com\/fundacjaopiekunczeskrzydla"]},{"@type":"Person","@id":"https:\/\/fundacjajoannyradziwill.pl\/en\/#\/schema\/person\/5f12bc9c90a4985b4fa39eb0bd8ce51b","name":"Beata Kowalczyk","image":{"@type":"ImageObject","inLanguage":"en-US","@id":"https:\/\/fundacjajoannyradziwill.pl\/en\/#\/schema\/person\/image\/","url":"https:\/\/secure.gravatar.com\/avatar\/ca10322c1a89a33ad010afe7706ff1256276d73c8ec914b713867cc6862947d2?s=96&d=mm&r=g","contentUrl":"https:\/\/secure.gravatar.com\/avatar\/ca10322c1a89a33ad010afe7706ff1256276d73c8ec914b713867cc6862947d2?s=96&d=mm&r=g","caption":"Beata Kowalczyk"},"url":"https:\/\/fundacjajoannyradziwill.pl\/en\/author\/b-kowalczyk\/"}]}},"_links":{"self":[{"href":"https:\/\/fundacjajoannyradziwill.pl\/en\/wp-json\/wp\/v2\/posts\/13559","targetHints":{"allow":["GET"]}}],"collection":[{"href":"https:\/\/fundacjajoannyradziwill.pl\/en\/wp-json\/wp\/v2\/posts"}],"about":[{"href":"https:\/\/fundacjajoannyradziwill.pl\/en\/wp-json\/wp\/v2\/types\/post"}],"author":[{"embeddable":true,"href":"https:\/\/fundacjajoannyradziwill.pl\/en\/wp-json\/wp\/v2\/users\/24784"}],"replies":[{"embeddable":true,"href":"https:\/\/fundacjajoannyradziwill.pl\/en\/wp-json\/wp\/v2\/comments?post=13559"}],"version-history":[{"count":1,"href":"https:\/\/fundacjajoannyradziwill.pl\/en\/wp-json\/wp\/v2\/posts\/13559\/revisions"}],"predecessor-version":[{"id":13560,"href":"https:\/\/fundacjajoannyradziwill.pl\/en\/wp-json\/wp\/v2\/posts\/13559\/revisions\/13560"}],"wp:featuredmedia":[{"embeddable":true,"href":"https:\/\/fundacjajoannyradziwill.pl\/en\/wp-json\/wp\/v2\/media\/13139"}],"wp:attachment":[{"href":"https:\/\/fundacjajoannyradziwill.pl\/en\/wp-json\/wp\/v2\/media?parent=13559"}],"wp:term":[{"taxonomy":"category","embeddable":true,"href":"https:\/\/fundacjajoannyradziwill.pl\/en\/wp-json\/wp\/v2\/categories?post=13559"},{"taxonomy":"post_tag","embeddable":true,"href":"https:\/\/fundacjajoannyradziwill.pl\/en\/wp-json\/wp\/v2\/tags?post=13559"}],"curies":[{"name":"wp","href":"https:\/\/api.w.org\/{rel}","templated":true}]}}