{"id":13569,"date":"2023-11-13T15:25:42","date_gmt":"2023-11-13T14:25:42","guid":{"rendered":"https:\/\/fundacjajoannyradziwill.pl\/summary-of-activities-for-families-from-ukraine\/"},"modified":"2025-04-29T10:01:37","modified_gmt":"2025-04-29T08:01:37","slug":"summary-of-activities-for-families-from-ukraine","status":"publish","type":"post","link":"https:\/\/fundacjajoannyradziwill.pl\/en\/summary-of-activities-for-families-from-ukraine\/","title":{"rendered":"Summary of activities for families from Ukraine"},"content":{"rendered":"\n<p>Summary of activities organized in time  <strong>1.04. 2022 r. &#8211; 31.08. 2023 r.  <\/strong>  \/16 months \/ <strong>for the benefit of Ukrainian children and families<\/strong>.<\/p>\n\n<h2 class=\"wp-block-heading\">Learning the Polish Language<\/h2>\n\n<ul class=\"wp-block-list\">\n<li>regular participation of <strong>93 people<\/strong><\/li>\n\n\n\n<li>running <strong>5 groups<\/strong><\/li>\n\n\n\n<li>The participants were women + 2 teenage boys<\/li>\n\n\n\n<li>participants of the classes were equipped with textbooks and exercises prepared by us to learn<br\/>Polish language<\/li>\n\n\n\n<li>classes were held 5 x per week for 1.5 h \/ total: <strong>2560 hrs<\/strong>. \/<\/li>\n\n\n\n<li>We have hired help to teach Polish classes <\/li>\n<\/ul>\n\n<h2 class=\"wp-block-heading\">Everyday help for Ukrainian children<\/h2>\n\n<ul class=\"wp-block-list\">\n<li><strong>15 Ukrainian children<\/strong> regularly participated in the classes<\/li>\n\n\n\n<li>we provided pedagogical care<\/li>\n\n\n\n<li>we provided psychological care<\/li>\n\n\n\n<li>we provided full board \/ total: <strong>5040 meals<\/strong> \/ <strong>.<\/strong> <\/li>\n\n\n\n<li>we organized thematic workshops<\/li>\n\n\n\n<li>we organized holiday trips<\/li>\n\n\n\n<li>we hired <strong>a Ukrainian pedagogue<\/strong><\/li>\n<\/ul>\n\n<h2 class=\"wp-block-heading\">Ukrainian Cafe<\/h2>\n\n<ul class=\"wp-block-list\">\n<li>Open every Saturday, from 10 am to 1 pm \/ total: <strong>64 Saturdays<\/strong> \/ <strong>.<\/strong>  <\/li>\n\n\n\n<li>we organized a safe space<\/li>\n\n\n\n<li>we provided refreshments \/ total: <strong>9152<\/strong> \/<\/li>\n\n\n\n<li>we provided material, legal, psychological assistance<\/li>\n\n\n\n<li>regularly used <strong>143 people<\/strong><\/li>\n\n\n\n<li>we hired <strong>people from Ukraine to help<\/strong><br\/>At the foundation&#8217;s cafe, every Saturday, Ukrainian families integrated with each other, gave each other support, celebrated Ukrainian culture together &#8211; sang, danced, held poetry meetings, and cried. Many friendships were formed. <\/li>\n<\/ul>\n\n<h2 class=\"wp-block-heading\">Caring for Ukrainian families<\/h2>\n\n<ul class=\"wp-block-list\">\n<li>We accommodated <strong>a family of two and a family of four<\/strong>, in the foundation house Kamionka<\/li>\n\n\n\n<li>we provided a warm and safe home<\/li>\n\n\n\n<li>we provided pedagogical care<\/li>\n\n\n\n<li>we provided psychological care<\/li>\n\n\n\n<li>we provided full board \/ total: <strong>1620 meals<\/strong> \/ <strong>.<\/strong> <\/li>\n<\/ul>\n\n<h2 class=\"wp-block-heading\">Administration<\/h2>\n\n<ul class=\"wp-block-list\">\n<li>We organized<strong> shipments of donations<\/strong> to Ukraine<\/li>\n\n\n\n<li>We arranged for a family from Ukraine to be brought to Poland<\/li>\n\n\n\n<li>we purchased laptops<\/li>\n\n\n\n<li>We have hired <strong>an assistance coordinator<\/strong><\/li>\n<\/ul>\n\n<p>_____________________________<\/p>\n\n<p>It was a very difficult time, for the world, for Ukraine, for Poland and for us, the employees of the Joanna Radziwill Care Wings Foundation. The people and situations we encountered on a daily basis moved us profoundly. That&#8217;s why we decided to specifically work on behalf of those traumatized by the war. We are still in contact with many of them, and to this day we are taking care of 12 children and their families, from Ukraine. We will always respond quickly with concrete action to every human misfortune, violence, injustice and also war!    <br\/><br\/><strong>We would especially like to thank Kasia Robinska and Robert Markwick from England, Monika Bednarek from Mallorca, Elisabeth Czartoryski and Pavan Agarwal and their Friends, Aleksandra Wojnar, Magda Filipowicz, Witold Filipowicz and Friends from Switzerland, the Give Children Strength Foundation and all the Individuals who contributed to help the families from Ukraine. You are irreplaceable! <\/strong><\/p>\n\n<p><em>Foundation President Magdalena Krynska<br\/>Foundation Board Member Joanna Radziwill<\/em><br\/><\/p>\n\n<figure class=\"wp-block-image size-large\"><img fetchpriority=\"high\" decoding=\"async\" width=\"1024\" height=\"768\" src=\"https:\/\/fundacjajoannyradziwill.pl\/wp-content\/uploads\/2023\/11\/ukrainska-kawiarnia1-1024x768.jpg\" alt=\"\" class=\"wp-image-10370\" srcset=\"https:\/\/fundacjajoannyradziwill.pl\/wp-content\/uploads\/2023\/11\/ukrainska-kawiarnia1-1024x768.jpg 1024w, https:\/\/fundacjajoannyradziwill.pl\/wp-content\/uploads\/2023\/11\/ukrainska-kawiarnia1-300x225.jpg 300w, https:\/\/fundacjajoannyradziwill.pl\/wp-content\/uploads\/2023\/11\/ukrainska-kawiarnia1-768x576.jpg 768w, https:\/\/fundacjajoannyradziwill.pl\/wp-content\/uploads\/2023\/11\/ukrainska-kawiarnia1-1536x1152.jpg 1536w, https:\/\/fundacjajoannyradziwill.pl\/wp-content\/uploads\/2023\/11\/ukrainska-kawiarnia1.jpg 1920w\" sizes=\"(max-width: 1024px) 100vw, 1024px\" \/><\/figure>\n","protected":false},"excerpt":{"rendered":"<p>Summary of activities organized in time 1.04. 2022 r. &#8211; 31.08. 2023 r. \/16 months \/ for the benefit of Ukrainian children and families. Learning the Polish Language Everyday help for Ukrainian children Ukrainian Cafe Caring for Ukrainian families Administration _____________________________ It was a very difficult time, for the world, for Ukraine, for Poland and for us, the employees of the Joanna Radziwill Care Wings Foundation. The people and situations we encountered on a daily basis moved us profoundly. That&#8217;s why we decided to specifically work on behalf of those traumatized by the war. We are still in contact with many of them, and to this day we are taking care of 12 children and their families, from Ukraine. We will always respond quickly with concrete action to every human misfortune, violence, injustice and also war! We would especially like to thank Kasia Robinska and Robert Markwick from England, Monika Bednarek from Mallorca, Elisabeth Czartoryski and Pavan Agarwal and their Friends, Aleksandra Wojnar, Magda Filipowicz, Witold Filipowicz and Friends from Switzerland, the Give Children Strength Foundation and all the Individuals who contributed to help the families from Ukraine. You are irreplaceable! Foundation President Magdalena KrynskaFoundation Board Member Joanna Radziwill<\/p>\n","protected":false},"author":24784,"featured_media":13121,"comment_status":"closed","ping_status":"closed","sticky":false,"template":"","format":"standard","meta":{"_acf_changed":false,"inline_featured_image":false,"_monsterinsights_skip_tracking":false,"_monsterinsights_sitenote_active":false,"_monsterinsights_sitenote_note":"","_monsterinsights_sitenote_category":0,"ocean_post_layout":"","ocean_both_sidebars_style":"","ocean_both_sidebars_content_width":0,"ocean_both_sidebars_sidebars_width":0,"ocean_sidebar":"","ocean_second_sidebar":"","ocean_disable_margins":"enable","ocean_add_body_class":"","ocean_shortcode_before_top_bar":"","ocean_shortcode_after_top_bar":"","ocean_shortcode_before_header":"","ocean_shortcode_after_header":"","ocean_has_shortcode":"","ocean_shortcode_after_title":"","ocean_shortcode_before_footer_widgets":"","ocean_shortcode_after_footer_widgets":"","ocean_shortcode_before_footer_bottom":"","ocean_shortcode_after_footer_bottom":"","ocean_display_top_bar":"default","ocean_display_header":"default","ocean_header_style":"","ocean_center_header_left_menu":"","ocean_custom_header_template":"","ocean_custom_logo":0,"ocean_custom_retina_logo":0,"ocean_custom_logo_max_width":0,"ocean_custom_logo_tablet_max_width":0,"ocean_custom_logo_mobile_max_width":0,"ocean_custom_logo_max_height":0,"ocean_custom_logo_tablet_max_height":0,"ocean_custom_logo_mobile_max_height":0,"ocean_header_custom_menu":"","ocean_menu_typo_font_family":"","ocean_menu_typo_font_subset":"","ocean_menu_typo_font_size":0,"ocean_menu_typo_font_size_tablet":0,"ocean_menu_typo_font_size_mobile":0,"ocean_menu_typo_font_size_unit":"px","ocean_menu_typo_font_weight":"","ocean_menu_typo_font_weight_tablet":"","ocean_menu_typo_font_weight_mobile":"","ocean_menu_typo_transform":"","ocean_menu_typo_transform_tablet":"","ocean_menu_typo_transform_mobile":"","ocean_menu_typo_line_height":0,"ocean_menu_typo_line_height_tablet":0,"ocean_menu_typo_line_height_mobile":0,"ocean_menu_typo_line_height_unit":"","ocean_menu_typo_spacing":0,"ocean_menu_typo_spacing_tablet":0,"ocean_menu_typo_spacing_mobile":0,"ocean_menu_typo_spacing_unit":"","ocean_menu_link_color":"","ocean_menu_link_color_hover":"","ocean_menu_link_color_active":"","ocean_menu_link_background":"","ocean_menu_link_hover_background":"","ocean_menu_link_active_background":"","ocean_menu_social_links_bg":"","ocean_menu_social_hover_links_bg":"","ocean_menu_social_links_color":"","ocean_menu_social_hover_links_color":"","ocean_disable_title":"default","ocean_disable_heading":"default","ocean_post_title":"","ocean_post_subheading":"","ocean_post_title_style":"","ocean_post_title_background_color":"","ocean_post_title_background":0,"ocean_post_title_bg_image_position":"","ocean_post_title_bg_image_attachment":"","ocean_post_title_bg_image_repeat":"","ocean_post_title_bg_image_size":"","ocean_post_title_height":0,"ocean_post_title_bg_overlay":0.5,"ocean_post_title_bg_overlay_color":"","ocean_disable_breadcrumbs":"default","ocean_breadcrumbs_color":"","ocean_breadcrumbs_separator_color":"","ocean_breadcrumbs_links_color":"","ocean_breadcrumbs_links_hover_color":"","ocean_display_footer_widgets":"default","ocean_display_footer_bottom":"default","ocean_custom_footer_template":"","ocean_post_oembed":"","ocean_post_self_hosted_media":"","ocean_post_video_embed":"","ocean_link_format":"","ocean_link_format_target":"self","ocean_quote_format":"","ocean_quote_format_link":"post","ocean_gallery_link_images":"on","ocean_gallery_id":[],"footnotes":"","_links_to":"","_links_to_target":""},"categories":[290],"tags":[341],"class_list":["post-13569","post","type-post","status-publish","format-standard","has-post-thumbnail","hentry","category-news-en","tag-ukraine-en","entry","has-media"],"acf":[],"yoast_head":"<!-- This site is optimized with the Yoast SEO plugin v26.3 - https:\/\/yoast.com\/wordpress\/plugins\/seo\/ -->\n<title>Summary of activities for families from Ukraine - Fundacja Joanny Radziwi\u0142\u0142<\/title>\n<meta name=\"robots\" content=\"index, follow, max-snippet:-1, max-image-preview:large, max-video-preview:-1\" \/>\n<link rel=\"canonical\" href=\"https:\/\/fundacjajoannyradziwill.pl\/en\/summary-of-activities-for-families-from-ukraine\/\" \/>\n<meta property=\"og:locale\" content=\"en_US\" \/>\n<meta property=\"og:type\" content=\"article\" \/>\n<meta property=\"og:title\" content=\"Summary of activities for families from Ukraine - Fundacja Joanny Radziwi\u0142\u0142\" \/>\n<meta property=\"og:description\" content=\"Summary of activities organized in time 1.04. 2022 r. &#8211; 31.08. 2023 r. \/16 months \/ for the benefit of Ukrainian children and families. Learning the Polish Language Everyday help for Ukrainian children Ukrainian Cafe Caring for Ukrainian families Administration _____________________________ It was a very difficult time, for the world, for Ukraine, for Poland and for us, the employees of the Joanna Radziwill Care Wings Foundation. The people and situations we encountered on a daily basis moved us profoundly. That&#8217;s why we decided to specifically work on behalf of those traumatized by the war. We are still in contact with many of them, and to this day we are taking care of 12 children and their families, from Ukraine. We will always respond quickly with concrete action to every human misfortune, violence, injustice and also war! We would especially like to thank Kasia Robinska and Robert Markwick from England, Monika Bednarek from Mallorca, Elisabeth Czartoryski and Pavan Agarwal and their Friends, Aleksandra Wojnar, Magda Filipowicz, Witold Filipowicz and Friends from Switzerland, the Give Children Strength Foundation and all the Individuals who contributed to help the families from Ukraine. You are irreplaceable! Foundation President Magdalena KrynskaFoundation Board Member Joanna Radziwill\" \/>\n<meta property=\"og:url\" content=\"https:\/\/fundacjajoannyradziwill.pl\/en\/summary-of-activities-for-families-from-ukraine\/\" \/>\n<meta property=\"og:site_name\" content=\"Fundacja Joanny Radziwi\u0142\u0142\" \/>\n<meta property=\"article:publisher\" content=\"https:\/\/www.facebook.com\/fundacjaopiekunczeskrzydla\" \/>\n<meta property=\"article:published_time\" content=\"2023-11-13T14:25:42+00:00\" \/>\n<meta property=\"article:modified_time\" content=\"2025-04-29T08:01:37+00:00\" \/>\n<meta property=\"og:image\" content=\"https:\/\/fundacjajoannyradziwill.pl\/wp-content\/uploads\/2023\/11\/1675790784861.jpeg\" \/>\n\t<meta property=\"og:image:width\" content=\"1536\" \/>\n\t<meta property=\"og:image:height\" content=\"1180\" \/>\n\t<meta property=\"og:image:type\" content=\"image\/jpeg\" \/>\n<meta name=\"author\" content=\"Beata Kowalczyk\" \/>\n<meta name=\"twitter:card\" content=\"summary_large_image\" \/>\n<meta name=\"twitter:label1\" content=\"Written by\" \/>\n\t<meta name=\"twitter:data1\" content=\"Beata Kowalczyk\" \/>\n\t<meta name=\"twitter:label2\" content=\"Est. reading time\" \/>\n\t<meta name=\"twitter:data2\" content=\"2 minutes\" \/>\n<script type=\"application\/ld+json\" class=\"yoast-schema-graph\">{\"@context\":\"https:\/\/schema.org\",\"@graph\":[{\"@type\":\"Article\",\"@id\":\"https:\/\/fundacjajoannyradziwill.pl\/en\/summary-of-activities-for-families-from-ukraine\/#article\",\"isPartOf\":{\"@id\":\"https:\/\/fundacjajoannyradziwill.pl\/en\/summary-of-activities-for-families-from-ukraine\/\"},\"author\":{\"name\":\"Beata Kowalczyk\",\"@id\":\"https:\/\/fundacjajoannyradziwill.pl\/en\/#\/schema\/person\/5f12bc9c90a4985b4fa39eb0bd8ce51b\"},\"headline\":\"Summary of activities for families from Ukraine\",\"datePublished\":\"2023-11-13T14:25:42+00:00\",\"dateModified\":\"2025-04-29T08:01:37+00:00\",\"mainEntityOfPage\":{\"@id\":\"https:\/\/fundacjajoannyradziwill.pl\/en\/summary-of-activities-for-families-from-ukraine\/\"},\"wordCount\":409,\"publisher\":{\"@id\":\"https:\/\/fundacjajoannyradziwill.pl\/en\/#organization\"},\"image\":{\"@id\":\"https:\/\/fundacjajoannyradziwill.pl\/en\/summary-of-activities-for-families-from-ukraine\/#primaryimage\"},\"thumbnailUrl\":\"https:\/\/fundacjajoannyradziwill.pl\/wp-content\/uploads\/2023\/11\/1675790784861.jpeg\",\"keywords\":[\"Ukraine\"],\"articleSection\":[\"News\"],\"inLanguage\":\"en-US\"},{\"@type\":\"WebPage\",\"@id\":\"https:\/\/fundacjajoannyradziwill.pl\/en\/summary-of-activities-for-families-from-ukraine\/\",\"url\":\"https:\/\/fundacjajoannyradziwill.pl\/en\/summary-of-activities-for-families-from-ukraine\/\",\"name\":\"Summary of activities for families from Ukraine - Fundacja Joanny Radziwi\u0142\u0142\",\"isPartOf\":{\"@id\":\"https:\/\/fundacjajoannyradziwill.pl\/en\/#website\"},\"primaryImageOfPage\":{\"@id\":\"https:\/\/fundacjajoannyradziwill.pl\/en\/summary-of-activities-for-families-from-ukraine\/#primaryimage\"},\"image\":{\"@id\":\"https:\/\/fundacjajoannyradziwill.pl\/en\/summary-of-activities-for-families-from-ukraine\/#primaryimage\"},\"thumbnailUrl\":\"https:\/\/fundacjajoannyradziwill.pl\/wp-content\/uploads\/2023\/11\/1675790784861.jpeg\",\"datePublished\":\"2023-11-13T14:25:42+00:00\",\"dateModified\":\"2025-04-29T08:01:37+00:00\",\"inLanguage\":\"en-US\",\"potentialAction\":[{\"@type\":\"ReadAction\",\"target\":[\"https:\/\/fundacjajoannyradziwill.pl\/en\/summary-of-activities-for-families-from-ukraine\/\"]}]},{\"@type\":\"ImageObject\",\"inLanguage\":\"en-US\",\"@id\":\"https:\/\/fundacjajoannyradziwill.pl\/en\/summary-of-activities-for-families-from-ukraine\/#primaryimage\",\"url\":\"https:\/\/fundacjajoannyradziwill.pl\/wp-content\/uploads\/2023\/11\/1675790784861.jpeg\",\"contentUrl\":\"https:\/\/fundacjajoannyradziwill.pl\/wp-content\/uploads\/2023\/11\/1675790784861.jpeg\",\"width\":1536,\"height\":1180},{\"@type\":\"WebSite\",\"@id\":\"https:\/\/fundacjajoannyradziwill.pl\/en\/#website\",\"url\":\"https:\/\/fundacjajoannyradziwill.pl\/en\/\",\"name\":\"Fundacja Joanny Radziwi\u0142\u0142\",\"description\":\"Opieku\u0144cze Skrzyd\u0142a\",\"publisher\":{\"@id\":\"https:\/\/fundacjajoannyradziwill.pl\/en\/#organization\"},\"potentialAction\":[{\"@type\":\"SearchAction\",\"target\":{\"@type\":\"EntryPoint\",\"urlTemplate\":\"https:\/\/fundacjajoannyradziwill.pl\/en\/?s={search_term_string}\"},\"query-input\":{\"@type\":\"PropertyValueSpecification\",\"valueRequired\":true,\"valueName\":\"search_term_string\"}}],\"inLanguage\":\"en-US\"},{\"@type\":\"Organization\",\"@id\":\"https:\/\/fundacjajoannyradziwill.pl\/en\/#organization\",\"name\":\"Fundacja Joanny Radziwi\u0142\u0142\",\"url\":\"https:\/\/fundacjajoannyradziwill.pl\/en\/\",\"logo\":{\"@type\":\"ImageObject\",\"inLanguage\":\"en-US\",\"@id\":\"https:\/\/fundacjajoannyradziwill.pl\/en\/#\/schema\/logo\/image\/\",\"url\":\"https:\/\/fundacjajoannyradziwill.pl\/wp-content\/uploads\/2023\/05\/logo_poziom_czerwony-01-1.svg\",\"contentUrl\":\"https:\/\/fundacjajoannyradziwill.pl\/wp-content\/uploads\/2023\/05\/logo_poziom_czerwony-01-1.svg\",\"width\":473,\"height\":151,\"caption\":\"Fundacja Joanny Radziwi\u0142\u0142\"},\"image\":{\"@id\":\"https:\/\/fundacjajoannyradziwill.pl\/en\/#\/schema\/logo\/image\/\"},\"sameAs\":[\"https:\/\/www.facebook.com\/fundacjaopiekunczeskrzydla\"]},{\"@type\":\"Person\",\"@id\":\"https:\/\/fundacjajoannyradziwill.pl\/en\/#\/schema\/person\/5f12bc9c90a4985b4fa39eb0bd8ce51b\",\"name\":\"Beata Kowalczyk\",\"image\":{\"@type\":\"ImageObject\",\"inLanguage\":\"en-US\",\"@id\":\"https:\/\/fundacjajoannyradziwill.pl\/en\/#\/schema\/person\/image\/\",\"url\":\"https:\/\/secure.gravatar.com\/avatar\/ca10322c1a89a33ad010afe7706ff1256276d73c8ec914b713867cc6862947d2?s=96&d=mm&r=g\",\"contentUrl\":\"https:\/\/secure.gravatar.com\/avatar\/ca10322c1a89a33ad010afe7706ff1256276d73c8ec914b713867cc6862947d2?s=96&d=mm&r=g\",\"caption\":\"Beata Kowalczyk\"},\"url\":\"https:\/\/fundacjajoannyradziwill.pl\/en\/author\/b-kowalczyk\/\"}]}<\/script>\n<!-- \/ Yoast SEO plugin. -->","yoast_head_json":{"title":"Summary of activities for families from Ukraine - Fundacja Joanny Radziwi\u0142\u0142","robots":{"index":"index","follow":"follow","max-snippet":"max-snippet:-1","max-image-preview":"max-image-preview:large","max-video-preview":"max-video-preview:-1"},"canonical":"https:\/\/fundacjajoannyradziwill.pl\/en\/summary-of-activities-for-families-from-ukraine\/","og_locale":"en_US","og_type":"article","og_title":"Summary of activities for families from Ukraine - Fundacja Joanny Radziwi\u0142\u0142","og_description":"Summary of activities organized in time 1.04. 2022 r. &#8211; 31.08. 2023 r. \/16 months \/ for the benefit of Ukrainian children and families. Learning the Polish Language Everyday help for Ukrainian children Ukrainian Cafe Caring for Ukrainian families Administration _____________________________ It was a very difficult time, for the world, for Ukraine, for Poland and for us, the employees of the Joanna Radziwill Care Wings Foundation. The people and situations we encountered on a daily basis moved us profoundly. That&#8217;s why we decided to specifically work on behalf of those traumatized by the war. We are still in contact with many of them, and to this day we are taking care of 12 children and their families, from Ukraine. We will always respond quickly with concrete action to every human misfortune, violence, injustice and also war! We would especially like to thank Kasia Robinska and Robert Markwick from England, Monika Bednarek from Mallorca, Elisabeth Czartoryski and Pavan Agarwal and their Friends, Aleksandra Wojnar, Magda Filipowicz, Witold Filipowicz and Friends from Switzerland, the Give Children Strength Foundation and all the Individuals who contributed to help the families from Ukraine. You are irreplaceable! Foundation President Magdalena KrynskaFoundation Board Member Joanna Radziwill","og_url":"https:\/\/fundacjajoannyradziwill.pl\/en\/summary-of-activities-for-families-from-ukraine\/","og_site_name":"Fundacja Joanny Radziwi\u0142\u0142","article_publisher":"https:\/\/www.facebook.com\/fundacjaopiekunczeskrzydla","article_published_time":"2023-11-13T14:25:42+00:00","article_modified_time":"2025-04-29T08:01:37+00:00","og_image":[{"width":1536,"height":1180,"url":"https:\/\/fundacjajoannyradziwill.pl\/wp-content\/uploads\/2023\/11\/1675790784861.jpeg","type":"image\/jpeg"}],"author":"Beata Kowalczyk","twitter_card":"summary_large_image","twitter_misc":{"Written by":"Beata Kowalczyk","Est. reading time":"2 minutes"},"schema":{"@context":"https:\/\/schema.org","@graph":[{"@type":"Article","@id":"https:\/\/fundacjajoannyradziwill.pl\/en\/summary-of-activities-for-families-from-ukraine\/#article","isPartOf":{"@id":"https:\/\/fundacjajoannyradziwill.pl\/en\/summary-of-activities-for-families-from-ukraine\/"},"author":{"name":"Beata Kowalczyk","@id":"https:\/\/fundacjajoannyradziwill.pl\/en\/#\/schema\/person\/5f12bc9c90a4985b4fa39eb0bd8ce51b"},"headline":"Summary of activities for families from Ukraine","datePublished":"2023-11-13T14:25:42+00:00","dateModified":"2025-04-29T08:01:37+00:00","mainEntityOfPage":{"@id":"https:\/\/fundacjajoannyradziwill.pl\/en\/summary-of-activities-for-families-from-ukraine\/"},"wordCount":409,"publisher":{"@id":"https:\/\/fundacjajoannyradziwill.pl\/en\/#organization"},"image":{"@id":"https:\/\/fundacjajoannyradziwill.pl\/en\/summary-of-activities-for-families-from-ukraine\/#primaryimage"},"thumbnailUrl":"https:\/\/fundacjajoannyradziwill.pl\/wp-content\/uploads\/2023\/11\/1675790784861.jpeg","keywords":["Ukraine"],"articleSection":["News"],"inLanguage":"en-US"},{"@type":"WebPage","@id":"https:\/\/fundacjajoannyradziwill.pl\/en\/summary-of-activities-for-families-from-ukraine\/","url":"https:\/\/fundacjajoannyradziwill.pl\/en\/summary-of-activities-for-families-from-ukraine\/","name":"Summary of activities for families from Ukraine - Fundacja Joanny Radziwi\u0142\u0142","isPartOf":{"@id":"https:\/\/fundacjajoannyradziwill.pl\/en\/#website"},"primaryImageOfPage":{"@id":"https:\/\/fundacjajoannyradziwill.pl\/en\/summary-of-activities-for-families-from-ukraine\/#primaryimage"},"image":{"@id":"https:\/\/fundacjajoannyradziwill.pl\/en\/summary-of-activities-for-families-from-ukraine\/#primaryimage"},"thumbnailUrl":"https:\/\/fundacjajoannyradziwill.pl\/wp-content\/uploads\/2023\/11\/1675790784861.jpeg","datePublished":"2023-11-13T14:25:42+00:00","dateModified":"2025-04-29T08:01:37+00:00","inLanguage":"en-US","potentialAction":[{"@type":"ReadAction","target":["https:\/\/fundacjajoannyradziwill.pl\/en\/summary-of-activities-for-families-from-ukraine\/"]}]},{"@type":"ImageObject","inLanguage":"en-US","@id":"https:\/\/fundacjajoannyradziwill.pl\/en\/summary-of-activities-for-families-from-ukraine\/#primaryimage","url":"https:\/\/fundacjajoannyradziwill.pl\/wp-content\/uploads\/2023\/11\/1675790784861.jpeg","contentUrl":"https:\/\/fundacjajoannyradziwill.pl\/wp-content\/uploads\/2023\/11\/1675790784861.jpeg","width":1536,"height":1180},{"@type":"WebSite","@id":"https:\/\/fundacjajoannyradziwill.pl\/en\/#website","url":"https:\/\/fundacjajoannyradziwill.pl\/en\/","name":"Fundacja Joanny Radziwi\u0142\u0142","description":"Opieku\u0144cze Skrzyd\u0142a","publisher":{"@id":"https:\/\/fundacjajoannyradziwill.pl\/en\/#organization"},"potentialAction":[{"@type":"SearchAction","target":{"@type":"EntryPoint","urlTemplate":"https:\/\/fundacjajoannyradziwill.pl\/en\/?s={search_term_string}"},"query-input":{"@type":"PropertyValueSpecification","valueRequired":true,"valueName":"search_term_string"}}],"inLanguage":"en-US"},{"@type":"Organization","@id":"https:\/\/fundacjajoannyradziwill.pl\/en\/#organization","name":"Fundacja Joanny Radziwi\u0142\u0142","url":"https:\/\/fundacjajoannyradziwill.pl\/en\/","logo":{"@type":"ImageObject","inLanguage":"en-US","@id":"https:\/\/fundacjajoannyradziwill.pl\/en\/#\/schema\/logo\/image\/","url":"https:\/\/fundacjajoannyradziwill.pl\/wp-content\/uploads\/2023\/05\/logo_poziom_czerwony-01-1.svg","contentUrl":"https:\/\/fundacjajoannyradziwill.pl\/wp-content\/uploads\/2023\/05\/logo_poziom_czerwony-01-1.svg","width":473,"height":151,"caption":"Fundacja Joanny Radziwi\u0142\u0142"},"image":{"@id":"https:\/\/fundacjajoannyradziwill.pl\/en\/#\/schema\/logo\/image\/"},"sameAs":["https:\/\/www.facebook.com\/fundacjaopiekunczeskrzydla"]},{"@type":"Person","@id":"https:\/\/fundacjajoannyradziwill.pl\/en\/#\/schema\/person\/5f12bc9c90a4985b4fa39eb0bd8ce51b","name":"Beata Kowalczyk","image":{"@type":"ImageObject","inLanguage":"en-US","@id":"https:\/\/fundacjajoannyradziwill.pl\/en\/#\/schema\/person\/image\/","url":"https:\/\/secure.gravatar.com\/avatar\/ca10322c1a89a33ad010afe7706ff1256276d73c8ec914b713867cc6862947d2?s=96&d=mm&r=g","contentUrl":"https:\/\/secure.gravatar.com\/avatar\/ca10322c1a89a33ad010afe7706ff1256276d73c8ec914b713867cc6862947d2?s=96&d=mm&r=g","caption":"Beata Kowalczyk"},"url":"https:\/\/fundacjajoannyradziwill.pl\/en\/author\/b-kowalczyk\/"}]}},"_links":{"self":[{"href":"https:\/\/fundacjajoannyradziwill.pl\/en\/wp-json\/wp\/v2\/posts\/13569","targetHints":{"allow":["GET"]}}],"collection":[{"href":"https:\/\/fundacjajoannyradziwill.pl\/en\/wp-json\/wp\/v2\/posts"}],"about":[{"href":"https:\/\/fundacjajoannyradziwill.pl\/en\/wp-json\/wp\/v2\/types\/post"}],"author":[{"embeddable":true,"href":"https:\/\/fundacjajoannyradziwill.pl\/en\/wp-json\/wp\/v2\/users\/24784"}],"replies":[{"embeddable":true,"href":"https:\/\/fundacjajoannyradziwill.pl\/en\/wp-json\/wp\/v2\/comments?post=13569"}],"version-history":[{"count":1,"href":"https:\/\/fundacjajoannyradziwill.pl\/en\/wp-json\/wp\/v2\/posts\/13569\/revisions"}],"predecessor-version":[{"id":13570,"href":"https:\/\/fundacjajoannyradziwill.pl\/en\/wp-json\/wp\/v2\/posts\/13569\/revisions\/13570"}],"wp:featuredmedia":[{"embeddable":true,"href":"https:\/\/fundacjajoannyradziwill.pl\/en\/wp-json\/wp\/v2\/media\/13121"}],"wp:attachment":[{"href":"https:\/\/fundacjajoannyradziwill.pl\/en\/wp-json\/wp\/v2\/media?parent=13569"}],"wp:term":[{"taxonomy":"category","embeddable":true,"href":"https:\/\/fundacjajoannyradziwill.pl\/en\/wp-json\/wp\/v2\/categories?post=13569"},{"taxonomy":"post_tag","embeddable":true,"href":"https:\/\/fundacjajoannyradziwill.pl\/en\/wp-json\/wp\/v2\/tags?post=13569"}],"curies":[{"name":"wp","href":"https:\/\/api.w.org\/{rel}","templated":true}]}}