{"id":13629,"date":"2023-06-01T08:38:00","date_gmt":"2023-06-01T06:38:00","guid":{"rendered":"https:\/\/fundacjajoannyradziwill.pl\/every-childs-day\/"},"modified":"2025-04-29T11:01:24","modified_gmt":"2025-04-29T09:01:24","slug":"every-childs-day","status":"publish","type":"post","link":"https:\/\/fundacjajoannyradziwill.pl\/en\/every-childs-day\/","title":{"rendered":"Every Child&#8217;s Day"},"content":{"rendered":"\n<p>For us, every day is Children&#8217;s Day! Our Foundation House is first and foremost a House full of children, and we are happy to accompany them regularly, over the years, to observe the changes &#8211; how they grow up, develop, build a sense of trust, discover their passions and talents. <br\/><br\/>Thanks to the #HugThisToSupport campaign <strong><a href=\"https:\/\/toys.orbico.pl\/\">Orbico Toys Poland<\/a><\/strong> our wards received beautiful toys on that day, which brought them a lot of joy. Regular hugging is good for the mood, reduces stress levels and makes us feel safe. Thank you to everyone involved in the action    <img decoding=\"async\" height=\"16\" width=\"16\" src=\"https:\/\/static.xx.fbcdn.net\/images\/emoji.php\/v9\/tac\/1\/16\/2665.png\" alt=\"&#x2665;&#xFE0F;\"\/><br\/><br\/><\/p>\n\n<figure class=\"wp-block-image size-large is-resized\"><img fetchpriority=\"high\" decoding=\"async\" src=\"https:\/\/fundacjajoannyradziwill.pl\/wp-content\/uploads\/2023\/06\/Milanowek-1-czerwca-1-768x1024.jpg\" alt=\"\" class=\"wp-image-9886\" width=\"443\" height=\"590\" srcset=\"https:\/\/fundacjajoannyradziwill.pl\/wp-content\/uploads\/2023\/06\/Milanowek-1-czerwca-1-768x1024.jpg 768w, https:\/\/fundacjajoannyradziwill.pl\/wp-content\/uploads\/2023\/06\/Milanowek-1-czerwca-1-225x300.jpg 225w, https:\/\/fundacjajoannyradziwill.pl\/wp-content\/uploads\/2023\/06\/Milanowek-1-czerwca-1.jpg 1125w\" sizes=\"(max-width: 443px) 100vw, 443px\" \/><\/figure>\n\n<p>We extend our best wishes to all children, including our wards, lots of care, love and support. Be yourselves!   <\/p>\n","protected":false},"excerpt":{"rendered":"<p>For us, every day is Children&#8217;s Day! Our Foundation House is first and foremost a House full of children, and we are happy to accompany them regularly, over the years, to observe the changes &#8211; how they grow up, develop, build a sense of trust, discover their passions and talents. Thanks to the #HugThisToSupport campaign Orbico Toys Poland our wards received beautiful toys on that day, which brought them a lot of joy. Regular hugging is good for the mood, reduces stress levels and makes us feel safe. Thank you to everyone involved in the action We extend our best wishes to all children, including our wards, lots of care, love and support. Be yourselves!<\/p>\n","protected":false},"author":24784,"featured_media":13063,"comment_status":"closed","ping_status":"closed","sticky":false,"template":"","format":"standard","meta":{"_acf_changed":false,"inline_featured_image":false,"_monsterinsights_skip_tracking":false,"_monsterinsights_sitenote_active":false,"_monsterinsights_sitenote_note":"","_monsterinsights_sitenote_category":0,"ocean_post_layout":"","ocean_both_sidebars_style":"","ocean_both_sidebars_content_width":0,"ocean_both_sidebars_sidebars_width":0,"ocean_sidebar":"0","ocean_second_sidebar":"0","ocean_disable_margins":"enable","ocean_add_body_class":"","ocean_shortcode_before_top_bar":"","ocean_shortcode_after_top_bar":"","ocean_shortcode_before_header":"","ocean_shortcode_after_header":"","ocean_has_shortcode":"","ocean_shortcode_after_title":"","ocean_shortcode_before_footer_widgets":"","ocean_shortcode_after_footer_widgets":"","ocean_shortcode_before_footer_bottom":"","ocean_shortcode_after_footer_bottom":"","ocean_display_top_bar":"default","ocean_display_header":"default","ocean_header_style":"","ocean_center_header_left_menu":"0","ocean_custom_header_template":"0","ocean_custom_logo":0,"ocean_custom_retina_logo":0,"ocean_custom_logo_max_width":0,"ocean_custom_logo_tablet_max_width":0,"ocean_custom_logo_mobile_max_width":0,"ocean_custom_logo_max_height":0,"ocean_custom_logo_tablet_max_height":0,"ocean_custom_logo_mobile_max_height":0,"ocean_header_custom_menu":"0","ocean_menu_typo_font_family":"0","ocean_menu_typo_font_subset":"","ocean_menu_typo_font_size":0,"ocean_menu_typo_font_size_tablet":0,"ocean_menu_typo_font_size_mobile":0,"ocean_menu_typo_font_size_unit":"px","ocean_menu_typo_font_weight":"","ocean_menu_typo_font_weight_tablet":"","ocean_menu_typo_font_weight_mobile":"","ocean_menu_typo_transform":"","ocean_menu_typo_transform_tablet":"","ocean_menu_typo_transform_mobile":"","ocean_menu_typo_line_height":0,"ocean_menu_typo_line_height_tablet":0,"ocean_menu_typo_line_height_mobile":0,"ocean_menu_typo_line_height_unit":"","ocean_menu_typo_spacing":0,"ocean_menu_typo_spacing_tablet":0,"ocean_menu_typo_spacing_mobile":0,"ocean_menu_typo_spacing_unit":"","ocean_menu_link_color":"","ocean_menu_link_color_hover":"","ocean_menu_link_color_active":"","ocean_menu_link_background":"","ocean_menu_link_hover_background":"","ocean_menu_link_active_background":"","ocean_menu_social_links_bg":"","ocean_menu_social_hover_links_bg":"","ocean_menu_social_links_color":"","ocean_menu_social_hover_links_color":"","ocean_disable_title":"default","ocean_disable_heading":"default","ocean_post_title":"","ocean_post_subheading":"","ocean_post_title_style":"","ocean_post_title_background_color":"","ocean_post_title_background":0,"ocean_post_title_bg_image_position":"","ocean_post_title_bg_image_attachment":"","ocean_post_title_bg_image_repeat":"","ocean_post_title_bg_image_size":"","ocean_post_title_height":0,"ocean_post_title_bg_overlay":0.5,"ocean_post_title_bg_overlay_color":"","ocean_disable_breadcrumbs":"default","ocean_breadcrumbs_color":"","ocean_breadcrumbs_separator_color":"","ocean_breadcrumbs_links_color":"","ocean_breadcrumbs_links_hover_color":"","ocean_display_footer_widgets":"default","ocean_display_footer_bottom":"default","ocean_custom_footer_template":"0","ocean_post_oembed":"","ocean_post_self_hosted_media":"","ocean_post_video_embed":"","ocean_link_format":"","ocean_link_format_target":"self","ocean_quote_format":"","ocean_quote_format_link":"post","ocean_gallery_link_images":"on","ocean_gallery_id":[],"footnotes":"","_links_to":"","_links_to_target":""},"categories":[290],"tags":[306,291],"class_list":["post-13629","post","type-post","status-publish","format-standard","has-post-thumbnail","hentry","category-news-en","tag-childrens-day","tag-joanna-radziwill-care-wings-foundation","entry","has-media"],"acf":[],"yoast_head":"<!-- This site is optimized with the Yoast SEO plugin v26.3 - https:\/\/yoast.com\/wordpress\/plugins\/seo\/ -->\n<title>Every Child&#039;s Day - Fundacja Joanny Radziwi\u0142\u0142<\/title>\n<meta name=\"robots\" content=\"index, follow, max-snippet:-1, max-image-preview:large, max-video-preview:-1\" \/>\n<link rel=\"canonical\" href=\"https:\/\/fundacjajoannyradziwill.pl\/en\/every-childs-day\/\" \/>\n<meta property=\"og:locale\" content=\"en_US\" \/>\n<meta property=\"og:type\" content=\"article\" \/>\n<meta property=\"og:title\" content=\"Every Child&#039;s Day - Fundacja Joanny Radziwi\u0142\u0142\" \/>\n<meta property=\"og:description\" content=\"For us, every day is Children&#8217;s Day! Our Foundation House is first and foremost a House full of children, and we are happy to accompany them regularly, over the years, to observe the changes &#8211; how they grow up, develop, build a sense of trust, discover their passions and talents. Thanks to the #HugThisToSupport campaign Orbico Toys Poland our wards received beautiful toys on that day, which brought them a lot of joy. Regular hugging is good for the mood, reduces stress levels and makes us feel safe. Thank you to everyone involved in the action We extend our best wishes to all children, including our wards, lots of care, love and support. Be yourselves!\" \/>\n<meta property=\"og:url\" content=\"https:\/\/fundacjajoannyradziwill.pl\/en\/every-childs-day\/\" \/>\n<meta property=\"og:site_name\" content=\"Fundacja Joanny Radziwi\u0142\u0142\" \/>\n<meta property=\"article:publisher\" content=\"https:\/\/www.facebook.com\/fundacjaopiekunczeskrzydla\" \/>\n<meta property=\"article:published_time\" content=\"2023-06-01T06:38:00+00:00\" \/>\n<meta property=\"article:modified_time\" content=\"2025-04-29T09:01:24+00:00\" \/>\n<meta property=\"og:image\" content=\"https:\/\/fundacjajoannyradziwill.pl\/wp-content\/uploads\/2023\/06\/111.jpg\" \/>\n\t<meta property=\"og:image:width\" content=\"1600\" \/>\n\t<meta property=\"og:image:height\" content=\"1065\" \/>\n\t<meta property=\"og:image:type\" content=\"image\/jpeg\" \/>\n<meta name=\"author\" content=\"Beata Kowalczyk\" \/>\n<meta name=\"twitter:card\" content=\"summary_large_image\" \/>\n<meta name=\"twitter:label1\" content=\"Written by\" \/>\n\t<meta name=\"twitter:data1\" content=\"Beata Kowalczyk\" \/>\n\t<meta name=\"twitter:label2\" content=\"Est. reading time\" \/>\n\t<meta name=\"twitter:data2\" content=\"1 minute\" \/>\n<script type=\"application\/ld+json\" class=\"yoast-schema-graph\">{\"@context\":\"https:\/\/schema.org\",\"@graph\":[{\"@type\":\"Article\",\"@id\":\"https:\/\/fundacjajoannyradziwill.pl\/en\/every-childs-day\/#article\",\"isPartOf\":{\"@id\":\"https:\/\/fundacjajoannyradziwill.pl\/en\/every-childs-day\/\"},\"author\":{\"name\":\"Beata Kowalczyk\",\"@id\":\"https:\/\/fundacjajoannyradziwill.pl\/en\/#\/schema\/person\/5f12bc9c90a4985b4fa39eb0bd8ce51b\"},\"headline\":\"Every Child&#8217;s Day\",\"datePublished\":\"2023-06-01T06:38:00+00:00\",\"dateModified\":\"2025-04-29T09:01:24+00:00\",\"mainEntityOfPage\":{\"@id\":\"https:\/\/fundacjajoannyradziwill.pl\/en\/every-childs-day\/\"},\"wordCount\":118,\"publisher\":{\"@id\":\"https:\/\/fundacjajoannyradziwill.pl\/en\/#organization\"},\"image\":{\"@id\":\"https:\/\/fundacjajoannyradziwill.pl\/en\/every-childs-day\/#primaryimage\"},\"thumbnailUrl\":\"https:\/\/fundacjajoannyradziwill.pl\/wp-content\/uploads\/2023\/06\/111.jpg\",\"keywords\":[\"Children's Day\",\"Joanna Radziwill Care Wings Foundation\"],\"articleSection\":[\"News\"],\"inLanguage\":\"en-US\"},{\"@type\":\"WebPage\",\"@id\":\"https:\/\/fundacjajoannyradziwill.pl\/en\/every-childs-day\/\",\"url\":\"https:\/\/fundacjajoannyradziwill.pl\/en\/every-childs-day\/\",\"name\":\"Every Child's Day - Fundacja Joanny Radziwi\u0142\u0142\",\"isPartOf\":{\"@id\":\"https:\/\/fundacjajoannyradziwill.pl\/en\/#website\"},\"primaryImageOfPage\":{\"@id\":\"https:\/\/fundacjajoannyradziwill.pl\/en\/every-childs-day\/#primaryimage\"},\"image\":{\"@id\":\"https:\/\/fundacjajoannyradziwill.pl\/en\/every-childs-day\/#primaryimage\"},\"thumbnailUrl\":\"https:\/\/fundacjajoannyradziwill.pl\/wp-content\/uploads\/2023\/06\/111.jpg\",\"datePublished\":\"2023-06-01T06:38:00+00:00\",\"dateModified\":\"2025-04-29T09:01:24+00:00\",\"inLanguage\":\"en-US\",\"potentialAction\":[{\"@type\":\"ReadAction\",\"target\":[\"https:\/\/fundacjajoannyradziwill.pl\/en\/every-childs-day\/\"]}]},{\"@type\":\"ImageObject\",\"inLanguage\":\"en-US\",\"@id\":\"https:\/\/fundacjajoannyradziwill.pl\/en\/every-childs-day\/#primaryimage\",\"url\":\"https:\/\/fundacjajoannyradziwill.pl\/wp-content\/uploads\/2023\/06\/111.jpg\",\"contentUrl\":\"https:\/\/fundacjajoannyradziwill.pl\/wp-content\/uploads\/2023\/06\/111.jpg\",\"width\":1600,\"height\":1065},{\"@type\":\"WebSite\",\"@id\":\"https:\/\/fundacjajoannyradziwill.pl\/en\/#website\",\"url\":\"https:\/\/fundacjajoannyradziwill.pl\/en\/\",\"name\":\"Fundacja Joanny Radziwi\u0142\u0142\",\"description\":\"Opieku\u0144cze Skrzyd\u0142a\",\"publisher\":{\"@id\":\"https:\/\/fundacjajoannyradziwill.pl\/en\/#organization\"},\"potentialAction\":[{\"@type\":\"SearchAction\",\"target\":{\"@type\":\"EntryPoint\",\"urlTemplate\":\"https:\/\/fundacjajoannyradziwill.pl\/en\/?s={search_term_string}\"},\"query-input\":{\"@type\":\"PropertyValueSpecification\",\"valueRequired\":true,\"valueName\":\"search_term_string\"}}],\"inLanguage\":\"en-US\"},{\"@type\":\"Organization\",\"@id\":\"https:\/\/fundacjajoannyradziwill.pl\/en\/#organization\",\"name\":\"Fundacja Joanny Radziwi\u0142\u0142\",\"url\":\"https:\/\/fundacjajoannyradziwill.pl\/en\/\",\"logo\":{\"@type\":\"ImageObject\",\"inLanguage\":\"en-US\",\"@id\":\"https:\/\/fundacjajoannyradziwill.pl\/en\/#\/schema\/logo\/image\/\",\"url\":\"https:\/\/fundacjajoannyradziwill.pl\/wp-content\/uploads\/2023\/05\/logo_poziom_czerwony-01-1.svg\",\"contentUrl\":\"https:\/\/fundacjajoannyradziwill.pl\/wp-content\/uploads\/2023\/05\/logo_poziom_czerwony-01-1.svg\",\"width\":473,\"height\":151,\"caption\":\"Fundacja Joanny Radziwi\u0142\u0142\"},\"image\":{\"@id\":\"https:\/\/fundacjajoannyradziwill.pl\/en\/#\/schema\/logo\/image\/\"},\"sameAs\":[\"https:\/\/www.facebook.com\/fundacjaopiekunczeskrzydla\"]},{\"@type\":\"Person\",\"@id\":\"https:\/\/fundacjajoannyradziwill.pl\/en\/#\/schema\/person\/5f12bc9c90a4985b4fa39eb0bd8ce51b\",\"name\":\"Beata Kowalczyk\",\"image\":{\"@type\":\"ImageObject\",\"inLanguage\":\"en-US\",\"@id\":\"https:\/\/fundacjajoannyradziwill.pl\/en\/#\/schema\/person\/image\/\",\"url\":\"https:\/\/secure.gravatar.com\/avatar\/ca10322c1a89a33ad010afe7706ff1256276d73c8ec914b713867cc6862947d2?s=96&d=mm&r=g\",\"contentUrl\":\"https:\/\/secure.gravatar.com\/avatar\/ca10322c1a89a33ad010afe7706ff1256276d73c8ec914b713867cc6862947d2?s=96&d=mm&r=g\",\"caption\":\"Beata Kowalczyk\"},\"url\":\"https:\/\/fundacjajoannyradziwill.pl\/en\/author\/b-kowalczyk\/\"}]}<\/script>\n<!-- \/ Yoast SEO plugin. -->","yoast_head_json":{"title":"Every Child's Day - Fundacja Joanny Radziwi\u0142\u0142","robots":{"index":"index","follow":"follow","max-snippet":"max-snippet:-1","max-image-preview":"max-image-preview:large","max-video-preview":"max-video-preview:-1"},"canonical":"https:\/\/fundacjajoannyradziwill.pl\/en\/every-childs-day\/","og_locale":"en_US","og_type":"article","og_title":"Every Child's Day - Fundacja Joanny Radziwi\u0142\u0142","og_description":"For us, every day is Children&#8217;s Day! Our Foundation House is first and foremost a House full of children, and we are happy to accompany them regularly, over the years, to observe the changes &#8211; how they grow up, develop, build a sense of trust, discover their passions and talents. Thanks to the #HugThisToSupport campaign Orbico Toys Poland our wards received beautiful toys on that day, which brought them a lot of joy. Regular hugging is good for the mood, reduces stress levels and makes us feel safe. Thank you to everyone involved in the action We extend our best wishes to all children, including our wards, lots of care, love and support. Be yourselves!","og_url":"https:\/\/fundacjajoannyradziwill.pl\/en\/every-childs-day\/","og_site_name":"Fundacja Joanny Radziwi\u0142\u0142","article_publisher":"https:\/\/www.facebook.com\/fundacjaopiekunczeskrzydla","article_published_time":"2023-06-01T06:38:00+00:00","article_modified_time":"2025-04-29T09:01:24+00:00","og_image":[{"width":1600,"height":1065,"url":"https:\/\/fundacjajoannyradziwill.pl\/wp-content\/uploads\/2023\/06\/111.jpg","type":"image\/jpeg"}],"author":"Beata Kowalczyk","twitter_card":"summary_large_image","twitter_misc":{"Written by":"Beata Kowalczyk","Est. reading time":"1 minute"},"schema":{"@context":"https:\/\/schema.org","@graph":[{"@type":"Article","@id":"https:\/\/fundacjajoannyradziwill.pl\/en\/every-childs-day\/#article","isPartOf":{"@id":"https:\/\/fundacjajoannyradziwill.pl\/en\/every-childs-day\/"},"author":{"name":"Beata Kowalczyk","@id":"https:\/\/fundacjajoannyradziwill.pl\/en\/#\/schema\/person\/5f12bc9c90a4985b4fa39eb0bd8ce51b"},"headline":"Every Child&#8217;s Day","datePublished":"2023-06-01T06:38:00+00:00","dateModified":"2025-04-29T09:01:24+00:00","mainEntityOfPage":{"@id":"https:\/\/fundacjajoannyradziwill.pl\/en\/every-childs-day\/"},"wordCount":118,"publisher":{"@id":"https:\/\/fundacjajoannyradziwill.pl\/en\/#organization"},"image":{"@id":"https:\/\/fundacjajoannyradziwill.pl\/en\/every-childs-day\/#primaryimage"},"thumbnailUrl":"https:\/\/fundacjajoannyradziwill.pl\/wp-content\/uploads\/2023\/06\/111.jpg","keywords":["Children's Day","Joanna Radziwill Care Wings Foundation"],"articleSection":["News"],"inLanguage":"en-US"},{"@type":"WebPage","@id":"https:\/\/fundacjajoannyradziwill.pl\/en\/every-childs-day\/","url":"https:\/\/fundacjajoannyradziwill.pl\/en\/every-childs-day\/","name":"Every Child's Day - Fundacja Joanny Radziwi\u0142\u0142","isPartOf":{"@id":"https:\/\/fundacjajoannyradziwill.pl\/en\/#website"},"primaryImageOfPage":{"@id":"https:\/\/fundacjajoannyradziwill.pl\/en\/every-childs-day\/#primaryimage"},"image":{"@id":"https:\/\/fundacjajoannyradziwill.pl\/en\/every-childs-day\/#primaryimage"},"thumbnailUrl":"https:\/\/fundacjajoannyradziwill.pl\/wp-content\/uploads\/2023\/06\/111.jpg","datePublished":"2023-06-01T06:38:00+00:00","dateModified":"2025-04-29T09:01:24+00:00","inLanguage":"en-US","potentialAction":[{"@type":"ReadAction","target":["https:\/\/fundacjajoannyradziwill.pl\/en\/every-childs-day\/"]}]},{"@type":"ImageObject","inLanguage":"en-US","@id":"https:\/\/fundacjajoannyradziwill.pl\/en\/every-childs-day\/#primaryimage","url":"https:\/\/fundacjajoannyradziwill.pl\/wp-content\/uploads\/2023\/06\/111.jpg","contentUrl":"https:\/\/fundacjajoannyradziwill.pl\/wp-content\/uploads\/2023\/06\/111.jpg","width":1600,"height":1065},{"@type":"WebSite","@id":"https:\/\/fundacjajoannyradziwill.pl\/en\/#website","url":"https:\/\/fundacjajoannyradziwill.pl\/en\/","name":"Fundacja Joanny Radziwi\u0142\u0142","description":"Opieku\u0144cze Skrzyd\u0142a","publisher":{"@id":"https:\/\/fundacjajoannyradziwill.pl\/en\/#organization"},"potentialAction":[{"@type":"SearchAction","target":{"@type":"EntryPoint","urlTemplate":"https:\/\/fundacjajoannyradziwill.pl\/en\/?s={search_term_string}"},"query-input":{"@type":"PropertyValueSpecification","valueRequired":true,"valueName":"search_term_string"}}],"inLanguage":"en-US"},{"@type":"Organization","@id":"https:\/\/fundacjajoannyradziwill.pl\/en\/#organization","name":"Fundacja Joanny Radziwi\u0142\u0142","url":"https:\/\/fundacjajoannyradziwill.pl\/en\/","logo":{"@type":"ImageObject","inLanguage":"en-US","@id":"https:\/\/fundacjajoannyradziwill.pl\/en\/#\/schema\/logo\/image\/","url":"https:\/\/fundacjajoannyradziwill.pl\/wp-content\/uploads\/2023\/05\/logo_poziom_czerwony-01-1.svg","contentUrl":"https:\/\/fundacjajoannyradziwill.pl\/wp-content\/uploads\/2023\/05\/logo_poziom_czerwony-01-1.svg","width":473,"height":151,"caption":"Fundacja Joanny Radziwi\u0142\u0142"},"image":{"@id":"https:\/\/fundacjajoannyradziwill.pl\/en\/#\/schema\/logo\/image\/"},"sameAs":["https:\/\/www.facebook.com\/fundacjaopiekunczeskrzydla"]},{"@type":"Person","@id":"https:\/\/fundacjajoannyradziwill.pl\/en\/#\/schema\/person\/5f12bc9c90a4985b4fa39eb0bd8ce51b","name":"Beata Kowalczyk","image":{"@type":"ImageObject","inLanguage":"en-US","@id":"https:\/\/fundacjajoannyradziwill.pl\/en\/#\/schema\/person\/image\/","url":"https:\/\/secure.gravatar.com\/avatar\/ca10322c1a89a33ad010afe7706ff1256276d73c8ec914b713867cc6862947d2?s=96&d=mm&r=g","contentUrl":"https:\/\/secure.gravatar.com\/avatar\/ca10322c1a89a33ad010afe7706ff1256276d73c8ec914b713867cc6862947d2?s=96&d=mm&r=g","caption":"Beata Kowalczyk"},"url":"https:\/\/fundacjajoannyradziwill.pl\/en\/author\/b-kowalczyk\/"}]}},"_links":{"self":[{"href":"https:\/\/fundacjajoannyradziwill.pl\/en\/wp-json\/wp\/v2\/posts\/13629","targetHints":{"allow":["GET"]}}],"collection":[{"href":"https:\/\/fundacjajoannyradziwill.pl\/en\/wp-json\/wp\/v2\/posts"}],"about":[{"href":"https:\/\/fundacjajoannyradziwill.pl\/en\/wp-json\/wp\/v2\/types\/post"}],"author":[{"embeddable":true,"href":"https:\/\/fundacjajoannyradziwill.pl\/en\/wp-json\/wp\/v2\/users\/24784"}],"replies":[{"embeddable":true,"href":"https:\/\/fundacjajoannyradziwill.pl\/en\/wp-json\/wp\/v2\/comments?post=13629"}],"version-history":[{"count":1,"href":"https:\/\/fundacjajoannyradziwill.pl\/en\/wp-json\/wp\/v2\/posts\/13629\/revisions"}],"predecessor-version":[{"id":13630,"href":"https:\/\/fundacjajoannyradziwill.pl\/en\/wp-json\/wp\/v2\/posts\/13629\/revisions\/13630"}],"wp:featuredmedia":[{"embeddable":true,"href":"https:\/\/fundacjajoannyradziwill.pl\/en\/wp-json\/wp\/v2\/media\/13063"}],"wp:attachment":[{"href":"https:\/\/fundacjajoannyradziwill.pl\/en\/wp-json\/wp\/v2\/media?parent=13629"}],"wp:term":[{"taxonomy":"category","embeddable":true,"href":"https:\/\/fundacjajoannyradziwill.pl\/en\/wp-json\/wp\/v2\/categories?post=13629"},{"taxonomy":"post_tag","embeddable":true,"href":"https:\/\/fundacjajoannyradziwill.pl\/en\/wp-json\/wp\/v2\/tags?post=13629"}],"curies":[{"name":"wp","href":"https:\/\/api.w.org\/{rel}","templated":true}]}}