{"id":13641,"date":"2023-06-20T13:50:09","date_gmt":"2023-06-20T11:50:09","guid":{"rendered":"https:\/\/fundacjajoannyradziwill.pl\/international-refugee-day-june-20\/"},"modified":"2025-04-29T11:10:24","modified_gmt":"2025-04-29T09:10:24","slug":"international-refugee-day-june-20","status":"publish","type":"post","link":"https:\/\/fundacjajoannyradziwill.pl\/en\/international-refugee-day-june-20\/","title":{"rendered":"International Refugee Day &#8211; June 20"},"content":{"rendered":"\n<p><strong> World Refugee Day<\/strong> is celebrated on June 20.<\/p>\n\n<p>This year, we especially want to turn our thoughts towards Ukrainian refugees. We would like to share with you a story of support from the perspective of our   <strong>Aid Coordinator &#8211; Helena Berebecka <\/strong>, which has been helping Ukrainian families with educational and life issues for more than a year.<\/p>\n\n<div class=\"wp-block-columns is-layout-flex wp-container-core-columns-is-layout-9d6595d7 wp-block-columns-is-layout-flex\">\n<div class=\"wp-block-column is-layout-flow wp-block-column-is-layout-flow\" style=\"flex-basis:100%\">\n<blockquote class=\"wp-block-quote is-layout-flow wp-block-quote-is-layout-flow\">\n<div class=\"wp-block-group alignfull is-vertical is-layout-flex wp-container-core-group-is-layout-0abfb586 wp-block-group-is-layout-flex\">\n<p>I have been teaching Polish lessons at the Foundation since June. Several dozen people have already passed through them. From the beginning I was very happy that part of my work would become direct assistance to people who had to leave Ukraine as a result of the war. At the same time, I had concerns about whether I would be able to cope in accompanying people with such a difficult experience.     <br\/><br\/>I knew that for many of them I was one of the first people they met here. I wanted to give them the most warmth, smiles, kindness and genuine interest. Although there were a few men and boys in the lessons, the biggest part is the women. <strong>To me they are heroes, brave women who, despite their traumatic experiences, fight for themselves and their families trying to find their way back here<\/strong>.    <br\/><br\/><br\/>Among them, women from Kherson, Kyiv, Kyiv, Berdyansk, Kharkiv and others I met architect, painter, students, musicians, teachers, entrepreneurs, beauticians, devoted mothers, grandmothers&#8230;. With a settled life there, and building from scratch in Warsaw. And here they want to wait. To live a relatively normal life. To feel safe, find a job, an apartment. To regain relative stability. They often asked me about organizational things. They asked me to write an application to a kindergarten, an ad, corrections in the Polish version of their cv&#8230;.       <\/p>\n\n\n\n<figure class=\"wp-block-image size-large\"><img fetchpriority=\"high\" decoding=\"async\" width=\"994\" height=\"1024\" src=\"https:\/\/fundacjajoannyradziwill.pl\/wp-content\/uploads\/2023\/06\/lekcje-jezyka-polskiego-w-Fundacji-1-994x1024.jpg\" alt=\"\" class=\"wp-image-9906\" srcset=\"https:\/\/fundacjajoannyradziwill.pl\/wp-content\/uploads\/2023\/06\/lekcje-jezyka-polskiego-w-Fundacji-1-994x1024.jpg 994w, https:\/\/fundacjajoannyradziwill.pl\/wp-content\/uploads\/2023\/06\/lekcje-jezyka-polskiego-w-Fundacji-1-291x300.jpg 291w, https:\/\/fundacjajoannyradziwill.pl\/wp-content\/uploads\/2023\/06\/lekcje-jezyka-polskiego-w-Fundacji-1-768x791.jpg 768w, https:\/\/fundacjajoannyradziwill.pl\/wp-content\/uploads\/2023\/06\/lekcje-jezyka-polskiego-w-Fundacji-1.jpg 1483w\" sizes=\"(max-width: 994px) 100vw, 994px\" \/><\/figure>\n\n\n\n<p><strong>What impresses me is their determination to learn Polish. Many of them are already speaking fluently within a few months of arriving in Poland, and they still want to learn <\/strong>. For them, lessons are not only a chance to adapt to a new reality and do a better job. Lessons give them a sense of constancy and help them settle into a new reality. From the beginning, the foundation was a new but permanent place to which they could return regularly.  <\/p>\n\n\n\n<p><strong>Today, waiting for the end of the war in my mind I already have specific women &#8211; Alona, Irina, Katya, Karina, Yulia, and others&#8230;. When peace finally comes I will rejoice together with them <\/strong>.<\/p>\n<\/div>\n<\/blockquote>\n<\/div>\n<\/div>\n","protected":false},"excerpt":{"rendered":"<p>World Refugee Day is celebrated on June 20. This year, we especially want to turn our thoughts towards Ukrainian refugees. We would like to share with you a story of support from the perspective of our Aid Coordinator &#8211; Helena Berebecka , which has been helping Ukrainian families with educational and life issues for more than a year. I have been teaching Polish lessons at the Foundation since June. Several dozen people have already passed through them. From the beginning I was very happy that part of my work would become direct assistance to people who had to leave Ukraine as a result of the war. At the same time, I had concerns about whether I would be able to cope in accompanying people with such a difficult experience. I knew that for many of them I was one of the first people they met here. I wanted to give them the most warmth, smiles, kindness and genuine interest. Although there were a few men and boys in the lessons, the biggest part is the women. To me they are heroes, brave women who, despite their traumatic experiences, fight for themselves and their families trying to find their way back here. Among them, women from Kherson, Kyiv, Kyiv, Berdyansk, Kharkiv and others I met architect, painter, students, musicians, teachers, entrepreneurs, beauticians, devoted mothers, grandmothers&#8230;. With a settled life there, and building from scratch in Warsaw. And here they want to wait. To live a relatively normal life. To feel safe, find a job, an apartment. To regain relative stability. They often asked me about organizational things. They asked me to write an application to a kindergarten, an ad, corrections in the Polish version of their cv&#8230;. What impresses me is their determination to learn Polish. Many of them are already speaking fluently within a few months of arriving in Poland, and they still want to learn . For them, lessons are not only a chance to adapt to a new reality and do a better job. Lessons give them a sense of constancy and help them settle into a new reality. From the beginning, the foundation was a new but permanent place to which they could return regularly. Today, waiting for the end of the war in my mind I already have specific women &#8211; Alona, Irina, Katya, Karina, Yulia, and others&#8230;. When peace finally comes I will rejoice together with them .<\/p>\n","protected":false},"author":24784,"featured_media":13068,"comment_status":"closed","ping_status":"closed","sticky":false,"template":"","format":"standard","meta":{"_acf_changed":false,"inline_featured_image":false,"_monsterinsights_skip_tracking":false,"_monsterinsights_sitenote_active":false,"_monsterinsights_sitenote_note":"","_monsterinsights_sitenote_category":0,"ocean_post_layout":"","ocean_both_sidebars_style":"","ocean_both_sidebars_content_width":0,"ocean_both_sidebars_sidebars_width":0,"ocean_sidebar":"0","ocean_second_sidebar":"0","ocean_disable_margins":"enable","ocean_add_body_class":"","ocean_shortcode_before_top_bar":"","ocean_shortcode_after_top_bar":"","ocean_shortcode_before_header":"","ocean_shortcode_after_header":"","ocean_has_shortcode":"","ocean_shortcode_after_title":"","ocean_shortcode_before_footer_widgets":"","ocean_shortcode_after_footer_widgets":"","ocean_shortcode_before_footer_bottom":"","ocean_shortcode_after_footer_bottom":"","ocean_display_top_bar":"default","ocean_display_header":"default","ocean_header_style":"","ocean_center_header_left_menu":"0","ocean_custom_header_template":"0","ocean_custom_logo":0,"ocean_custom_retina_logo":0,"ocean_custom_logo_max_width":0,"ocean_custom_logo_tablet_max_width":0,"ocean_custom_logo_mobile_max_width":0,"ocean_custom_logo_max_height":0,"ocean_custom_logo_tablet_max_height":0,"ocean_custom_logo_mobile_max_height":0,"ocean_header_custom_menu":"0","ocean_menu_typo_font_family":"0","ocean_menu_typo_font_subset":"","ocean_menu_typo_font_size":0,"ocean_menu_typo_font_size_tablet":0,"ocean_menu_typo_font_size_mobile":0,"ocean_menu_typo_font_size_unit":"px","ocean_menu_typo_font_weight":"","ocean_menu_typo_font_weight_tablet":"","ocean_menu_typo_font_weight_mobile":"","ocean_menu_typo_transform":"","ocean_menu_typo_transform_tablet":"","ocean_menu_typo_transform_mobile":"","ocean_menu_typo_line_height":0,"ocean_menu_typo_line_height_tablet":0,"ocean_menu_typo_line_height_mobile":0,"ocean_menu_typo_line_height_unit":"","ocean_menu_typo_spacing":0,"ocean_menu_typo_spacing_tablet":0,"ocean_menu_typo_spacing_mobile":0,"ocean_menu_typo_spacing_unit":"","ocean_menu_link_color":"","ocean_menu_link_color_hover":"","ocean_menu_link_color_active":"","ocean_menu_link_background":"","ocean_menu_link_hover_background":"","ocean_menu_link_active_background":"","ocean_menu_social_links_bg":"","ocean_menu_social_hover_links_bg":"","ocean_menu_social_links_color":"","ocean_menu_social_hover_links_color":"","ocean_disable_title":"default","ocean_disable_heading":"default","ocean_post_title":"","ocean_post_subheading":"","ocean_post_title_style":"","ocean_post_title_background_color":"","ocean_post_title_background":0,"ocean_post_title_bg_image_position":"","ocean_post_title_bg_image_attachment":"","ocean_post_title_bg_image_repeat":"","ocean_post_title_bg_image_size":"","ocean_post_title_height":0,"ocean_post_title_bg_overlay":0.5,"ocean_post_title_bg_overlay_color":"","ocean_disable_breadcrumbs":"default","ocean_breadcrumbs_color":"","ocean_breadcrumbs_separator_color":"","ocean_breadcrumbs_links_color":"","ocean_breadcrumbs_links_hover_color":"","ocean_display_footer_widgets":"default","ocean_display_footer_bottom":"default","ocean_custom_footer_template":"0","ocean_post_oembed":"","ocean_post_self_hosted_media":"","ocean_post_video_embed":"","ocean_link_format":"","ocean_link_format_target":"self","ocean_quote_format":"","ocean_quote_format_link":"post","ocean_gallery_link_images":"on","ocean_gallery_id":[],"footnotes":"","_links_to":"","_links_to_target":""},"categories":[290],"tags":[347],"class_list":["post-13641","post","type-post","status-publish","format-standard","has-post-thumbnail","hentry","category-news-en","tag-refugee-day","entry","has-media"],"acf":[],"yoast_head":"<!-- This site is optimized with the Yoast SEO plugin v26.3 - https:\/\/yoast.com\/wordpress\/plugins\/seo\/ -->\n<title>International Refugee Day - June 20 - Fundacja Joanny Radziwi\u0142\u0142<\/title>\n<meta name=\"robots\" content=\"index, follow, max-snippet:-1, max-image-preview:large, max-video-preview:-1\" \/>\n<link rel=\"canonical\" href=\"https:\/\/fundacjajoannyradziwill.pl\/en\/international-refugee-day-june-20\/\" \/>\n<meta property=\"og:locale\" content=\"en_US\" \/>\n<meta property=\"og:type\" content=\"article\" \/>\n<meta property=\"og:title\" content=\"International Refugee Day - June 20 - Fundacja Joanny Radziwi\u0142\u0142\" \/>\n<meta property=\"og:description\" content=\"World Refugee Day is celebrated on June 20. This year, we especially want to turn our thoughts towards Ukrainian refugees. We would like to share with you a story of support from the perspective of our Aid Coordinator &#8211; Helena Berebecka , which has been helping Ukrainian families with educational and life issues for more than a year. I have been teaching Polish lessons at the Foundation since June. Several dozen people have already passed through them. From the beginning I was very happy that part of my work would become direct assistance to people who had to leave Ukraine as a result of the war. At the same time, I had concerns about whether I would be able to cope in accompanying people with such a difficult experience. I knew that for many of them I was one of the first people they met here. I wanted to give them the most warmth, smiles, kindness and genuine interest. Although there were a few men and boys in the lessons, the biggest part is the women. To me they are heroes, brave women who, despite their traumatic experiences, fight for themselves and their families trying to find their way back here. Among them, women from Kherson, Kyiv, Kyiv, Berdyansk, Kharkiv and others I met architect, painter, students, musicians, teachers, entrepreneurs, beauticians, devoted mothers, grandmothers&#8230;. With a settled life there, and building from scratch in Warsaw. And here they want to wait. To live a relatively normal life. To feel safe, find a job, an apartment. To regain relative stability. They often asked me about organizational things. They asked me to write an application to a kindergarten, an ad, corrections in the Polish version of their cv&#8230;. What impresses me is their determination to learn Polish. Many of them are already speaking fluently within a few months of arriving in Poland, and they still want to learn . For them, lessons are not only a chance to adapt to a new reality and do a better job. Lessons give them a sense of constancy and help them settle into a new reality. From the beginning, the foundation was a new but permanent place to which they could return regularly. Today, waiting for the end of the war in my mind I already have specific women &#8211; Alona, Irina, Katya, Karina, Yulia, and others&#8230;. When peace finally comes I will rejoice together with them .\" \/>\n<meta property=\"og:url\" content=\"https:\/\/fundacjajoannyradziwill.pl\/en\/international-refugee-day-june-20\/\" \/>\n<meta property=\"og:site_name\" content=\"Fundacja Joanny Radziwi\u0142\u0142\" \/>\n<meta property=\"article:publisher\" content=\"https:\/\/www.facebook.com\/fundacjaopiekunczeskrzydla\" \/>\n<meta property=\"article:published_time\" content=\"2023-06-20T11:50:09+00:00\" \/>\n<meta property=\"article:modified_time\" content=\"2025-04-29T09:10:24+00:00\" \/>\n<meta property=\"og:image\" content=\"https:\/\/fundacjajoannyradziwill.pl\/wp-content\/uploads\/2023\/06\/dzien-uchodzcy_Obszar-roboczy-1-e1687965442261-1024x481.png\" \/>\n\t<meta property=\"og:image:width\" content=\"1024\" \/>\n\t<meta property=\"og:image:height\" content=\"481\" \/>\n\t<meta property=\"og:image:type\" content=\"image\/png\" \/>\n<meta name=\"author\" content=\"Beata Kowalczyk\" \/>\n<meta name=\"twitter:card\" content=\"summary_large_image\" \/>\n<meta name=\"twitter:label1\" content=\"Written by\" \/>\n\t<meta name=\"twitter:data1\" content=\"Beata Kowalczyk\" \/>\n\t<meta name=\"twitter:label2\" content=\"Est. reading time\" \/>\n\t<meta name=\"twitter:data2\" content=\"2 minutes\" \/>\n<script type=\"application\/ld+json\" class=\"yoast-schema-graph\">{\"@context\":\"https:\/\/schema.org\",\"@graph\":[{\"@type\":\"Article\",\"@id\":\"https:\/\/fundacjajoannyradziwill.pl\/en\/international-refugee-day-june-20\/#article\",\"isPartOf\":{\"@id\":\"https:\/\/fundacjajoannyradziwill.pl\/en\/international-refugee-day-june-20\/\"},\"author\":{\"name\":\"Beata Kowalczyk\",\"@id\":\"https:\/\/fundacjajoannyradziwill.pl\/en\/#\/schema\/person\/5f12bc9c90a4985b4fa39eb0bd8ce51b\"},\"headline\":\"International Refugee Day &#8211; June 20\",\"datePublished\":\"2023-06-20T11:50:09+00:00\",\"dateModified\":\"2025-04-29T09:10:24+00:00\",\"mainEntityOfPage\":{\"@id\":\"https:\/\/fundacjajoannyradziwill.pl\/en\/international-refugee-day-june-20\/\"},\"wordCount\":404,\"publisher\":{\"@id\":\"https:\/\/fundacjajoannyradziwill.pl\/en\/#organization\"},\"image\":{\"@id\":\"https:\/\/fundacjajoannyradziwill.pl\/en\/international-refugee-day-june-20\/#primaryimage\"},\"thumbnailUrl\":\"https:\/\/fundacjajoannyradziwill.pl\/wp-content\/uploads\/2023\/06\/dzien-uchodzcy_Obszar-roboczy-1-e1687965442261.png\",\"keywords\":[\"Refugee Day\"],\"articleSection\":[\"News\"],\"inLanguage\":\"en-US\"},{\"@type\":\"WebPage\",\"@id\":\"https:\/\/fundacjajoannyradziwill.pl\/en\/international-refugee-day-june-20\/\",\"url\":\"https:\/\/fundacjajoannyradziwill.pl\/en\/international-refugee-day-june-20\/\",\"name\":\"International Refugee Day - June 20 - Fundacja Joanny Radziwi\u0142\u0142\",\"isPartOf\":{\"@id\":\"https:\/\/fundacjajoannyradziwill.pl\/en\/#website\"},\"primaryImageOfPage\":{\"@id\":\"https:\/\/fundacjajoannyradziwill.pl\/en\/international-refugee-day-june-20\/#primaryimage\"},\"image\":{\"@id\":\"https:\/\/fundacjajoannyradziwill.pl\/en\/international-refugee-day-june-20\/#primaryimage\"},\"thumbnailUrl\":\"https:\/\/fundacjajoannyradziwill.pl\/wp-content\/uploads\/2023\/06\/dzien-uchodzcy_Obszar-roboczy-1-e1687965442261.png\",\"datePublished\":\"2023-06-20T11:50:09+00:00\",\"dateModified\":\"2025-04-29T09:10:24+00:00\",\"inLanguage\":\"en-US\",\"potentialAction\":[{\"@type\":\"ReadAction\",\"target\":[\"https:\/\/fundacjajoannyradziwill.pl\/en\/international-refugee-day-june-20\/\"]}]},{\"@type\":\"ImageObject\",\"inLanguage\":\"en-US\",\"@id\":\"https:\/\/fundacjajoannyradziwill.pl\/en\/international-refugee-day-june-20\/#primaryimage\",\"url\":\"https:\/\/fundacjajoannyradziwill.pl\/wp-content\/uploads\/2023\/06\/dzien-uchodzcy_Obszar-roboczy-1-e1687965442261.png\",\"contentUrl\":\"https:\/\/fundacjajoannyradziwill.pl\/wp-content\/uploads\/2023\/06\/dzien-uchodzcy_Obszar-roboczy-1-e1687965442261.png\",\"width\":1920,\"height\":902},{\"@type\":\"WebSite\",\"@id\":\"https:\/\/fundacjajoannyradziwill.pl\/en\/#website\",\"url\":\"https:\/\/fundacjajoannyradziwill.pl\/en\/\",\"name\":\"Fundacja Joanny Radziwi\u0142\u0142\",\"description\":\"Opieku\u0144cze Skrzyd\u0142a\",\"publisher\":{\"@id\":\"https:\/\/fundacjajoannyradziwill.pl\/en\/#organization\"},\"potentialAction\":[{\"@type\":\"SearchAction\",\"target\":{\"@type\":\"EntryPoint\",\"urlTemplate\":\"https:\/\/fundacjajoannyradziwill.pl\/en\/?s={search_term_string}\"},\"query-input\":{\"@type\":\"PropertyValueSpecification\",\"valueRequired\":true,\"valueName\":\"search_term_string\"}}],\"inLanguage\":\"en-US\"},{\"@type\":\"Organization\",\"@id\":\"https:\/\/fundacjajoannyradziwill.pl\/en\/#organization\",\"name\":\"Fundacja Joanny Radziwi\u0142\u0142\",\"url\":\"https:\/\/fundacjajoannyradziwill.pl\/en\/\",\"logo\":{\"@type\":\"ImageObject\",\"inLanguage\":\"en-US\",\"@id\":\"https:\/\/fundacjajoannyradziwill.pl\/en\/#\/schema\/logo\/image\/\",\"url\":\"https:\/\/fundacjajoannyradziwill.pl\/wp-content\/uploads\/2023\/05\/logo_poziom_czerwony-01-1.svg\",\"contentUrl\":\"https:\/\/fundacjajoannyradziwill.pl\/wp-content\/uploads\/2023\/05\/logo_poziom_czerwony-01-1.svg\",\"width\":473,\"height\":151,\"caption\":\"Fundacja Joanny Radziwi\u0142\u0142\"},\"image\":{\"@id\":\"https:\/\/fundacjajoannyradziwill.pl\/en\/#\/schema\/logo\/image\/\"},\"sameAs\":[\"https:\/\/www.facebook.com\/fundacjaopiekunczeskrzydla\"]},{\"@type\":\"Person\",\"@id\":\"https:\/\/fundacjajoannyradziwill.pl\/en\/#\/schema\/person\/5f12bc9c90a4985b4fa39eb0bd8ce51b\",\"name\":\"Beata Kowalczyk\",\"image\":{\"@type\":\"ImageObject\",\"inLanguage\":\"en-US\",\"@id\":\"https:\/\/fundacjajoannyradziwill.pl\/en\/#\/schema\/person\/image\/\",\"url\":\"https:\/\/secure.gravatar.com\/avatar\/ca10322c1a89a33ad010afe7706ff1256276d73c8ec914b713867cc6862947d2?s=96&d=mm&r=g\",\"contentUrl\":\"https:\/\/secure.gravatar.com\/avatar\/ca10322c1a89a33ad010afe7706ff1256276d73c8ec914b713867cc6862947d2?s=96&d=mm&r=g\",\"caption\":\"Beata Kowalczyk\"},\"url\":\"https:\/\/fundacjajoannyradziwill.pl\/en\/author\/b-kowalczyk\/\"}]}<\/script>\n<!-- \/ Yoast SEO plugin. -->","yoast_head_json":{"title":"International Refugee Day - June 20 - Fundacja Joanny Radziwi\u0142\u0142","robots":{"index":"index","follow":"follow","max-snippet":"max-snippet:-1","max-image-preview":"max-image-preview:large","max-video-preview":"max-video-preview:-1"},"canonical":"https:\/\/fundacjajoannyradziwill.pl\/en\/international-refugee-day-june-20\/","og_locale":"en_US","og_type":"article","og_title":"International Refugee Day - June 20 - Fundacja Joanny Radziwi\u0142\u0142","og_description":"World Refugee Day is celebrated on June 20. This year, we especially want to turn our thoughts towards Ukrainian refugees. We would like to share with you a story of support from the perspective of our Aid Coordinator &#8211; Helena Berebecka , which has been helping Ukrainian families with educational and life issues for more than a year. I have been teaching Polish lessons at the Foundation since June. Several dozen people have already passed through them. From the beginning I was very happy that part of my work would become direct assistance to people who had to leave Ukraine as a result of the war. At the same time, I had concerns about whether I would be able to cope in accompanying people with such a difficult experience. I knew that for many of them I was one of the first people they met here. I wanted to give them the most warmth, smiles, kindness and genuine interest. Although there were a few men and boys in the lessons, the biggest part is the women. To me they are heroes, brave women who, despite their traumatic experiences, fight for themselves and their families trying to find their way back here. Among them, women from Kherson, Kyiv, Kyiv, Berdyansk, Kharkiv and others I met architect, painter, students, musicians, teachers, entrepreneurs, beauticians, devoted mothers, grandmothers&#8230;. With a settled life there, and building from scratch in Warsaw. And here they want to wait. To live a relatively normal life. To feel safe, find a job, an apartment. To regain relative stability. They often asked me about organizational things. They asked me to write an application to a kindergarten, an ad, corrections in the Polish version of their cv&#8230;. What impresses me is their determination to learn Polish. Many of them are already speaking fluently within a few months of arriving in Poland, and they still want to learn . For them, lessons are not only a chance to adapt to a new reality and do a better job. Lessons give them a sense of constancy and help them settle into a new reality. From the beginning, the foundation was a new but permanent place to which they could return regularly. Today, waiting for the end of the war in my mind I already have specific women &#8211; Alona, Irina, Katya, Karina, Yulia, and others&#8230;. When peace finally comes I will rejoice together with them .","og_url":"https:\/\/fundacjajoannyradziwill.pl\/en\/international-refugee-day-june-20\/","og_site_name":"Fundacja Joanny Radziwi\u0142\u0142","article_publisher":"https:\/\/www.facebook.com\/fundacjaopiekunczeskrzydla","article_published_time":"2023-06-20T11:50:09+00:00","article_modified_time":"2025-04-29T09:10:24+00:00","og_image":[{"width":1024,"height":481,"url":"https:\/\/fundacjajoannyradziwill.pl\/wp-content\/uploads\/2023\/06\/dzien-uchodzcy_Obszar-roboczy-1-e1687965442261-1024x481.png","type":"image\/png"}],"author":"Beata Kowalczyk","twitter_card":"summary_large_image","twitter_misc":{"Written by":"Beata Kowalczyk","Est. reading time":"2 minutes"},"schema":{"@context":"https:\/\/schema.org","@graph":[{"@type":"Article","@id":"https:\/\/fundacjajoannyradziwill.pl\/en\/international-refugee-day-june-20\/#article","isPartOf":{"@id":"https:\/\/fundacjajoannyradziwill.pl\/en\/international-refugee-day-june-20\/"},"author":{"name":"Beata Kowalczyk","@id":"https:\/\/fundacjajoannyradziwill.pl\/en\/#\/schema\/person\/5f12bc9c90a4985b4fa39eb0bd8ce51b"},"headline":"International Refugee Day &#8211; June 20","datePublished":"2023-06-20T11:50:09+00:00","dateModified":"2025-04-29T09:10:24+00:00","mainEntityOfPage":{"@id":"https:\/\/fundacjajoannyradziwill.pl\/en\/international-refugee-day-june-20\/"},"wordCount":404,"publisher":{"@id":"https:\/\/fundacjajoannyradziwill.pl\/en\/#organization"},"image":{"@id":"https:\/\/fundacjajoannyradziwill.pl\/en\/international-refugee-day-june-20\/#primaryimage"},"thumbnailUrl":"https:\/\/fundacjajoannyradziwill.pl\/wp-content\/uploads\/2023\/06\/dzien-uchodzcy_Obszar-roboczy-1-e1687965442261.png","keywords":["Refugee Day"],"articleSection":["News"],"inLanguage":"en-US"},{"@type":"WebPage","@id":"https:\/\/fundacjajoannyradziwill.pl\/en\/international-refugee-day-june-20\/","url":"https:\/\/fundacjajoannyradziwill.pl\/en\/international-refugee-day-june-20\/","name":"International Refugee Day - June 20 - Fundacja Joanny Radziwi\u0142\u0142","isPartOf":{"@id":"https:\/\/fundacjajoannyradziwill.pl\/en\/#website"},"primaryImageOfPage":{"@id":"https:\/\/fundacjajoannyradziwill.pl\/en\/international-refugee-day-june-20\/#primaryimage"},"image":{"@id":"https:\/\/fundacjajoannyradziwill.pl\/en\/international-refugee-day-june-20\/#primaryimage"},"thumbnailUrl":"https:\/\/fundacjajoannyradziwill.pl\/wp-content\/uploads\/2023\/06\/dzien-uchodzcy_Obszar-roboczy-1-e1687965442261.png","datePublished":"2023-06-20T11:50:09+00:00","dateModified":"2025-04-29T09:10:24+00:00","inLanguage":"en-US","potentialAction":[{"@type":"ReadAction","target":["https:\/\/fundacjajoannyradziwill.pl\/en\/international-refugee-day-june-20\/"]}]},{"@type":"ImageObject","inLanguage":"en-US","@id":"https:\/\/fundacjajoannyradziwill.pl\/en\/international-refugee-day-june-20\/#primaryimage","url":"https:\/\/fundacjajoannyradziwill.pl\/wp-content\/uploads\/2023\/06\/dzien-uchodzcy_Obszar-roboczy-1-e1687965442261.png","contentUrl":"https:\/\/fundacjajoannyradziwill.pl\/wp-content\/uploads\/2023\/06\/dzien-uchodzcy_Obszar-roboczy-1-e1687965442261.png","width":1920,"height":902},{"@type":"WebSite","@id":"https:\/\/fundacjajoannyradziwill.pl\/en\/#website","url":"https:\/\/fundacjajoannyradziwill.pl\/en\/","name":"Fundacja Joanny Radziwi\u0142\u0142","description":"Opieku\u0144cze Skrzyd\u0142a","publisher":{"@id":"https:\/\/fundacjajoannyradziwill.pl\/en\/#organization"},"potentialAction":[{"@type":"SearchAction","target":{"@type":"EntryPoint","urlTemplate":"https:\/\/fundacjajoannyradziwill.pl\/en\/?s={search_term_string}"},"query-input":{"@type":"PropertyValueSpecification","valueRequired":true,"valueName":"search_term_string"}}],"inLanguage":"en-US"},{"@type":"Organization","@id":"https:\/\/fundacjajoannyradziwill.pl\/en\/#organization","name":"Fundacja Joanny Radziwi\u0142\u0142","url":"https:\/\/fundacjajoannyradziwill.pl\/en\/","logo":{"@type":"ImageObject","inLanguage":"en-US","@id":"https:\/\/fundacjajoannyradziwill.pl\/en\/#\/schema\/logo\/image\/","url":"https:\/\/fundacjajoannyradziwill.pl\/wp-content\/uploads\/2023\/05\/logo_poziom_czerwony-01-1.svg","contentUrl":"https:\/\/fundacjajoannyradziwill.pl\/wp-content\/uploads\/2023\/05\/logo_poziom_czerwony-01-1.svg","width":473,"height":151,"caption":"Fundacja Joanny Radziwi\u0142\u0142"},"image":{"@id":"https:\/\/fundacjajoannyradziwill.pl\/en\/#\/schema\/logo\/image\/"},"sameAs":["https:\/\/www.facebook.com\/fundacjaopiekunczeskrzydla"]},{"@type":"Person","@id":"https:\/\/fundacjajoannyradziwill.pl\/en\/#\/schema\/person\/5f12bc9c90a4985b4fa39eb0bd8ce51b","name":"Beata Kowalczyk","image":{"@type":"ImageObject","inLanguage":"en-US","@id":"https:\/\/fundacjajoannyradziwill.pl\/en\/#\/schema\/person\/image\/","url":"https:\/\/secure.gravatar.com\/avatar\/ca10322c1a89a33ad010afe7706ff1256276d73c8ec914b713867cc6862947d2?s=96&d=mm&r=g","contentUrl":"https:\/\/secure.gravatar.com\/avatar\/ca10322c1a89a33ad010afe7706ff1256276d73c8ec914b713867cc6862947d2?s=96&d=mm&r=g","caption":"Beata Kowalczyk"},"url":"https:\/\/fundacjajoannyradziwill.pl\/en\/author\/b-kowalczyk\/"}]}},"_links":{"self":[{"href":"https:\/\/fundacjajoannyradziwill.pl\/en\/wp-json\/wp\/v2\/posts\/13641","targetHints":{"allow":["GET"]}}],"collection":[{"href":"https:\/\/fundacjajoannyradziwill.pl\/en\/wp-json\/wp\/v2\/posts"}],"about":[{"href":"https:\/\/fundacjajoannyradziwill.pl\/en\/wp-json\/wp\/v2\/types\/post"}],"author":[{"embeddable":true,"href":"https:\/\/fundacjajoannyradziwill.pl\/en\/wp-json\/wp\/v2\/users\/24784"}],"replies":[{"embeddable":true,"href":"https:\/\/fundacjajoannyradziwill.pl\/en\/wp-json\/wp\/v2\/comments?post=13641"}],"version-history":[{"count":1,"href":"https:\/\/fundacjajoannyradziwill.pl\/en\/wp-json\/wp\/v2\/posts\/13641\/revisions"}],"predecessor-version":[{"id":13642,"href":"https:\/\/fundacjajoannyradziwill.pl\/en\/wp-json\/wp\/v2\/posts\/13641\/revisions\/13642"}],"wp:featuredmedia":[{"embeddable":true,"href":"https:\/\/fundacjajoannyradziwill.pl\/en\/wp-json\/wp\/v2\/media\/13068"}],"wp:attachment":[{"href":"https:\/\/fundacjajoannyradziwill.pl\/en\/wp-json\/wp\/v2\/media?parent=13641"}],"wp:term":[{"taxonomy":"category","embeddable":true,"href":"https:\/\/fundacjajoannyradziwill.pl\/en\/wp-json\/wp\/v2\/categories?post=13641"},{"taxonomy":"post_tag","embeddable":true,"href":"https:\/\/fundacjajoannyradziwill.pl\/en\/wp-json\/wp\/v2\/tags?post=13641"}],"curies":[{"name":"wp","href":"https:\/\/api.w.org\/{rel}","templated":true}]}}