{"id":13659,"date":"2023-03-31T10:57:00","date_gmt":"2023-03-31T08:57:00","guid":{"rendered":"https:\/\/fundacjajoannyradziwill.pl\/meeting-with-traveler-and-actor-jan-kardasinski\/"},"modified":"2025-04-29T11:16:25","modified_gmt":"2025-04-29T09:16:25","slug":"meeting-with-traveler-and-actor-jan-kardasinski","status":"publish","type":"post","link":"https:\/\/fundacjajoannyradziwill.pl\/en\/meeting-with-traveler-and-actor-jan-kardasinski\/","title":{"rendered":"Meeting with traveler and actor Jan Kardasinski"},"content":{"rendered":"\n<p><strong>It is worthwhile to be interested in different things and anything is possible!<\/strong>  That&#8217;s how we can sum up in one sentence the inspiring meeting of our wards with actor and traveler Jan Kardasinski, which took place last Friday at the foundation house on Omulewska Street. <\/p>\n\n<h2 class=\"wp-block-heading\">About acting and traveling<\/h2>\n\n<p>Janek told us about his path to becoming an actor, which was not at all obvious, and as he himself admitted &#8211; at first he did not see himself as an actor and voice-over artist. However, the time and work put in showed that anything is possible! We also saw some behind-the-scenes footage and mishaps from the film set.    <\/p>\n\n<h2 class=\"wp-block-heading\">Mountain hiking<\/h2>\n\n<p>We viewed mountain peaks with our finger on the map, and discovered previously unknown landscapes from our travels in Africa and Iceland.<\/p>\n\n<figure class=\"wp-block-image size-large is-resized\"><img fetchpriority=\"high\" decoding=\"async\" src=\"https:\/\/fundacjajoannyradziwill.pl\/wp-content\/uploads\/2023\/04\/jan-kardasinski-mapa-swiata-fundacja-opiekuncze-skrzydla-edited.jpg\" alt=\"\" class=\"wp-image-9553\" width=\"543\" height=\"543\" srcset=\"https:\/\/fundacjajoannyradziwill.pl\/wp-content\/uploads\/2023\/04\/jan-kardasinski-mapa-swiata-fundacja-opiekuncze-skrzydla-edited.jpg 1440w, https:\/\/fundacjajoannyradziwill.pl\/wp-content\/uploads\/2023\/04\/jan-kardasinski-mapa-swiata-fundacja-opiekuncze-skrzydla-edited-300x300.jpg 300w, https:\/\/fundacjajoannyradziwill.pl\/wp-content\/uploads\/2023\/04\/jan-kardasinski-mapa-swiata-fundacja-opiekuncze-skrzydla-edited-1024x1024.jpg 1024w, https:\/\/fundacjajoannyradziwill.pl\/wp-content\/uploads\/2023\/04\/jan-kardasinski-mapa-swiata-fundacja-opiekuncze-skrzydla-edited-150x150.jpg 150w, https:\/\/fundacjajoannyradziwill.pl\/wp-content\/uploads\/2023\/04\/jan-kardasinski-mapa-swiata-fundacja-opiekuncze-skrzydla-edited-768x768.jpg 768w\" sizes=\"(max-width: 543px) 100vw, 543px\" \/><\/figure>\n\n<h2 class=\"wp-block-heading\">Improvisation<\/h2>\n\n<p>At the end of the meeting, Janek led an impromptu session with us, in which we created stories based on random situations. It was not only great fun, but also proof that there is potential for creativity in each of us. <\/p>\n\n<figure class=\"wp-block-image size-large is-resized\"><img decoding=\"async\" src=\"https:\/\/fundacjajoannyradziwill.pl\/wp-content\/uploads\/2023\/04\/improwizacja-kardasinki-edited.jpg\" alt=\"\" class=\"wp-image-9555\" width=\"539\" height=\"539\" srcset=\"https:\/\/fundacjajoannyradziwill.pl\/wp-content\/uploads\/2023\/04\/improwizacja-kardasinki-edited.jpg 1440w, https:\/\/fundacjajoannyradziwill.pl\/wp-content\/uploads\/2023\/04\/improwizacja-kardasinki-edited-300x300.jpg 300w, https:\/\/fundacjajoannyradziwill.pl\/wp-content\/uploads\/2023\/04\/improwizacja-kardasinki-edited-1024x1024.jpg 1024w, https:\/\/fundacjajoannyradziwill.pl\/wp-content\/uploads\/2023\/04\/improwizacja-kardasinki-edited-150x150.jpg 150w, https:\/\/fundacjajoannyradziwill.pl\/wp-content\/uploads\/2023\/04\/improwizacja-kardasinki-edited-768x768.jpg 768w\" sizes=\"(max-width: 539px) 100vw, 539px\" \/><\/figure>\n\n<p>The meeting was an inspiring experience for us and showed us that life does not have to be limited to one field and challenges are worth taking on, and that the most important thing is not to give up in the face of adversity.  <\/p>\n\n<p>Do you have an idea and want to organize an interesting and inspiring meeting for our wards? \ud83d\udce5Write to: m.kostro@fundacjajoannyradziwill.pl <\/p>\n","protected":false},"excerpt":{"rendered":"<p>It is worthwhile to be interested in different things and anything is possible! That&#8217;s how we can sum up in one sentence the inspiring meeting of our wards with actor and traveler Jan Kardasinski, which took place last Friday at the foundation house on Omulewska Street. About acting and traveling Janek told us about his path to becoming an actor, which was not at all obvious, and as he himself admitted &#8211; at first he did not see himself as an actor and voice-over artist. However, the time and work put in showed that anything is possible! We also saw some behind-the-scenes footage and mishaps from the film set. Mountain hiking We viewed mountain peaks with our finger on the map, and discovered previously unknown landscapes from our travels in Africa and Iceland. Improvisation At the end of the meeting, Janek led an impromptu session with us, in which we created stories based on random situations. It was not only great fun, but also proof that there is potential for creativity in each of us. The meeting was an inspiring experience for us and showed us that life does not have to be limited to one field and challenges are worth taking on, and that the most important thing is not to give up in the face of adversity. Do you have an idea and want to organize an interesting and inspiring meeting for our wards? \ud83d\udce5Write to: m.kostro@fundacjajoannyradziwill.pl<\/p>\n","protected":false},"author":24783,"featured_media":13012,"comment_status":"closed","ping_status":"closed","sticky":false,"template":"","format":"standard","meta":{"_acf_changed":false,"inline_featured_image":false,"_monsterinsights_skip_tracking":false,"_monsterinsights_sitenote_active":false,"_monsterinsights_sitenote_note":"","_monsterinsights_sitenote_category":0,"ocean_post_layout":"","ocean_both_sidebars_style":"","ocean_both_sidebars_content_width":0,"ocean_both_sidebars_sidebars_width":0,"ocean_sidebar":"0","ocean_second_sidebar":"0","ocean_disable_margins":"enable","ocean_add_body_class":"","ocean_shortcode_before_top_bar":"","ocean_shortcode_after_top_bar":"","ocean_shortcode_before_header":"","ocean_shortcode_after_header":"","ocean_has_shortcode":"","ocean_shortcode_after_title":"","ocean_shortcode_before_footer_widgets":"","ocean_shortcode_after_footer_widgets":"","ocean_shortcode_before_footer_bottom":"","ocean_shortcode_after_footer_bottom":"","ocean_display_top_bar":"default","ocean_display_header":"default","ocean_header_style":"","ocean_center_header_left_menu":"0","ocean_custom_header_template":"0","ocean_custom_logo":0,"ocean_custom_retina_logo":0,"ocean_custom_logo_max_width":0,"ocean_custom_logo_tablet_max_width":0,"ocean_custom_logo_mobile_max_width":0,"ocean_custom_logo_max_height":0,"ocean_custom_logo_tablet_max_height":0,"ocean_custom_logo_mobile_max_height":0,"ocean_header_custom_menu":"0","ocean_menu_typo_font_family":"0","ocean_menu_typo_font_subset":"","ocean_menu_typo_font_size":0,"ocean_menu_typo_font_size_tablet":0,"ocean_menu_typo_font_size_mobile":0,"ocean_menu_typo_font_size_unit":"px","ocean_menu_typo_font_weight":"","ocean_menu_typo_font_weight_tablet":"","ocean_menu_typo_font_weight_mobile":"","ocean_menu_typo_transform":"","ocean_menu_typo_transform_tablet":"","ocean_menu_typo_transform_mobile":"","ocean_menu_typo_line_height":0,"ocean_menu_typo_line_height_tablet":0,"ocean_menu_typo_line_height_mobile":0,"ocean_menu_typo_line_height_unit":"","ocean_menu_typo_spacing":0,"ocean_menu_typo_spacing_tablet":0,"ocean_menu_typo_spacing_mobile":0,"ocean_menu_typo_spacing_unit":"","ocean_menu_link_color":"","ocean_menu_link_color_hover":"","ocean_menu_link_color_active":"","ocean_menu_link_background":"","ocean_menu_link_hover_background":"","ocean_menu_link_active_background":"","ocean_menu_social_links_bg":"","ocean_menu_social_hover_links_bg":"","ocean_menu_social_links_color":"","ocean_menu_social_hover_links_color":"","ocean_disable_title":"default","ocean_disable_heading":"default","ocean_post_title":"","ocean_post_subheading":"","ocean_post_title_style":"","ocean_post_title_background_color":"","ocean_post_title_background":0,"ocean_post_title_bg_image_position":"","ocean_post_title_bg_image_attachment":"","ocean_post_title_bg_image_repeat":"","ocean_post_title_bg_image_size":"","ocean_post_title_height":0,"ocean_post_title_bg_overlay":0.5,"ocean_post_title_bg_overlay_color":"","ocean_disable_breadcrumbs":"default","ocean_breadcrumbs_color":"","ocean_breadcrumbs_separator_color":"","ocean_breadcrumbs_links_color":"","ocean_breadcrumbs_links_hover_color":"","ocean_display_footer_widgets":"default","ocean_display_footer_bottom":"default","ocean_custom_footer_template":"0","ocean_post_oembed":"","ocean_post_self_hosted_media":"","ocean_post_video_embed":"","ocean_link_format":"","ocean_link_format_target":"self","ocean_quote_format":"","ocean_quote_format_link":"post","ocean_gallery_link_images":"on","ocean_gallery_id":[],"footnotes":"","_links_to":"","_links_to_target":""},"categories":[290],"tags":[352],"class_list":["post-13659","post","type-post","status-publish","format-standard","has-post-thumbnail","hentry","category-news-en","tag-jankardasinski-en","entry","has-media"],"acf":[],"yoast_head":"<!-- This site is optimized with the Yoast SEO plugin v26.3 - https:\/\/yoast.com\/wordpress\/plugins\/seo\/ -->\n<title>Meeting with traveler and actor Jan Kardasinski - Fundacja Joanny Radziwi\u0142\u0142<\/title>\n<meta name=\"robots\" content=\"index, follow, max-snippet:-1, max-image-preview:large, max-video-preview:-1\" \/>\n<link rel=\"canonical\" href=\"https:\/\/fundacjajoannyradziwill.pl\/en\/meeting-with-traveler-and-actor-jan-kardasinski\/\" \/>\n<meta property=\"og:locale\" content=\"en_US\" \/>\n<meta property=\"og:type\" content=\"article\" \/>\n<meta property=\"og:title\" content=\"Meeting with traveler and actor Jan Kardasinski - Fundacja Joanny Radziwi\u0142\u0142\" \/>\n<meta property=\"og:description\" content=\"It is worthwhile to be interested in different things and anything is possible! That&#8217;s how we can sum up in one sentence the inspiring meeting of our wards with actor and traveler Jan Kardasinski, which took place last Friday at the foundation house on Omulewska Street. About acting and traveling Janek told us about his path to becoming an actor, which was not at all obvious, and as he himself admitted &#8211; at first he did not see himself as an actor and voice-over artist. However, the time and work put in showed that anything is possible! We also saw some behind-the-scenes footage and mishaps from the film set. Mountain hiking We viewed mountain peaks with our finger on the map, and discovered previously unknown landscapes from our travels in Africa and Iceland. Improvisation At the end of the meeting, Janek led an impromptu session with us, in which we created stories based on random situations. It was not only great fun, but also proof that there is potential for creativity in each of us. The meeting was an inspiring experience for us and showed us that life does not have to be limited to one field and challenges are worth taking on, and that the most important thing is not to give up in the face of adversity. Do you have an idea and want to organize an interesting and inspiring meeting for our wards? \ud83d\udce5Write to: m.kostro@fundacjajoannyradziwill.pl\" \/>\n<meta property=\"og:url\" content=\"https:\/\/fundacjajoannyradziwill.pl\/en\/meeting-with-traveler-and-actor-jan-kardasinski\/\" \/>\n<meta property=\"og:site_name\" content=\"Fundacja Joanny Radziwi\u0142\u0142\" \/>\n<meta property=\"article:publisher\" content=\"https:\/\/www.facebook.com\/fundacjaopiekunczeskrzydla\" \/>\n<meta property=\"article:published_time\" content=\"2023-03-31T08:57:00+00:00\" \/>\n<meta property=\"article:modified_time\" content=\"2025-04-29T09:16:25+00:00\" \/>\n<meta property=\"og:image\" content=\"https:\/\/fundacjajoannyradziwill.pl\/wp-content\/uploads\/2023\/04\/jan-kardasinski-mapa-swiata-fundacja-opiekuncze-skrzydla1-1024x997.png\" \/>\n\t<meta property=\"og:image:width\" content=\"1024\" \/>\n\t<meta property=\"og:image:height\" content=\"997\" \/>\n\t<meta property=\"og:image:type\" content=\"image\/png\" \/>\n<meta name=\"author\" content=\"Kasia Muszy\u0144ska\" \/>\n<meta name=\"twitter:card\" content=\"summary_large_image\" \/>\n<meta name=\"twitter:label1\" content=\"Written by\" \/>\n\t<meta name=\"twitter:data1\" content=\"Kasia Muszy\u0144ska\" \/>\n\t<meta name=\"twitter:label2\" content=\"Est. reading time\" \/>\n\t<meta name=\"twitter:data2\" content=\"1 minute\" \/>\n<script type=\"application\/ld+json\" class=\"yoast-schema-graph\">{\"@context\":\"https:\/\/schema.org\",\"@graph\":[{\"@type\":\"Article\",\"@id\":\"https:\/\/fundacjajoannyradziwill.pl\/en\/meeting-with-traveler-and-actor-jan-kardasinski\/#article\",\"isPartOf\":{\"@id\":\"https:\/\/fundacjajoannyradziwill.pl\/en\/meeting-with-traveler-and-actor-jan-kardasinski\/\"},\"author\":{\"name\":\"Kasia Muszy\u0144ska\",\"@id\":\"https:\/\/fundacjajoannyradziwill.pl\/en\/#\/schema\/person\/67655878de25b7d9b23009130b50a54e\"},\"headline\":\"Meeting with traveler and actor Jan Kardasinski\",\"datePublished\":\"2023-03-31T08:57:00+00:00\",\"dateModified\":\"2025-04-29T09:16:25+00:00\",\"mainEntityOfPage\":{\"@id\":\"https:\/\/fundacjajoannyradziwill.pl\/en\/meeting-with-traveler-and-actor-jan-kardasinski\/\"},\"wordCount\":249,\"publisher\":{\"@id\":\"https:\/\/fundacjajoannyradziwill.pl\/en\/#organization\"},\"image\":{\"@id\":\"https:\/\/fundacjajoannyradziwill.pl\/en\/meeting-with-traveler-and-actor-jan-kardasinski\/#primaryimage\"},\"thumbnailUrl\":\"https:\/\/fundacjajoannyradziwill.pl\/wp-content\/uploads\/2023\/04\/jan-kardasinski-mapa-swiata-fundacja-opiekuncze-skrzydla1.png\",\"keywords\":[\"JanKardasinski\"],\"articleSection\":[\"News\"],\"inLanguage\":\"en-US\"},{\"@type\":\"WebPage\",\"@id\":\"https:\/\/fundacjajoannyradziwill.pl\/en\/meeting-with-traveler-and-actor-jan-kardasinski\/\",\"url\":\"https:\/\/fundacjajoannyradziwill.pl\/en\/meeting-with-traveler-and-actor-jan-kardasinski\/\",\"name\":\"Meeting with traveler and actor Jan Kardasinski - Fundacja Joanny Radziwi\u0142\u0142\",\"isPartOf\":{\"@id\":\"https:\/\/fundacjajoannyradziwill.pl\/en\/#website\"},\"primaryImageOfPage\":{\"@id\":\"https:\/\/fundacjajoannyradziwill.pl\/en\/meeting-with-traveler-and-actor-jan-kardasinski\/#primaryimage\"},\"image\":{\"@id\":\"https:\/\/fundacjajoannyradziwill.pl\/en\/meeting-with-traveler-and-actor-jan-kardasinski\/#primaryimage\"},\"thumbnailUrl\":\"https:\/\/fundacjajoannyradziwill.pl\/wp-content\/uploads\/2023\/04\/jan-kardasinski-mapa-swiata-fundacja-opiekuncze-skrzydla1.png\",\"datePublished\":\"2023-03-31T08:57:00+00:00\",\"dateModified\":\"2025-04-29T09:16:25+00:00\",\"inLanguage\":\"en-US\",\"potentialAction\":[{\"@type\":\"ReadAction\",\"target\":[\"https:\/\/fundacjajoannyradziwill.pl\/en\/meeting-with-traveler-and-actor-jan-kardasinski\/\"]}]},{\"@type\":\"ImageObject\",\"inLanguage\":\"en-US\",\"@id\":\"https:\/\/fundacjajoannyradziwill.pl\/en\/meeting-with-traveler-and-actor-jan-kardasinski\/#primaryimage\",\"url\":\"https:\/\/fundacjajoannyradziwill.pl\/wp-content\/uploads\/2023\/04\/jan-kardasinski-mapa-swiata-fundacja-opiekuncze-skrzydla1.png\",\"contentUrl\":\"https:\/\/fundacjajoannyradziwill.pl\/wp-content\/uploads\/2023\/04\/jan-kardasinski-mapa-swiata-fundacja-opiekuncze-skrzydla1.png\",\"width\":1536,\"height\":1496},{\"@type\":\"WebSite\",\"@id\":\"https:\/\/fundacjajoannyradziwill.pl\/en\/#website\",\"url\":\"https:\/\/fundacjajoannyradziwill.pl\/en\/\",\"name\":\"Fundacja Joanny Radziwi\u0142\u0142\",\"description\":\"Opieku\u0144cze Skrzyd\u0142a\",\"publisher\":{\"@id\":\"https:\/\/fundacjajoannyradziwill.pl\/en\/#organization\"},\"potentialAction\":[{\"@type\":\"SearchAction\",\"target\":{\"@type\":\"EntryPoint\",\"urlTemplate\":\"https:\/\/fundacjajoannyradziwill.pl\/en\/?s={search_term_string}\"},\"query-input\":{\"@type\":\"PropertyValueSpecification\",\"valueRequired\":true,\"valueName\":\"search_term_string\"}}],\"inLanguage\":\"en-US\"},{\"@type\":\"Organization\",\"@id\":\"https:\/\/fundacjajoannyradziwill.pl\/en\/#organization\",\"name\":\"Fundacja Joanny Radziwi\u0142\u0142\",\"url\":\"https:\/\/fundacjajoannyradziwill.pl\/en\/\",\"logo\":{\"@type\":\"ImageObject\",\"inLanguage\":\"en-US\",\"@id\":\"https:\/\/fundacjajoannyradziwill.pl\/en\/#\/schema\/logo\/image\/\",\"url\":\"https:\/\/fundacjajoannyradziwill.pl\/wp-content\/uploads\/2023\/05\/logo_poziom_czerwony-01-1.svg\",\"contentUrl\":\"https:\/\/fundacjajoannyradziwill.pl\/wp-content\/uploads\/2023\/05\/logo_poziom_czerwony-01-1.svg\",\"width\":473,\"height\":151,\"caption\":\"Fundacja Joanny Radziwi\u0142\u0142\"},\"image\":{\"@id\":\"https:\/\/fundacjajoannyradziwill.pl\/en\/#\/schema\/logo\/image\/\"},\"sameAs\":[\"https:\/\/www.facebook.com\/fundacjaopiekunczeskrzydla\"]},{\"@type\":\"Person\",\"@id\":\"https:\/\/fundacjajoannyradziwill.pl\/en\/#\/schema\/person\/67655878de25b7d9b23009130b50a54e\",\"name\":\"Kasia Muszy\u0144ska\",\"image\":{\"@type\":\"ImageObject\",\"inLanguage\":\"en-US\",\"@id\":\"https:\/\/fundacjajoannyradziwill.pl\/en\/#\/schema\/person\/image\/\",\"url\":\"https:\/\/secure.gravatar.com\/avatar\/8975100ac14032f1e403e6bb076af9a1a416ef8efd01bb9e594a41091be0204e?s=96&d=mm&r=g\",\"contentUrl\":\"https:\/\/secure.gravatar.com\/avatar\/8975100ac14032f1e403e6bb076af9a1a416ef8efd01bb9e594a41091be0204e?s=96&d=mm&r=g\",\"caption\":\"Kasia Muszy\u0144ska\"},\"url\":\"https:\/\/fundacjajoannyradziwill.pl\/en\/author\/kasia\/\"}]}<\/script>\n<!-- \/ Yoast SEO plugin. -->","yoast_head_json":{"title":"Meeting with traveler and actor Jan Kardasinski - Fundacja Joanny Radziwi\u0142\u0142","robots":{"index":"index","follow":"follow","max-snippet":"max-snippet:-1","max-image-preview":"max-image-preview:large","max-video-preview":"max-video-preview:-1"},"canonical":"https:\/\/fundacjajoannyradziwill.pl\/en\/meeting-with-traveler-and-actor-jan-kardasinski\/","og_locale":"en_US","og_type":"article","og_title":"Meeting with traveler and actor Jan Kardasinski - Fundacja Joanny Radziwi\u0142\u0142","og_description":"It is worthwhile to be interested in different things and anything is possible! That&#8217;s how we can sum up in one sentence the inspiring meeting of our wards with actor and traveler Jan Kardasinski, which took place last Friday at the foundation house on Omulewska Street. About acting and traveling Janek told us about his path to becoming an actor, which was not at all obvious, and as he himself admitted &#8211; at first he did not see himself as an actor and voice-over artist. However, the time and work put in showed that anything is possible! We also saw some behind-the-scenes footage and mishaps from the film set. Mountain hiking We viewed mountain peaks with our finger on the map, and discovered previously unknown landscapes from our travels in Africa and Iceland. Improvisation At the end of the meeting, Janek led an impromptu session with us, in which we created stories based on random situations. It was not only great fun, but also proof that there is potential for creativity in each of us. The meeting was an inspiring experience for us and showed us that life does not have to be limited to one field and challenges are worth taking on, and that the most important thing is not to give up in the face of adversity. Do you have an idea and want to organize an interesting and inspiring meeting for our wards? \ud83d\udce5Write to: m.kostro@fundacjajoannyradziwill.pl","og_url":"https:\/\/fundacjajoannyradziwill.pl\/en\/meeting-with-traveler-and-actor-jan-kardasinski\/","og_site_name":"Fundacja Joanny Radziwi\u0142\u0142","article_publisher":"https:\/\/www.facebook.com\/fundacjaopiekunczeskrzydla","article_published_time":"2023-03-31T08:57:00+00:00","article_modified_time":"2025-04-29T09:16:25+00:00","og_image":[{"width":1024,"height":997,"url":"https:\/\/fundacjajoannyradziwill.pl\/wp-content\/uploads\/2023\/04\/jan-kardasinski-mapa-swiata-fundacja-opiekuncze-skrzydla1-1024x997.png","type":"image\/png"}],"author":"Kasia Muszy\u0144ska","twitter_card":"summary_large_image","twitter_misc":{"Written by":"Kasia Muszy\u0144ska","Est. reading time":"1 minute"},"schema":{"@context":"https:\/\/schema.org","@graph":[{"@type":"Article","@id":"https:\/\/fundacjajoannyradziwill.pl\/en\/meeting-with-traveler-and-actor-jan-kardasinski\/#article","isPartOf":{"@id":"https:\/\/fundacjajoannyradziwill.pl\/en\/meeting-with-traveler-and-actor-jan-kardasinski\/"},"author":{"name":"Kasia Muszy\u0144ska","@id":"https:\/\/fundacjajoannyradziwill.pl\/en\/#\/schema\/person\/67655878de25b7d9b23009130b50a54e"},"headline":"Meeting with traveler and actor Jan Kardasinski","datePublished":"2023-03-31T08:57:00+00:00","dateModified":"2025-04-29T09:16:25+00:00","mainEntityOfPage":{"@id":"https:\/\/fundacjajoannyradziwill.pl\/en\/meeting-with-traveler-and-actor-jan-kardasinski\/"},"wordCount":249,"publisher":{"@id":"https:\/\/fundacjajoannyradziwill.pl\/en\/#organization"},"image":{"@id":"https:\/\/fundacjajoannyradziwill.pl\/en\/meeting-with-traveler-and-actor-jan-kardasinski\/#primaryimage"},"thumbnailUrl":"https:\/\/fundacjajoannyradziwill.pl\/wp-content\/uploads\/2023\/04\/jan-kardasinski-mapa-swiata-fundacja-opiekuncze-skrzydla1.png","keywords":["JanKardasinski"],"articleSection":["News"],"inLanguage":"en-US"},{"@type":"WebPage","@id":"https:\/\/fundacjajoannyradziwill.pl\/en\/meeting-with-traveler-and-actor-jan-kardasinski\/","url":"https:\/\/fundacjajoannyradziwill.pl\/en\/meeting-with-traveler-and-actor-jan-kardasinski\/","name":"Meeting with traveler and actor Jan Kardasinski - Fundacja Joanny Radziwi\u0142\u0142","isPartOf":{"@id":"https:\/\/fundacjajoannyradziwill.pl\/en\/#website"},"primaryImageOfPage":{"@id":"https:\/\/fundacjajoannyradziwill.pl\/en\/meeting-with-traveler-and-actor-jan-kardasinski\/#primaryimage"},"image":{"@id":"https:\/\/fundacjajoannyradziwill.pl\/en\/meeting-with-traveler-and-actor-jan-kardasinski\/#primaryimage"},"thumbnailUrl":"https:\/\/fundacjajoannyradziwill.pl\/wp-content\/uploads\/2023\/04\/jan-kardasinski-mapa-swiata-fundacja-opiekuncze-skrzydla1.png","datePublished":"2023-03-31T08:57:00+00:00","dateModified":"2025-04-29T09:16:25+00:00","inLanguage":"en-US","potentialAction":[{"@type":"ReadAction","target":["https:\/\/fundacjajoannyradziwill.pl\/en\/meeting-with-traveler-and-actor-jan-kardasinski\/"]}]},{"@type":"ImageObject","inLanguage":"en-US","@id":"https:\/\/fundacjajoannyradziwill.pl\/en\/meeting-with-traveler-and-actor-jan-kardasinski\/#primaryimage","url":"https:\/\/fundacjajoannyradziwill.pl\/wp-content\/uploads\/2023\/04\/jan-kardasinski-mapa-swiata-fundacja-opiekuncze-skrzydla1.png","contentUrl":"https:\/\/fundacjajoannyradziwill.pl\/wp-content\/uploads\/2023\/04\/jan-kardasinski-mapa-swiata-fundacja-opiekuncze-skrzydla1.png","width":1536,"height":1496},{"@type":"WebSite","@id":"https:\/\/fundacjajoannyradziwill.pl\/en\/#website","url":"https:\/\/fundacjajoannyradziwill.pl\/en\/","name":"Fundacja Joanny Radziwi\u0142\u0142","description":"Opieku\u0144cze Skrzyd\u0142a","publisher":{"@id":"https:\/\/fundacjajoannyradziwill.pl\/en\/#organization"},"potentialAction":[{"@type":"SearchAction","target":{"@type":"EntryPoint","urlTemplate":"https:\/\/fundacjajoannyradziwill.pl\/en\/?s={search_term_string}"},"query-input":{"@type":"PropertyValueSpecification","valueRequired":true,"valueName":"search_term_string"}}],"inLanguage":"en-US"},{"@type":"Organization","@id":"https:\/\/fundacjajoannyradziwill.pl\/en\/#organization","name":"Fundacja Joanny Radziwi\u0142\u0142","url":"https:\/\/fundacjajoannyradziwill.pl\/en\/","logo":{"@type":"ImageObject","inLanguage":"en-US","@id":"https:\/\/fundacjajoannyradziwill.pl\/en\/#\/schema\/logo\/image\/","url":"https:\/\/fundacjajoannyradziwill.pl\/wp-content\/uploads\/2023\/05\/logo_poziom_czerwony-01-1.svg","contentUrl":"https:\/\/fundacjajoannyradziwill.pl\/wp-content\/uploads\/2023\/05\/logo_poziom_czerwony-01-1.svg","width":473,"height":151,"caption":"Fundacja Joanny Radziwi\u0142\u0142"},"image":{"@id":"https:\/\/fundacjajoannyradziwill.pl\/en\/#\/schema\/logo\/image\/"},"sameAs":["https:\/\/www.facebook.com\/fundacjaopiekunczeskrzydla"]},{"@type":"Person","@id":"https:\/\/fundacjajoannyradziwill.pl\/en\/#\/schema\/person\/67655878de25b7d9b23009130b50a54e","name":"Kasia Muszy\u0144ska","image":{"@type":"ImageObject","inLanguage":"en-US","@id":"https:\/\/fundacjajoannyradziwill.pl\/en\/#\/schema\/person\/image\/","url":"https:\/\/secure.gravatar.com\/avatar\/8975100ac14032f1e403e6bb076af9a1a416ef8efd01bb9e594a41091be0204e?s=96&d=mm&r=g","contentUrl":"https:\/\/secure.gravatar.com\/avatar\/8975100ac14032f1e403e6bb076af9a1a416ef8efd01bb9e594a41091be0204e?s=96&d=mm&r=g","caption":"Kasia Muszy\u0144ska"},"url":"https:\/\/fundacjajoannyradziwill.pl\/en\/author\/kasia\/"}]}},"_links":{"self":[{"href":"https:\/\/fundacjajoannyradziwill.pl\/en\/wp-json\/wp\/v2\/posts\/13659","targetHints":{"allow":["GET"]}}],"collection":[{"href":"https:\/\/fundacjajoannyradziwill.pl\/en\/wp-json\/wp\/v2\/posts"}],"about":[{"href":"https:\/\/fundacjajoannyradziwill.pl\/en\/wp-json\/wp\/v2\/types\/post"}],"author":[{"embeddable":true,"href":"https:\/\/fundacjajoannyradziwill.pl\/en\/wp-json\/wp\/v2\/users\/24783"}],"replies":[{"embeddable":true,"href":"https:\/\/fundacjajoannyradziwill.pl\/en\/wp-json\/wp\/v2\/comments?post=13659"}],"version-history":[{"count":1,"href":"https:\/\/fundacjajoannyradziwill.pl\/en\/wp-json\/wp\/v2\/posts\/13659\/revisions"}],"predecessor-version":[{"id":13660,"href":"https:\/\/fundacjajoannyradziwill.pl\/en\/wp-json\/wp\/v2\/posts\/13659\/revisions\/13660"}],"wp:featuredmedia":[{"embeddable":true,"href":"https:\/\/fundacjajoannyradziwill.pl\/en\/wp-json\/wp\/v2\/media\/13012"}],"wp:attachment":[{"href":"https:\/\/fundacjajoannyradziwill.pl\/en\/wp-json\/wp\/v2\/media?parent=13659"}],"wp:term":[{"taxonomy":"category","embeddable":true,"href":"https:\/\/fundacjajoannyradziwill.pl\/en\/wp-json\/wp\/v2\/categories?post=13659"},{"taxonomy":"post_tag","embeddable":true,"href":"https:\/\/fundacjajoannyradziwill.pl\/en\/wp-json\/wp\/v2\/tags?post=13659"}],"curies":[{"name":"wp","href":"https:\/\/api.w.org\/{rel}","templated":true}]}}