{"id":13709,"date":"2021-10-18T19:18:00","date_gmt":"2021-10-18T17:18:00","guid":{"rendered":"https:\/\/fundacjajoannyradziwill.pl\/educational-sports-and-together-social-therapy-for-children-from-prague\/"},"modified":"2025-04-29T11:35:06","modified_gmt":"2025-04-29T09:35:06","slug":"educational-sports-and-together-social-therapy-for-children-from-prague","status":"publish","type":"post","link":"https:\/\/fundacjajoannyradziwill.pl\/en\/educational-sports-and-together-social-therapy-for-children-from-prague\/","title":{"rendered":"Educational, sports and together &#8211; social therapy for children from Prague"},"content":{"rendered":"\n<p>Since the beginning of September 2021, children and young people from the Warsaw foundation house have been participating in hugely interesting and development-enhancing activities as part of the<em>&#8220;Social Therapy in a Day Support House<\/em>&#8221; project.   <\/p>\n\n<p>After a difficult period of remote learning, the children receive one-on-one support for their schooling every day from several caregivers and foundation volunteers. To ease the tension of the daily challenges, the children also participate in a variety of physical activities among which the BMX bike riding workshop is particularly popular! We can see how much fun it is for children to train regularly, and how wonderfully their motivation and self-confidence have increased. Carefully selected TEAMs together with instructors: Michal and Bartek from <a href=\"https:\/\/www.facebook.com\/kosabmx\/?__cft__%5B0%5D=AZUV2dERGMeI4NrJ_OteNPTlQAKbrEPusZXatj2v5pvN_pPNpmBbty5O6WEM37VfxOEV7-bANbM3NAR8AfIB4HlgajXke2eijSRPSevHgyHynJ986nP0bvybLYC7YhUvC_lLXbzBMWjRMcxSOZScEWttPs89LUSgyK1JqeukYKDZJZAziQSE4nPE44YOwHCRxG8&amp;__tn__=kK*F\">KOSA BMX<\/a> polish their skills during the workshop. Peer relations, creativity and imagination are strengthened for children and teenagers by participating in a highly colorful series of theater classes.      <\/p>\n\n<p>All initiatives are implemented until the end of November 2021 under the &#8220;Assistance Fund for NGOs and Civic Initiatives 2020&#8221; Program, funded by the Polish-American Freedom Foundation. The executor of the Program is the <a href=\"https:\/\/www.facebook.com\/FundacjaEdukacjadlaDemokracji\/?__cft__%5B0%5D=AZUV2dERGMeI4NrJ_OteNPTlQAKbrEPusZXatj2v5pvN_pPNpmBbty5O6WEM37VfxOEV7-bANbM3NAR8AfIB4HlgajXke2eijSRPSevHgyHynJ986nP0bvybLYC7YhUvC_lLXbzBMWjRMcxSOZScEWttPs89LUSgyK1JqeukYKDZJZAziQSE4nPE44YOwHCRxG8&amp;__tn__=kK*F\">Education for Democracy Foundation<\/a>  <\/p>\n\n<p>We would like to thank the Education for Democracy Foundation immensely for their trust and bringing smiles to the faces of our children! \ud83d\ude42<\/p>\n\n<p><\/p>\n","protected":false},"excerpt":{"rendered":"<p>Since the beginning of September 2021, children and young people from the Warsaw foundation house have been participating in hugely interesting and development-enhancing activities as part of the&#8220;Social Therapy in a Day Support House&#8221; project. After a difficult period of remote learning, the children receive one-on-one support for their schooling every day from several caregivers and foundation volunteers. To ease the tension of the daily challenges, the children also participate in a variety of physical activities among which the BMX bike riding workshop is particularly popular! We can see how much fun it is for children to train regularly, and how wonderfully their motivation and self-confidence have increased. Carefully selected TEAMs together with instructors: Michal and Bartek from KOSA BMX polish their skills during the workshop. Peer relations, creativity and imagination are strengthened for children and teenagers by participating in a highly colorful series of theater classes. All initiatives are implemented until the end of November 2021 under the &#8220;Assistance Fund for NGOs and Civic Initiatives 2020&#8221; Program, funded by the Polish-American Freedom Foundation. The executor of the Program is the Education for Democracy Foundation We would like to thank the Education for Democracy Foundation immensely for their trust and bringing smiles to the faces of our children! \ud83d\ude42<\/p>\n","protected":false},"author":24783,"featured_media":12791,"comment_status":"closed","ping_status":"closed","sticky":false,"template":"","format":"standard","meta":{"_acf_changed":false,"inline_featured_image":false,"_monsterinsights_skip_tracking":false,"_monsterinsights_sitenote_active":false,"_monsterinsights_sitenote_note":"","_monsterinsights_sitenote_category":0,"ocean_post_layout":"","ocean_both_sidebars_style":"","ocean_both_sidebars_content_width":0,"ocean_both_sidebars_sidebars_width":0,"ocean_sidebar":"0","ocean_second_sidebar":"0","ocean_disable_margins":"enable","ocean_add_body_class":"","ocean_shortcode_before_top_bar":"","ocean_shortcode_after_top_bar":"","ocean_shortcode_before_header":"","ocean_shortcode_after_header":"","ocean_has_shortcode":"","ocean_shortcode_after_title":"","ocean_shortcode_before_footer_widgets":"","ocean_shortcode_after_footer_widgets":"","ocean_shortcode_before_footer_bottom":"","ocean_shortcode_after_footer_bottom":"","ocean_display_top_bar":"default","ocean_display_header":"default","ocean_header_style":"","ocean_center_header_left_menu":"0","ocean_custom_header_template":"0","ocean_custom_logo":0,"ocean_custom_retina_logo":0,"ocean_custom_logo_max_width":0,"ocean_custom_logo_tablet_max_width":0,"ocean_custom_logo_mobile_max_width":0,"ocean_custom_logo_max_height":0,"ocean_custom_logo_tablet_max_height":0,"ocean_custom_logo_mobile_max_height":0,"ocean_header_custom_menu":"0","ocean_menu_typo_font_family":"0","ocean_menu_typo_font_subset":"","ocean_menu_typo_font_size":0,"ocean_menu_typo_font_size_tablet":0,"ocean_menu_typo_font_size_mobile":0,"ocean_menu_typo_font_size_unit":"px","ocean_menu_typo_font_weight":"","ocean_menu_typo_font_weight_tablet":"","ocean_menu_typo_font_weight_mobile":"","ocean_menu_typo_transform":"","ocean_menu_typo_transform_tablet":"","ocean_menu_typo_transform_mobile":"","ocean_menu_typo_line_height":0,"ocean_menu_typo_line_height_tablet":0,"ocean_menu_typo_line_height_mobile":0,"ocean_menu_typo_line_height_unit":"","ocean_menu_typo_spacing":0,"ocean_menu_typo_spacing_tablet":0,"ocean_menu_typo_spacing_mobile":0,"ocean_menu_typo_spacing_unit":"","ocean_menu_link_color":"","ocean_menu_link_color_hover":"","ocean_menu_link_color_active":"","ocean_menu_link_background":"","ocean_menu_link_hover_background":"","ocean_menu_link_active_background":"","ocean_menu_social_links_bg":"","ocean_menu_social_hover_links_bg":"","ocean_menu_social_links_color":"","ocean_menu_social_hover_links_color":"","ocean_disable_title":"default","ocean_disable_heading":"default","ocean_post_title":"","ocean_post_subheading":"","ocean_post_title_style":"","ocean_post_title_background_color":"","ocean_post_title_background":0,"ocean_post_title_bg_image_position":"","ocean_post_title_bg_image_attachment":"","ocean_post_title_bg_image_repeat":"","ocean_post_title_bg_image_size":"","ocean_post_title_height":0,"ocean_post_title_bg_overlay":0.5,"ocean_post_title_bg_overlay_color":"","ocean_disable_breadcrumbs":"default","ocean_breadcrumbs_color":"","ocean_breadcrumbs_separator_color":"","ocean_breadcrumbs_links_color":"","ocean_breadcrumbs_links_hover_color":"","ocean_display_footer_widgets":"default","ocean_display_footer_bottom":"default","ocean_custom_footer_template":"0","ocean_post_oembed":"","ocean_post_self_hosted_media":"","ocean_post_video_embed":"","ocean_link_format":"","ocean_link_format_target":"self","ocean_quote_format":"","ocean_quote_format_link":"post","ocean_gallery_link_images":"on","ocean_gallery_id":[],"footnotes":"","_links_to":"","_links_to_target":""},"categories":[290],"tags":[],"class_list":["post-13709","post","type-post","status-publish","format-standard","has-post-thumbnail","hentry","category-news-en","entry","has-media"],"acf":[],"yoast_head":"<!-- This site is optimized with the Yoast SEO plugin v26.3 - https:\/\/yoast.com\/wordpress\/plugins\/seo\/ -->\n<title>Educational, sports and together - social therapy for children from Prague - Fundacja Joanny Radziwi\u0142\u0142<\/title>\n<meta name=\"robots\" content=\"index, follow, max-snippet:-1, max-image-preview:large, max-video-preview:-1\" \/>\n<link rel=\"canonical\" href=\"https:\/\/fundacjajoannyradziwill.pl\/en\/educational-sports-and-together-social-therapy-for-children-from-prague\/\" \/>\n<meta property=\"og:locale\" content=\"en_US\" \/>\n<meta property=\"og:type\" content=\"article\" \/>\n<meta property=\"og:title\" content=\"Educational, sports and together - social therapy for children from Prague - Fundacja Joanny Radziwi\u0142\u0142\" \/>\n<meta property=\"og:description\" content=\"Since the beginning of September 2021, children and young people from the Warsaw foundation house have been participating in hugely interesting and development-enhancing activities as part of the&#8220;Social Therapy in a Day Support House&#8221; project. After a difficult period of remote learning, the children receive one-on-one support for their schooling every day from several caregivers and foundation volunteers. To ease the tension of the daily challenges, the children also participate in a variety of physical activities among which the BMX bike riding workshop is particularly popular! We can see how much fun it is for children to train regularly, and how wonderfully their motivation and self-confidence have increased. Carefully selected TEAMs together with instructors: Michal and Bartek from KOSA BMX polish their skills during the workshop. Peer relations, creativity and imagination are strengthened for children and teenagers by participating in a highly colorful series of theater classes. All initiatives are implemented until the end of November 2021 under the &#8220;Assistance Fund for NGOs and Civic Initiatives 2020&#8221; Program, funded by the Polish-American Freedom Foundation. The executor of the Program is the Education for Democracy Foundation We would like to thank the Education for Democracy Foundation immensely for their trust and bringing smiles to the faces of our children! \ud83d\ude42\" \/>\n<meta property=\"og:url\" content=\"https:\/\/fundacjajoannyradziwill.pl\/en\/educational-sports-and-together-social-therapy-for-children-from-prague\/\" \/>\n<meta property=\"og:site_name\" content=\"Fundacja Joanny Radziwi\u0142\u0142\" \/>\n<meta property=\"article:publisher\" content=\"https:\/\/www.facebook.com\/fundacjaopiekunczeskrzydla\" \/>\n<meta property=\"article:published_time\" content=\"2021-10-18T17:18:00+00:00\" \/>\n<meta property=\"article:modified_time\" content=\"2025-04-29T09:35:06+00:00\" \/>\n<meta property=\"og:image\" content=\"https:\/\/fundacjajoannyradziwill.pl\/wp-content\/uploads\/2021\/12\/Warsztaty-BMX.jpg\" \/>\n\t<meta property=\"og:image:width\" content=\"1920\" \/>\n\t<meta property=\"og:image:height\" content=\"1440\" \/>\n\t<meta property=\"og:image:type\" content=\"image\/jpeg\" \/>\n<meta name=\"author\" content=\"Kasia Muszy\u0144ska\" \/>\n<meta name=\"twitter:card\" content=\"summary_large_image\" \/>\n<meta name=\"twitter:label1\" content=\"Written by\" \/>\n\t<meta name=\"twitter:data1\" content=\"Kasia Muszy\u0144ska\" \/>\n\t<meta name=\"twitter:label2\" content=\"Est. reading time\" \/>\n\t<meta name=\"twitter:data2\" content=\"1 minute\" \/>\n<script type=\"application\/ld+json\" class=\"yoast-schema-graph\">{\"@context\":\"https:\/\/schema.org\",\"@graph\":[{\"@type\":\"Article\",\"@id\":\"https:\/\/fundacjajoannyradziwill.pl\/en\/educational-sports-and-together-social-therapy-for-children-from-prague\/#article\",\"isPartOf\":{\"@id\":\"https:\/\/fundacjajoannyradziwill.pl\/en\/educational-sports-and-together-social-therapy-for-children-from-prague\/\"},\"author\":{\"name\":\"Kasia Muszy\u0144ska\",\"@id\":\"https:\/\/fundacjajoannyradziwill.pl\/en\/#\/schema\/person\/67655878de25b7d9b23009130b50a54e\"},\"headline\":\"Educational, sports and together &#8211; social therapy for children from Prague\",\"datePublished\":\"2021-10-18T17:18:00+00:00\",\"dateModified\":\"2025-04-29T09:35:06+00:00\",\"mainEntityOfPage\":{\"@id\":\"https:\/\/fundacjajoannyradziwill.pl\/en\/educational-sports-and-together-social-therapy-for-children-from-prague\/\"},\"wordCount\":217,\"publisher\":{\"@id\":\"https:\/\/fundacjajoannyradziwill.pl\/en\/#organization\"},\"image\":{\"@id\":\"https:\/\/fundacjajoannyradziwill.pl\/en\/educational-sports-and-together-social-therapy-for-children-from-prague\/#primaryimage\"},\"thumbnailUrl\":\"https:\/\/fundacjajoannyradziwill.pl\/wp-content\/uploads\/2021\/12\/Warsztaty-BMX.jpg\",\"articleSection\":[\"News\"],\"inLanguage\":\"en-US\"},{\"@type\":\"WebPage\",\"@id\":\"https:\/\/fundacjajoannyradziwill.pl\/en\/educational-sports-and-together-social-therapy-for-children-from-prague\/\",\"url\":\"https:\/\/fundacjajoannyradziwill.pl\/en\/educational-sports-and-together-social-therapy-for-children-from-prague\/\",\"name\":\"Educational, sports and together - social therapy for children from Prague - Fundacja Joanny Radziwi\u0142\u0142\",\"isPartOf\":{\"@id\":\"https:\/\/fundacjajoannyradziwill.pl\/en\/#website\"},\"primaryImageOfPage\":{\"@id\":\"https:\/\/fundacjajoannyradziwill.pl\/en\/educational-sports-and-together-social-therapy-for-children-from-prague\/#primaryimage\"},\"image\":{\"@id\":\"https:\/\/fundacjajoannyradziwill.pl\/en\/educational-sports-and-together-social-therapy-for-children-from-prague\/#primaryimage\"},\"thumbnailUrl\":\"https:\/\/fundacjajoannyradziwill.pl\/wp-content\/uploads\/2021\/12\/Warsztaty-BMX.jpg\",\"datePublished\":\"2021-10-18T17:18:00+00:00\",\"dateModified\":\"2025-04-29T09:35:06+00:00\",\"inLanguage\":\"en-US\",\"potentialAction\":[{\"@type\":\"ReadAction\",\"target\":[\"https:\/\/fundacjajoannyradziwill.pl\/en\/educational-sports-and-together-social-therapy-for-children-from-prague\/\"]}]},{\"@type\":\"ImageObject\",\"inLanguage\":\"en-US\",\"@id\":\"https:\/\/fundacjajoannyradziwill.pl\/en\/educational-sports-and-together-social-therapy-for-children-from-prague\/#primaryimage\",\"url\":\"https:\/\/fundacjajoannyradziwill.pl\/wp-content\/uploads\/2021\/12\/Warsztaty-BMX.jpg\",\"contentUrl\":\"https:\/\/fundacjajoannyradziwill.pl\/wp-content\/uploads\/2021\/12\/Warsztaty-BMX.jpg\",\"width\":1920,\"height\":1440},{\"@type\":\"WebSite\",\"@id\":\"https:\/\/fundacjajoannyradziwill.pl\/en\/#website\",\"url\":\"https:\/\/fundacjajoannyradziwill.pl\/en\/\",\"name\":\"Fundacja Joanny Radziwi\u0142\u0142\",\"description\":\"Opieku\u0144cze Skrzyd\u0142a\",\"publisher\":{\"@id\":\"https:\/\/fundacjajoannyradziwill.pl\/en\/#organization\"},\"potentialAction\":[{\"@type\":\"SearchAction\",\"target\":{\"@type\":\"EntryPoint\",\"urlTemplate\":\"https:\/\/fundacjajoannyradziwill.pl\/en\/?s={search_term_string}\"},\"query-input\":{\"@type\":\"PropertyValueSpecification\",\"valueRequired\":true,\"valueName\":\"search_term_string\"}}],\"inLanguage\":\"en-US\"},{\"@type\":\"Organization\",\"@id\":\"https:\/\/fundacjajoannyradziwill.pl\/en\/#organization\",\"name\":\"Fundacja Joanny Radziwi\u0142\u0142\",\"url\":\"https:\/\/fundacjajoannyradziwill.pl\/en\/\",\"logo\":{\"@type\":\"ImageObject\",\"inLanguage\":\"en-US\",\"@id\":\"https:\/\/fundacjajoannyradziwill.pl\/en\/#\/schema\/logo\/image\/\",\"url\":\"https:\/\/fundacjajoannyradziwill.pl\/wp-content\/uploads\/2023\/05\/logo_poziom_czerwony-01-1.svg\",\"contentUrl\":\"https:\/\/fundacjajoannyradziwill.pl\/wp-content\/uploads\/2023\/05\/logo_poziom_czerwony-01-1.svg\",\"width\":473,\"height\":151,\"caption\":\"Fundacja Joanny Radziwi\u0142\u0142\"},\"image\":{\"@id\":\"https:\/\/fundacjajoannyradziwill.pl\/en\/#\/schema\/logo\/image\/\"},\"sameAs\":[\"https:\/\/www.facebook.com\/fundacjaopiekunczeskrzydla\"]},{\"@type\":\"Person\",\"@id\":\"https:\/\/fundacjajoannyradziwill.pl\/en\/#\/schema\/person\/67655878de25b7d9b23009130b50a54e\",\"name\":\"Kasia Muszy\u0144ska\",\"image\":{\"@type\":\"ImageObject\",\"inLanguage\":\"en-US\",\"@id\":\"https:\/\/fundacjajoannyradziwill.pl\/en\/#\/schema\/person\/image\/\",\"url\":\"https:\/\/secure.gravatar.com\/avatar\/8975100ac14032f1e403e6bb076af9a1a416ef8efd01bb9e594a41091be0204e?s=96&d=mm&r=g\",\"contentUrl\":\"https:\/\/secure.gravatar.com\/avatar\/8975100ac14032f1e403e6bb076af9a1a416ef8efd01bb9e594a41091be0204e?s=96&d=mm&r=g\",\"caption\":\"Kasia Muszy\u0144ska\"},\"url\":\"https:\/\/fundacjajoannyradziwill.pl\/en\/author\/kasia\/\"}]}<\/script>\n<!-- \/ Yoast SEO plugin. -->","yoast_head_json":{"title":"Educational, sports and together - social therapy for children from Prague - Fundacja Joanny Radziwi\u0142\u0142","robots":{"index":"index","follow":"follow","max-snippet":"max-snippet:-1","max-image-preview":"max-image-preview:large","max-video-preview":"max-video-preview:-1"},"canonical":"https:\/\/fundacjajoannyradziwill.pl\/en\/educational-sports-and-together-social-therapy-for-children-from-prague\/","og_locale":"en_US","og_type":"article","og_title":"Educational, sports and together - social therapy for children from Prague - Fundacja Joanny Radziwi\u0142\u0142","og_description":"Since the beginning of September 2021, children and young people from the Warsaw foundation house have been participating in hugely interesting and development-enhancing activities as part of the&#8220;Social Therapy in a Day Support House&#8221; project. After a difficult period of remote learning, the children receive one-on-one support for their schooling every day from several caregivers and foundation volunteers. To ease the tension of the daily challenges, the children also participate in a variety of physical activities among which the BMX bike riding workshop is particularly popular! We can see how much fun it is for children to train regularly, and how wonderfully their motivation and self-confidence have increased. Carefully selected TEAMs together with instructors: Michal and Bartek from KOSA BMX polish their skills during the workshop. Peer relations, creativity and imagination are strengthened for children and teenagers by participating in a highly colorful series of theater classes. All initiatives are implemented until the end of November 2021 under the &#8220;Assistance Fund for NGOs and Civic Initiatives 2020&#8221; Program, funded by the Polish-American Freedom Foundation. The executor of the Program is the Education for Democracy Foundation We would like to thank the Education for Democracy Foundation immensely for their trust and bringing smiles to the faces of our children! \ud83d\ude42","og_url":"https:\/\/fundacjajoannyradziwill.pl\/en\/educational-sports-and-together-social-therapy-for-children-from-prague\/","og_site_name":"Fundacja Joanny Radziwi\u0142\u0142","article_publisher":"https:\/\/www.facebook.com\/fundacjaopiekunczeskrzydla","article_published_time":"2021-10-18T17:18:00+00:00","article_modified_time":"2025-04-29T09:35:06+00:00","og_image":[{"width":1920,"height":1440,"url":"https:\/\/fundacjajoannyradziwill.pl\/wp-content\/uploads\/2021\/12\/Warsztaty-BMX.jpg","type":"image\/jpeg"}],"author":"Kasia Muszy\u0144ska","twitter_card":"summary_large_image","twitter_misc":{"Written by":"Kasia Muszy\u0144ska","Est. reading time":"1 minute"},"schema":{"@context":"https:\/\/schema.org","@graph":[{"@type":"Article","@id":"https:\/\/fundacjajoannyradziwill.pl\/en\/educational-sports-and-together-social-therapy-for-children-from-prague\/#article","isPartOf":{"@id":"https:\/\/fundacjajoannyradziwill.pl\/en\/educational-sports-and-together-social-therapy-for-children-from-prague\/"},"author":{"name":"Kasia Muszy\u0144ska","@id":"https:\/\/fundacjajoannyradziwill.pl\/en\/#\/schema\/person\/67655878de25b7d9b23009130b50a54e"},"headline":"Educational, sports and together &#8211; social therapy for children from Prague","datePublished":"2021-10-18T17:18:00+00:00","dateModified":"2025-04-29T09:35:06+00:00","mainEntityOfPage":{"@id":"https:\/\/fundacjajoannyradziwill.pl\/en\/educational-sports-and-together-social-therapy-for-children-from-prague\/"},"wordCount":217,"publisher":{"@id":"https:\/\/fundacjajoannyradziwill.pl\/en\/#organization"},"image":{"@id":"https:\/\/fundacjajoannyradziwill.pl\/en\/educational-sports-and-together-social-therapy-for-children-from-prague\/#primaryimage"},"thumbnailUrl":"https:\/\/fundacjajoannyradziwill.pl\/wp-content\/uploads\/2021\/12\/Warsztaty-BMX.jpg","articleSection":["News"],"inLanguage":"en-US"},{"@type":"WebPage","@id":"https:\/\/fundacjajoannyradziwill.pl\/en\/educational-sports-and-together-social-therapy-for-children-from-prague\/","url":"https:\/\/fundacjajoannyradziwill.pl\/en\/educational-sports-and-together-social-therapy-for-children-from-prague\/","name":"Educational, sports and together - social therapy for children from Prague - Fundacja Joanny Radziwi\u0142\u0142","isPartOf":{"@id":"https:\/\/fundacjajoannyradziwill.pl\/en\/#website"},"primaryImageOfPage":{"@id":"https:\/\/fundacjajoannyradziwill.pl\/en\/educational-sports-and-together-social-therapy-for-children-from-prague\/#primaryimage"},"image":{"@id":"https:\/\/fundacjajoannyradziwill.pl\/en\/educational-sports-and-together-social-therapy-for-children-from-prague\/#primaryimage"},"thumbnailUrl":"https:\/\/fundacjajoannyradziwill.pl\/wp-content\/uploads\/2021\/12\/Warsztaty-BMX.jpg","datePublished":"2021-10-18T17:18:00+00:00","dateModified":"2025-04-29T09:35:06+00:00","inLanguage":"en-US","potentialAction":[{"@type":"ReadAction","target":["https:\/\/fundacjajoannyradziwill.pl\/en\/educational-sports-and-together-social-therapy-for-children-from-prague\/"]}]},{"@type":"ImageObject","inLanguage":"en-US","@id":"https:\/\/fundacjajoannyradziwill.pl\/en\/educational-sports-and-together-social-therapy-for-children-from-prague\/#primaryimage","url":"https:\/\/fundacjajoannyradziwill.pl\/wp-content\/uploads\/2021\/12\/Warsztaty-BMX.jpg","contentUrl":"https:\/\/fundacjajoannyradziwill.pl\/wp-content\/uploads\/2021\/12\/Warsztaty-BMX.jpg","width":1920,"height":1440},{"@type":"WebSite","@id":"https:\/\/fundacjajoannyradziwill.pl\/en\/#website","url":"https:\/\/fundacjajoannyradziwill.pl\/en\/","name":"Fundacja Joanny Radziwi\u0142\u0142","description":"Opieku\u0144cze Skrzyd\u0142a","publisher":{"@id":"https:\/\/fundacjajoannyradziwill.pl\/en\/#organization"},"potentialAction":[{"@type":"SearchAction","target":{"@type":"EntryPoint","urlTemplate":"https:\/\/fundacjajoannyradziwill.pl\/en\/?s={search_term_string}"},"query-input":{"@type":"PropertyValueSpecification","valueRequired":true,"valueName":"search_term_string"}}],"inLanguage":"en-US"},{"@type":"Organization","@id":"https:\/\/fundacjajoannyradziwill.pl\/en\/#organization","name":"Fundacja Joanny Radziwi\u0142\u0142","url":"https:\/\/fundacjajoannyradziwill.pl\/en\/","logo":{"@type":"ImageObject","inLanguage":"en-US","@id":"https:\/\/fundacjajoannyradziwill.pl\/en\/#\/schema\/logo\/image\/","url":"https:\/\/fundacjajoannyradziwill.pl\/wp-content\/uploads\/2023\/05\/logo_poziom_czerwony-01-1.svg","contentUrl":"https:\/\/fundacjajoannyradziwill.pl\/wp-content\/uploads\/2023\/05\/logo_poziom_czerwony-01-1.svg","width":473,"height":151,"caption":"Fundacja Joanny Radziwi\u0142\u0142"},"image":{"@id":"https:\/\/fundacjajoannyradziwill.pl\/en\/#\/schema\/logo\/image\/"},"sameAs":["https:\/\/www.facebook.com\/fundacjaopiekunczeskrzydla"]},{"@type":"Person","@id":"https:\/\/fundacjajoannyradziwill.pl\/en\/#\/schema\/person\/67655878de25b7d9b23009130b50a54e","name":"Kasia Muszy\u0144ska","image":{"@type":"ImageObject","inLanguage":"en-US","@id":"https:\/\/fundacjajoannyradziwill.pl\/en\/#\/schema\/person\/image\/","url":"https:\/\/secure.gravatar.com\/avatar\/8975100ac14032f1e403e6bb076af9a1a416ef8efd01bb9e594a41091be0204e?s=96&d=mm&r=g","contentUrl":"https:\/\/secure.gravatar.com\/avatar\/8975100ac14032f1e403e6bb076af9a1a416ef8efd01bb9e594a41091be0204e?s=96&d=mm&r=g","caption":"Kasia Muszy\u0144ska"},"url":"https:\/\/fundacjajoannyradziwill.pl\/en\/author\/kasia\/"}]}},"_links":{"self":[{"href":"https:\/\/fundacjajoannyradziwill.pl\/en\/wp-json\/wp\/v2\/posts\/13709","targetHints":{"allow":["GET"]}}],"collection":[{"href":"https:\/\/fundacjajoannyradziwill.pl\/en\/wp-json\/wp\/v2\/posts"}],"about":[{"href":"https:\/\/fundacjajoannyradziwill.pl\/en\/wp-json\/wp\/v2\/types\/post"}],"author":[{"embeddable":true,"href":"https:\/\/fundacjajoannyradziwill.pl\/en\/wp-json\/wp\/v2\/users\/24783"}],"replies":[{"embeddable":true,"href":"https:\/\/fundacjajoannyradziwill.pl\/en\/wp-json\/wp\/v2\/comments?post=13709"}],"version-history":[{"count":1,"href":"https:\/\/fundacjajoannyradziwill.pl\/en\/wp-json\/wp\/v2\/posts\/13709\/revisions"}],"predecessor-version":[{"id":13710,"href":"https:\/\/fundacjajoannyradziwill.pl\/en\/wp-json\/wp\/v2\/posts\/13709\/revisions\/13710"}],"wp:featuredmedia":[{"embeddable":true,"href":"https:\/\/fundacjajoannyradziwill.pl\/en\/wp-json\/wp\/v2\/media\/12791"}],"wp:attachment":[{"href":"https:\/\/fundacjajoannyradziwill.pl\/en\/wp-json\/wp\/v2\/media?parent=13709"}],"wp:term":[{"taxonomy":"category","embeddable":true,"href":"https:\/\/fundacjajoannyradziwill.pl\/en\/wp-json\/wp\/v2\/categories?post=13709"},{"taxonomy":"post_tag","embeddable":true,"href":"https:\/\/fundacjajoannyradziwill.pl\/en\/wp-json\/wp\/v2\/tags?post=13709"}],"curies":[{"name":"wp","href":"https:\/\/api.w.org\/{rel}","templated":true}]}}