{"id":13727,"date":"2021-06-22T12:55:11","date_gmt":"2021-06-22T10:55:11","guid":{"rendered":"https:\/\/fundacjajoannyradziwill.pl\/prague-presentations-we-were-there\/"},"modified":"2025-04-29T11:38:27","modified_gmt":"2025-04-29T09:38:27","slug":"prague-presentations-we-were-there","status":"publish","type":"post","link":"https:\/\/fundacjajoannyradziwill.pl\/en\/prague-presentations-we-were-there\/","title":{"rendered":"Prague Presentations &#8211; we were there"},"content":{"rendered":"\n<h4 class=\"wp-block-heading\">On June 12, 2021, a great picnic &#8220;Praga Presentations&#8221; was held in the park of the Praga AK District on Grochowska Street. Blanket on the grass, rocking chair, homemade cake  <\/h4>\n\n<p>Together with the support of volunteers, we prepared for you a stand full of homeliness. On the grass, we spread a carpet that we took from the Foundation&#8217;s living room; a rocking chair for everyone to swing and relax on; homemade cakes and lemonade, a tablecloth&#8230;. <\/p>\n\n<p>The story of our activities for children in need, was the creation of a joint chain full of good wishes for the Foundation&#8217;s charges. While writing, gluing, we talked about the children and their needs. At our booth there was a very homely atmosphere &#8211; exactly as it is at the Foundation at 19 Omulewska St. At the Foundation we support more than 30 children and young people every day by developing their passion, providing pedagogical and psychological support, equalizing educational and social opportunities. All this is done       <\/p>\n\n<p>We would like to thank the organizers from the Fight the Boredom Foundation for organizing such a great picnic, during which we had the opportunity to tell about our activities, show how we support children and young people, tell about our needs, joys and concerns.  <\/p>\n\n<figure class=\"wp-block-gallery columns-3 is-cropped wp-block-gallery-1 is-layout-flex wp-block-gallery-is-layout-flex\"><ul class=\"blocks-gallery-grid\"><li class=\"blocks-gallery-item\"><figure><img fetchpriority=\"high\" decoding=\"async\" width=\"1024\" height=\"683\" src=\"https:\/\/fundacjajoannyradziwill.pl\/wp-content\/uploads\/2021\/06\/Piknik-12.06-2-1024x683.jpg\" alt=\"\" data-id=\"7324\" data-full-url=\"https:\/\/fundacjajoannyradziwill.pl\/wp-content\/uploads\/2021\/06\/Piknik-12.06-2.jpg\" data-link=\"https:\/\/fundacjajoannyradziwill.pl\/?attachment_id=7324\" class=\"wp-image-7324\" srcset=\"https:\/\/fundacjajoannyradziwill.pl\/wp-content\/uploads\/2021\/06\/Piknik-12.06-2-1024x683.jpg 1024w, https:\/\/fundacjajoannyradziwill.pl\/wp-content\/uploads\/2021\/06\/Piknik-12.06-2-300x200.jpg 300w, https:\/\/fundacjajoannyradziwill.pl\/wp-content\/uploads\/2021\/06\/Piknik-12.06-2-768x512.jpg 768w, https:\/\/fundacjajoannyradziwill.pl\/wp-content\/uploads\/2021\/06\/Piknik-12.06-2-1536x1024.jpg 1536w, https:\/\/fundacjajoannyradziwill.pl\/wp-content\/uploads\/2021\/06\/Piknik-12.06-2.jpg 1920w\" sizes=\"(max-width: 1024px) 100vw, 1024px\" \/><\/figure><\/li><li class=\"blocks-gallery-item\"><figure><img decoding=\"async\" width=\"1024\" height=\"683\" src=\"https:\/\/fundacjajoannyradziwill.pl\/wp-content\/uploads\/2021\/06\/Piknik-12.06-11-1024x683.jpg\" alt=\"\" data-id=\"7325\" data-full-url=\"https:\/\/fundacjajoannyradziwill.pl\/wp-content\/uploads\/2021\/06\/Piknik-12.06-11.jpg\" data-link=\"https:\/\/fundacjajoannyradziwill.pl\/?attachment_id=7325\" class=\"wp-image-7325\" srcset=\"https:\/\/fundacjajoannyradziwill.pl\/wp-content\/uploads\/2021\/06\/Piknik-12.06-11-1024x683.jpg 1024w, https:\/\/fundacjajoannyradziwill.pl\/wp-content\/uploads\/2021\/06\/Piknik-12.06-11-300x200.jpg 300w, https:\/\/fundacjajoannyradziwill.pl\/wp-content\/uploads\/2021\/06\/Piknik-12.06-11-768x512.jpg 768w, https:\/\/fundacjajoannyradziwill.pl\/wp-content\/uploads\/2021\/06\/Piknik-12.06-11-1536x1024.jpg 1536w, https:\/\/fundacjajoannyradziwill.pl\/wp-content\/uploads\/2021\/06\/Piknik-12.06-11.jpg 1920w\" sizes=\"(max-width: 1024px) 100vw, 1024px\" \/><\/figure><\/li><li class=\"blocks-gallery-item\"><figure><img decoding=\"async\" width=\"1024\" height=\"683\" src=\"https:\/\/fundacjajoannyradziwill.pl\/wp-content\/uploads\/2021\/06\/Piknik-12.06-118-1024x683.jpg\" alt=\"\" data-id=\"7326\" data-full-url=\"https:\/\/fundacjajoannyradziwill.pl\/wp-content\/uploads\/2021\/06\/Piknik-12.06-118.jpg\" data-link=\"https:\/\/fundacjajoannyradziwill.pl\/?attachment_id=7326\" class=\"wp-image-7326\" srcset=\"https:\/\/fundacjajoannyradziwill.pl\/wp-content\/uploads\/2021\/06\/Piknik-12.06-118-1024x683.jpg 1024w, https:\/\/fundacjajoannyradziwill.pl\/wp-content\/uploads\/2021\/06\/Piknik-12.06-118-300x200.jpg 300w, https:\/\/fundacjajoannyradziwill.pl\/wp-content\/uploads\/2021\/06\/Piknik-12.06-118-768x512.jpg 768w, https:\/\/fundacjajoannyradziwill.pl\/wp-content\/uploads\/2021\/06\/Piknik-12.06-118-1536x1024.jpg 1536w, https:\/\/fundacjajoannyradziwill.pl\/wp-content\/uploads\/2021\/06\/Piknik-12.06-118.jpg 1920w\" sizes=\"(max-width: 1024px) 100vw, 1024px\" \/><\/figure><\/li><li class=\"blocks-gallery-item\"><figure><img loading=\"lazy\" decoding=\"async\" width=\"1024\" height=\"683\" src=\"https:\/\/fundacjajoannyradziwill.pl\/wp-content\/uploads\/2021\/06\/Piknik-12.06-165-1024x683.jpg\" alt=\"\" data-id=\"7327\" data-full-url=\"https:\/\/fundacjajoannyradziwill.pl\/wp-content\/uploads\/2021\/06\/Piknik-12.06-165.jpg\" data-link=\"https:\/\/fundacjajoannyradziwill.pl\/?attachment_id=7327\" class=\"wp-image-7327\" srcset=\"https:\/\/fundacjajoannyradziwill.pl\/wp-content\/uploads\/2021\/06\/Piknik-12.06-165-1024x683.jpg 1024w, https:\/\/fundacjajoannyradziwill.pl\/wp-content\/uploads\/2021\/06\/Piknik-12.06-165-300x200.jpg 300w, https:\/\/fundacjajoannyradziwill.pl\/wp-content\/uploads\/2021\/06\/Piknik-12.06-165-768x512.jpg 768w, https:\/\/fundacjajoannyradziwill.pl\/wp-content\/uploads\/2021\/06\/Piknik-12.06-165-1536x1024.jpg 1536w, https:\/\/fundacjajoannyradziwill.pl\/wp-content\/uploads\/2021\/06\/Piknik-12.06-165.jpg 1920w\" sizes=\"(max-width: 1024px) 100vw, 1024px\" \/><\/figure><\/li><\/ul><figcaption class=\"blocks-gallery-caption\">Photo by Karol Samborski, Fight Boredom Foundation. <\/figcaption><\/figure>\n\n<div class=\"wp-block-group\"><div class=\"wp-block-group__inner-container is-layout-flow wp-block-group-is-layout-flow\">\n<h4 class=\"wp-block-heading\">Join us<\/h4>\n\n\n\n<p>Support in the development of children. Ensure with us that they have a place where they feel comfortable and safe.   <\/p>\n\n\n\n<p><strong>Click to find out how you can help : <\/strong><em><a href=\"https:\/\/fundacjajoannyradziwill.pl\/i-want-to-help\/?lang=en\" target=\"_blank\" rel=\"noreferrer noopener\">https:\/\/fundacjajoannyradziwill.pl\/chce-pomoc\/#opiekuncze_skrzydla <\/a><\/em> <\/p>\n<\/div><\/div>\n\n<p><\/p>\n","protected":false},"excerpt":{"rendered":"<p>On June 12, 2021, a great picnic &#8220;Praga Presentations&#8221; was held in the park of the Praga AK District on Grochowska Street. Blanket on the grass, rocking chair, homemade cake Together with the support of volunteers, we prepared for you a stand full of homeliness. On the grass, we spread a carpet that we took from the Foundation&#8217;s living room; a rocking chair for everyone to swing and relax on; homemade cakes and lemonade, a tablecloth&#8230;. The story of our activities for children in need, was the creation of a joint chain full of good wishes for the Foundation&#8217;s charges. While writing, gluing, we talked about the children and their needs. At our booth there was a very homely atmosphere &#8211; exactly as it is at the Foundation at 19 Omulewska St. At the Foundation we support more than 30 children and young people every day by developing their passion, providing pedagogical and psychological support, equalizing educational and social opportunities. All this is done We would like to thank the organizers from the Fight the Boredom Foundation for organizing such a great picnic, during which we had the opportunity to tell about our activities, show how we support children and young people, tell about our needs, joys and concerns. Join us Support in the development of children. Ensure with us that they have a place where they feel comfortable and safe. Click to find out how you can help : https:\/\/fundacjajoannyradziwill.pl\/chce-pomoc\/#opiekuncze_skrzydla<\/p>\n","protected":false},"author":24783,"featured_media":0,"comment_status":"closed","ping_status":"closed","sticky":false,"template":"","format":"standard","meta":{"_acf_changed":false,"inline_featured_image":false,"_monsterinsights_skip_tracking":false,"_monsterinsights_sitenote_active":false,"_monsterinsights_sitenote_note":"","_monsterinsights_sitenote_category":0,"ocean_post_layout":"","ocean_both_sidebars_style":"","ocean_both_sidebars_content_width":0,"ocean_both_sidebars_sidebars_width":0,"ocean_sidebar":"0","ocean_second_sidebar":"0","ocean_disable_margins":"enable","ocean_add_body_class":"","ocean_shortcode_before_top_bar":"","ocean_shortcode_after_top_bar":"","ocean_shortcode_before_header":"","ocean_shortcode_after_header":"","ocean_has_shortcode":"","ocean_shortcode_after_title":"","ocean_shortcode_before_footer_widgets":"","ocean_shortcode_after_footer_widgets":"","ocean_shortcode_before_footer_bottom":"","ocean_shortcode_after_footer_bottom":"","ocean_display_top_bar":"default","ocean_display_header":"default","ocean_header_style":"","ocean_center_header_left_menu":"0","ocean_custom_header_template":"0","ocean_custom_logo":0,"ocean_custom_retina_logo":0,"ocean_custom_logo_max_width":0,"ocean_custom_logo_tablet_max_width":0,"ocean_custom_logo_mobile_max_width":0,"ocean_custom_logo_max_height":0,"ocean_custom_logo_tablet_max_height":0,"ocean_custom_logo_mobile_max_height":0,"ocean_header_custom_menu":"0","ocean_menu_typo_font_family":"0","ocean_menu_typo_font_subset":"","ocean_menu_typo_font_size":0,"ocean_menu_typo_font_size_tablet":0,"ocean_menu_typo_font_size_mobile":0,"ocean_menu_typo_font_size_unit":"px","ocean_menu_typo_font_weight":"","ocean_menu_typo_font_weight_tablet":"","ocean_menu_typo_font_weight_mobile":"","ocean_menu_typo_transform":"","ocean_menu_typo_transform_tablet":"","ocean_menu_typo_transform_mobile":"","ocean_menu_typo_line_height":0,"ocean_menu_typo_line_height_tablet":0,"ocean_menu_typo_line_height_mobile":0,"ocean_menu_typo_line_height_unit":"","ocean_menu_typo_spacing":0,"ocean_menu_typo_spacing_tablet":0,"ocean_menu_typo_spacing_mobile":0,"ocean_menu_typo_spacing_unit":"","ocean_menu_link_color":"","ocean_menu_link_color_hover":"","ocean_menu_link_color_active":"","ocean_menu_link_background":"","ocean_menu_link_hover_background":"","ocean_menu_link_active_background":"","ocean_menu_social_links_bg":"","ocean_menu_social_hover_links_bg":"","ocean_menu_social_links_color":"","ocean_menu_social_hover_links_color":"","ocean_disable_title":"default","ocean_disable_heading":"default","ocean_post_title":"","ocean_post_subheading":"","ocean_post_title_style":"","ocean_post_title_background_color":"","ocean_post_title_background":0,"ocean_post_title_bg_image_position":"","ocean_post_title_bg_image_attachment":"","ocean_post_title_bg_image_repeat":"","ocean_post_title_bg_image_size":"","ocean_post_title_height":0,"ocean_post_title_bg_overlay":0.5,"ocean_post_title_bg_overlay_color":"","ocean_disable_breadcrumbs":"default","ocean_breadcrumbs_color":"","ocean_breadcrumbs_separator_color":"","ocean_breadcrumbs_links_color":"","ocean_breadcrumbs_links_hover_color":"","ocean_display_footer_widgets":"default","ocean_display_footer_bottom":"default","ocean_custom_footer_template":"0","ocean_post_oembed":"","ocean_post_self_hosted_media":"","ocean_post_video_embed":"","ocean_link_format":"","ocean_link_format_target":"self","ocean_quote_format":"","ocean_quote_format_link":"post","ocean_gallery_link_images":"on","ocean_gallery_id":[],"footnotes":"","_links_to":"","_links_to_target":""},"categories":[290],"tags":[],"class_list":["post-13727","post","type-post","status-publish","format-standard","hentry","category-news-en","entry"],"acf":[],"yoast_head":"<!-- This site is optimized with the Yoast SEO plugin v26.3 - https:\/\/yoast.com\/wordpress\/plugins\/seo\/ -->\n<title>Prague Presentations - we were there - Fundacja Joanny Radziwi\u0142\u0142<\/title>\n<meta name=\"robots\" content=\"index, follow, max-snippet:-1, max-image-preview:large, max-video-preview:-1\" \/>\n<link rel=\"canonical\" href=\"https:\/\/fundacjajoannyradziwill.pl\/en\/prague-presentations-we-were-there\/\" \/>\n<meta property=\"og:locale\" content=\"en_US\" \/>\n<meta property=\"og:type\" content=\"article\" \/>\n<meta property=\"og:title\" content=\"Prague Presentations - we were there - Fundacja Joanny Radziwi\u0142\u0142\" \/>\n<meta property=\"og:description\" content=\"On June 12, 2021, a great picnic &#8220;Praga Presentations&#8221; was held in the park of the Praga AK District on Grochowska Street. Blanket on the grass, rocking chair, homemade cake Together with the support of volunteers, we prepared for you a stand full of homeliness. On the grass, we spread a carpet that we took from the Foundation&#8217;s living room; a rocking chair for everyone to swing and relax on; homemade cakes and lemonade, a tablecloth&#8230;. The story of our activities for children in need, was the creation of a joint chain full of good wishes for the Foundation&#8217;s charges. While writing, gluing, we talked about the children and their needs. At our booth there was a very homely atmosphere &#8211; exactly as it is at the Foundation at 19 Omulewska St. At the Foundation we support more than 30 children and young people every day by developing their passion, providing pedagogical and psychological support, equalizing educational and social opportunities. All this is done We would like to thank the organizers from the Fight the Boredom Foundation for organizing such a great picnic, during which we had the opportunity to tell about our activities, show how we support children and young people, tell about our needs, joys and concerns. Join us Support in the development of children. Ensure with us that they have a place where they feel comfortable and safe. Click to find out how you can help : https:\/\/fundacjajoannyradziwill.pl\/chce-pomoc\/#opiekuncze_skrzydla\" \/>\n<meta property=\"og:url\" content=\"https:\/\/fundacjajoannyradziwill.pl\/en\/prague-presentations-we-were-there\/\" \/>\n<meta property=\"og:site_name\" content=\"Fundacja Joanny Radziwi\u0142\u0142\" \/>\n<meta property=\"article:publisher\" content=\"https:\/\/www.facebook.com\/fundacjaopiekunczeskrzydla\" \/>\n<meta property=\"article:published_time\" content=\"2021-06-22T10:55:11+00:00\" \/>\n<meta property=\"article:modified_time\" content=\"2025-04-29T09:38:27+00:00\" \/>\n<meta property=\"og:image\" content=\"https:\/\/fundacjajoannyradziwill.pl\/wp-content\/uploads\/2021\/06\/Piknik-12.06-2-1024x683.jpg\" \/>\n<meta name=\"author\" content=\"Kasia Muszy\u0144ska\" \/>\n<meta name=\"twitter:card\" content=\"summary_large_image\" \/>\n<meta name=\"twitter:label1\" content=\"Written by\" \/>\n\t<meta name=\"twitter:data1\" content=\"Kasia Muszy\u0144ska\" \/>\n\t<meta name=\"twitter:label2\" content=\"Est. reading time\" \/>\n\t<meta name=\"twitter:data2\" content=\"1 minute\" \/>\n<script type=\"application\/ld+json\" class=\"yoast-schema-graph\">{\"@context\":\"https:\/\/schema.org\",\"@graph\":[{\"@type\":\"Article\",\"@id\":\"https:\/\/fundacjajoannyradziwill.pl\/en\/prague-presentations-we-were-there\/#article\",\"isPartOf\":{\"@id\":\"https:\/\/fundacjajoannyradziwill.pl\/en\/prague-presentations-we-were-there\/\"},\"author\":{\"name\":\"Kasia Muszy\u0144ska\",\"@id\":\"https:\/\/fundacjajoannyradziwill.pl\/en\/#\/schema\/person\/67655878de25b7d9b23009130b50a54e\"},\"headline\":\"Prague Presentations &#8211; we were there\",\"datePublished\":\"2021-06-22T10:55:11+00:00\",\"dateModified\":\"2025-04-29T09:38:27+00:00\",\"mainEntityOfPage\":{\"@id\":\"https:\/\/fundacjajoannyradziwill.pl\/en\/prague-presentations-we-were-there\/\"},\"wordCount\":254,\"publisher\":{\"@id\":\"https:\/\/fundacjajoannyradziwill.pl\/en\/#organization\"},\"image\":{\"@id\":\"https:\/\/fundacjajoannyradziwill.pl\/en\/prague-presentations-we-were-there\/#primaryimage\"},\"thumbnailUrl\":\"https:\/\/fundacjajoannyradziwill.pl\/wp-content\/uploads\/2021\/06\/Piknik-12.06-2-1024x683.jpg\",\"articleSection\":[\"News\"],\"inLanguage\":\"en-US\"},{\"@type\":\"WebPage\",\"@id\":\"https:\/\/fundacjajoannyradziwill.pl\/en\/prague-presentations-we-were-there\/\",\"url\":\"https:\/\/fundacjajoannyradziwill.pl\/en\/prague-presentations-we-were-there\/\",\"name\":\"Prague Presentations - we were there - Fundacja Joanny Radziwi\u0142\u0142\",\"isPartOf\":{\"@id\":\"https:\/\/fundacjajoannyradziwill.pl\/en\/#website\"},\"primaryImageOfPage\":{\"@id\":\"https:\/\/fundacjajoannyradziwill.pl\/en\/prague-presentations-we-were-there\/#primaryimage\"},\"image\":{\"@id\":\"https:\/\/fundacjajoannyradziwill.pl\/en\/prague-presentations-we-were-there\/#primaryimage\"},\"thumbnailUrl\":\"https:\/\/fundacjajoannyradziwill.pl\/wp-content\/uploads\/2021\/06\/Piknik-12.06-2-1024x683.jpg\",\"datePublished\":\"2021-06-22T10:55:11+00:00\",\"dateModified\":\"2025-04-29T09:38:27+00:00\",\"inLanguage\":\"en-US\",\"potentialAction\":[{\"@type\":\"ReadAction\",\"target\":[\"https:\/\/fundacjajoannyradziwill.pl\/en\/prague-presentations-we-were-there\/\"]}]},{\"@type\":\"ImageObject\",\"inLanguage\":\"en-US\",\"@id\":\"https:\/\/fundacjajoannyradziwill.pl\/en\/prague-presentations-we-were-there\/#primaryimage\",\"url\":\"https:\/\/fundacjajoannyradziwill.pl\/wp-content\/uploads\/2021\/06\/Piknik-12.06-2-1024x683.jpg\",\"contentUrl\":\"https:\/\/fundacjajoannyradziwill.pl\/wp-content\/uploads\/2021\/06\/Piknik-12.06-2-1024x683.jpg\"},{\"@type\":\"WebSite\",\"@id\":\"https:\/\/fundacjajoannyradziwill.pl\/en\/#website\",\"url\":\"https:\/\/fundacjajoannyradziwill.pl\/en\/\",\"name\":\"Fundacja Joanny Radziwi\u0142\u0142\",\"description\":\"Opieku\u0144cze Skrzyd\u0142a\",\"publisher\":{\"@id\":\"https:\/\/fundacjajoannyradziwill.pl\/en\/#organization\"},\"potentialAction\":[{\"@type\":\"SearchAction\",\"target\":{\"@type\":\"EntryPoint\",\"urlTemplate\":\"https:\/\/fundacjajoannyradziwill.pl\/en\/?s={search_term_string}\"},\"query-input\":{\"@type\":\"PropertyValueSpecification\",\"valueRequired\":true,\"valueName\":\"search_term_string\"}}],\"inLanguage\":\"en-US\"},{\"@type\":\"Organization\",\"@id\":\"https:\/\/fundacjajoannyradziwill.pl\/en\/#organization\",\"name\":\"Fundacja Joanny Radziwi\u0142\u0142\",\"url\":\"https:\/\/fundacjajoannyradziwill.pl\/en\/\",\"logo\":{\"@type\":\"ImageObject\",\"inLanguage\":\"en-US\",\"@id\":\"https:\/\/fundacjajoannyradziwill.pl\/en\/#\/schema\/logo\/image\/\",\"url\":\"https:\/\/fundacjajoannyradziwill.pl\/wp-content\/uploads\/2023\/05\/logo_poziom_czerwony-01-1.svg\",\"contentUrl\":\"https:\/\/fundacjajoannyradziwill.pl\/wp-content\/uploads\/2023\/05\/logo_poziom_czerwony-01-1.svg\",\"width\":473,\"height\":151,\"caption\":\"Fundacja Joanny Radziwi\u0142\u0142\"},\"image\":{\"@id\":\"https:\/\/fundacjajoannyradziwill.pl\/en\/#\/schema\/logo\/image\/\"},\"sameAs\":[\"https:\/\/www.facebook.com\/fundacjaopiekunczeskrzydla\"]},{\"@type\":\"Person\",\"@id\":\"https:\/\/fundacjajoannyradziwill.pl\/en\/#\/schema\/person\/67655878de25b7d9b23009130b50a54e\",\"name\":\"Kasia Muszy\u0144ska\",\"image\":{\"@type\":\"ImageObject\",\"inLanguage\":\"en-US\",\"@id\":\"https:\/\/fundacjajoannyradziwill.pl\/en\/#\/schema\/person\/image\/\",\"url\":\"https:\/\/secure.gravatar.com\/avatar\/8975100ac14032f1e403e6bb076af9a1a416ef8efd01bb9e594a41091be0204e?s=96&d=mm&r=g\",\"contentUrl\":\"https:\/\/secure.gravatar.com\/avatar\/8975100ac14032f1e403e6bb076af9a1a416ef8efd01bb9e594a41091be0204e?s=96&d=mm&r=g\",\"caption\":\"Kasia Muszy\u0144ska\"},\"url\":\"https:\/\/fundacjajoannyradziwill.pl\/en\/author\/kasia\/\"}]}<\/script>\n<!-- \/ Yoast SEO plugin. -->","yoast_head_json":{"title":"Prague Presentations - we were there - Fundacja Joanny Radziwi\u0142\u0142","robots":{"index":"index","follow":"follow","max-snippet":"max-snippet:-1","max-image-preview":"max-image-preview:large","max-video-preview":"max-video-preview:-1"},"canonical":"https:\/\/fundacjajoannyradziwill.pl\/en\/prague-presentations-we-were-there\/","og_locale":"en_US","og_type":"article","og_title":"Prague Presentations - we were there - Fundacja Joanny Radziwi\u0142\u0142","og_description":"On June 12, 2021, a great picnic &#8220;Praga Presentations&#8221; was held in the park of the Praga AK District on Grochowska Street. Blanket on the grass, rocking chair, homemade cake Together with the support of volunteers, we prepared for you a stand full of homeliness. On the grass, we spread a carpet that we took from the Foundation&#8217;s living room; a rocking chair for everyone to swing and relax on; homemade cakes and lemonade, a tablecloth&#8230;. The story of our activities for children in need, was the creation of a joint chain full of good wishes for the Foundation&#8217;s charges. While writing, gluing, we talked about the children and their needs. At our booth there was a very homely atmosphere &#8211; exactly as it is at the Foundation at 19 Omulewska St. At the Foundation we support more than 30 children and young people every day by developing their passion, providing pedagogical and psychological support, equalizing educational and social opportunities. All this is done We would like to thank the organizers from the Fight the Boredom Foundation for organizing such a great picnic, during which we had the opportunity to tell about our activities, show how we support children and young people, tell about our needs, joys and concerns. Join us Support in the development of children. Ensure with us that they have a place where they feel comfortable and safe. Click to find out how you can help : https:\/\/fundacjajoannyradziwill.pl\/chce-pomoc\/#opiekuncze_skrzydla","og_url":"https:\/\/fundacjajoannyradziwill.pl\/en\/prague-presentations-we-were-there\/","og_site_name":"Fundacja Joanny Radziwi\u0142\u0142","article_publisher":"https:\/\/www.facebook.com\/fundacjaopiekunczeskrzydla","article_published_time":"2021-06-22T10:55:11+00:00","article_modified_time":"2025-04-29T09:38:27+00:00","og_image":[{"url":"https:\/\/fundacjajoannyradziwill.pl\/wp-content\/uploads\/2021\/06\/Piknik-12.06-2-1024x683.jpg","type":"","width":"","height":""}],"author":"Kasia Muszy\u0144ska","twitter_card":"summary_large_image","twitter_misc":{"Written by":"Kasia Muszy\u0144ska","Est. reading time":"1 minute"},"schema":{"@context":"https:\/\/schema.org","@graph":[{"@type":"Article","@id":"https:\/\/fundacjajoannyradziwill.pl\/en\/prague-presentations-we-were-there\/#article","isPartOf":{"@id":"https:\/\/fundacjajoannyradziwill.pl\/en\/prague-presentations-we-were-there\/"},"author":{"name":"Kasia Muszy\u0144ska","@id":"https:\/\/fundacjajoannyradziwill.pl\/en\/#\/schema\/person\/67655878de25b7d9b23009130b50a54e"},"headline":"Prague Presentations &#8211; we were there","datePublished":"2021-06-22T10:55:11+00:00","dateModified":"2025-04-29T09:38:27+00:00","mainEntityOfPage":{"@id":"https:\/\/fundacjajoannyradziwill.pl\/en\/prague-presentations-we-were-there\/"},"wordCount":254,"publisher":{"@id":"https:\/\/fundacjajoannyradziwill.pl\/en\/#organization"},"image":{"@id":"https:\/\/fundacjajoannyradziwill.pl\/en\/prague-presentations-we-were-there\/#primaryimage"},"thumbnailUrl":"https:\/\/fundacjajoannyradziwill.pl\/wp-content\/uploads\/2021\/06\/Piknik-12.06-2-1024x683.jpg","articleSection":["News"],"inLanguage":"en-US"},{"@type":"WebPage","@id":"https:\/\/fundacjajoannyradziwill.pl\/en\/prague-presentations-we-were-there\/","url":"https:\/\/fundacjajoannyradziwill.pl\/en\/prague-presentations-we-were-there\/","name":"Prague Presentations - we were there - Fundacja Joanny Radziwi\u0142\u0142","isPartOf":{"@id":"https:\/\/fundacjajoannyradziwill.pl\/en\/#website"},"primaryImageOfPage":{"@id":"https:\/\/fundacjajoannyradziwill.pl\/en\/prague-presentations-we-were-there\/#primaryimage"},"image":{"@id":"https:\/\/fundacjajoannyradziwill.pl\/en\/prague-presentations-we-were-there\/#primaryimage"},"thumbnailUrl":"https:\/\/fundacjajoannyradziwill.pl\/wp-content\/uploads\/2021\/06\/Piknik-12.06-2-1024x683.jpg","datePublished":"2021-06-22T10:55:11+00:00","dateModified":"2025-04-29T09:38:27+00:00","inLanguage":"en-US","potentialAction":[{"@type":"ReadAction","target":["https:\/\/fundacjajoannyradziwill.pl\/en\/prague-presentations-we-were-there\/"]}]},{"@type":"ImageObject","inLanguage":"en-US","@id":"https:\/\/fundacjajoannyradziwill.pl\/en\/prague-presentations-we-were-there\/#primaryimage","url":"https:\/\/fundacjajoannyradziwill.pl\/wp-content\/uploads\/2021\/06\/Piknik-12.06-2-1024x683.jpg","contentUrl":"https:\/\/fundacjajoannyradziwill.pl\/wp-content\/uploads\/2021\/06\/Piknik-12.06-2-1024x683.jpg"},{"@type":"WebSite","@id":"https:\/\/fundacjajoannyradziwill.pl\/en\/#website","url":"https:\/\/fundacjajoannyradziwill.pl\/en\/","name":"Fundacja Joanny Radziwi\u0142\u0142","description":"Opieku\u0144cze Skrzyd\u0142a","publisher":{"@id":"https:\/\/fundacjajoannyradziwill.pl\/en\/#organization"},"potentialAction":[{"@type":"SearchAction","target":{"@type":"EntryPoint","urlTemplate":"https:\/\/fundacjajoannyradziwill.pl\/en\/?s={search_term_string}"},"query-input":{"@type":"PropertyValueSpecification","valueRequired":true,"valueName":"search_term_string"}}],"inLanguage":"en-US"},{"@type":"Organization","@id":"https:\/\/fundacjajoannyradziwill.pl\/en\/#organization","name":"Fundacja Joanny Radziwi\u0142\u0142","url":"https:\/\/fundacjajoannyradziwill.pl\/en\/","logo":{"@type":"ImageObject","inLanguage":"en-US","@id":"https:\/\/fundacjajoannyradziwill.pl\/en\/#\/schema\/logo\/image\/","url":"https:\/\/fundacjajoannyradziwill.pl\/wp-content\/uploads\/2023\/05\/logo_poziom_czerwony-01-1.svg","contentUrl":"https:\/\/fundacjajoannyradziwill.pl\/wp-content\/uploads\/2023\/05\/logo_poziom_czerwony-01-1.svg","width":473,"height":151,"caption":"Fundacja Joanny Radziwi\u0142\u0142"},"image":{"@id":"https:\/\/fundacjajoannyradziwill.pl\/en\/#\/schema\/logo\/image\/"},"sameAs":["https:\/\/www.facebook.com\/fundacjaopiekunczeskrzydla"]},{"@type":"Person","@id":"https:\/\/fundacjajoannyradziwill.pl\/en\/#\/schema\/person\/67655878de25b7d9b23009130b50a54e","name":"Kasia Muszy\u0144ska","image":{"@type":"ImageObject","inLanguage":"en-US","@id":"https:\/\/fundacjajoannyradziwill.pl\/en\/#\/schema\/person\/image\/","url":"https:\/\/secure.gravatar.com\/avatar\/8975100ac14032f1e403e6bb076af9a1a416ef8efd01bb9e594a41091be0204e?s=96&d=mm&r=g","contentUrl":"https:\/\/secure.gravatar.com\/avatar\/8975100ac14032f1e403e6bb076af9a1a416ef8efd01bb9e594a41091be0204e?s=96&d=mm&r=g","caption":"Kasia Muszy\u0144ska"},"url":"https:\/\/fundacjajoannyradziwill.pl\/en\/author\/kasia\/"}]}},"_links":{"self":[{"href":"https:\/\/fundacjajoannyradziwill.pl\/en\/wp-json\/wp\/v2\/posts\/13727","targetHints":{"allow":["GET"]}}],"collection":[{"href":"https:\/\/fundacjajoannyradziwill.pl\/en\/wp-json\/wp\/v2\/posts"}],"about":[{"href":"https:\/\/fundacjajoannyradziwill.pl\/en\/wp-json\/wp\/v2\/types\/post"}],"author":[{"embeddable":true,"href":"https:\/\/fundacjajoannyradziwill.pl\/en\/wp-json\/wp\/v2\/users\/24783"}],"replies":[{"embeddable":true,"href":"https:\/\/fundacjajoannyradziwill.pl\/en\/wp-json\/wp\/v2\/comments?post=13727"}],"version-history":[{"count":1,"href":"https:\/\/fundacjajoannyradziwill.pl\/en\/wp-json\/wp\/v2\/posts\/13727\/revisions"}],"predecessor-version":[{"id":13728,"href":"https:\/\/fundacjajoannyradziwill.pl\/en\/wp-json\/wp\/v2\/posts\/13727\/revisions\/13728"}],"wp:attachment":[{"href":"https:\/\/fundacjajoannyradziwill.pl\/en\/wp-json\/wp\/v2\/media?parent=13727"}],"wp:term":[{"taxonomy":"category","embeddable":true,"href":"https:\/\/fundacjajoannyradziwill.pl\/en\/wp-json\/wp\/v2\/categories?post=13727"},{"taxonomy":"post_tag","embeddable":true,"href":"https:\/\/fundacjajoannyradziwill.pl\/en\/wp-json\/wp\/v2\/tags?post=13727"}],"curies":[{"name":"wp","href":"https:\/\/api.w.org\/{rel}","templated":true}]}}