{"id":13737,"date":"2021-05-18T11:34:38","date_gmt":"2021-05-18T09:34:38","guid":{"rendered":"https:\/\/fundacjajoannyradziwill.pl\/our-superheroes\/"},"modified":"2025-04-29T12:20:35","modified_gmt":"2025-04-29T10:20:35","slug":"our-superheroes","status":"publish","type":"post","link":"https:\/\/fundacjajoannyradziwill.pl\/en\/our-superheroes\/","title":{"rendered":"Our Superheroes"},"content":{"rendered":"\n<h4 class=\"wp-block-heading\">The younger children of St. Nicholas House participate in the art contest \u201cWhat superpower do you have?\u201d .<\/h4>\n\n<p>Each sub-hero and superheroine has a special power that sets them apart. It is up to them how to use it. Is it for the good of humanity or for the good of themselves?  <\/p>\n\n<p>The children received a mysterious letter and a mysterious package from a group of male and female students from the Warsaw University of Technology. From the letter, the children read a task: imagine that you are a superhero_r. What superpower do you have? How can you save the world? In the mysterious package we found art materials &#8211; that is, all the tools needed to perform the artistic task.     <\/p>\n\n<figure class=\"wp-block-gallery columns-3 is-cropped wp-block-gallery-1 is-layout-flex wp-block-gallery-is-layout-flex\"><ul class=\"blocks-gallery-grid\"><li class=\"blocks-gallery-item\"><figure><img fetchpriority=\"high\" decoding=\"async\" width=\"768\" height=\"1024\" src=\"https:\/\/fundacjajoannyradziwill.pl\/wp-content\/uploads\/2021\/05\/183410841_304868004679096_9103339668905057170_n-1-768x1024.jpg\" alt=\"\" data-id=\"7271\" data-full-url=\"https:\/\/fundacjajoannyradziwill.pl\/wp-content\/uploads\/2021\/05\/183410841_304868004679096_9103339668905057170_n-1.jpg\" data-link=\"https:\/\/fundacjajoannyradziwill.pl\/?attachment_id=7271\" class=\"wp-image-7271\" srcset=\"https:\/\/fundacjajoannyradziwill.pl\/wp-content\/uploads\/2021\/05\/183410841_304868004679096_9103339668905057170_n-1-768x1024.jpg 768w, https:\/\/fundacjajoannyradziwill.pl\/wp-content\/uploads\/2021\/05\/183410841_304868004679096_9103339668905057170_n-1-225x300.jpg 225w, https:\/\/fundacjajoannyradziwill.pl\/wp-content\/uploads\/2021\/05\/183410841_304868004679096_9103339668905057170_n-1-1152x1536.jpg 1152w, https:\/\/fundacjajoannyradziwill.pl\/wp-content\/uploads\/2021\/05\/183410841_304868004679096_9103339668905057170_n-1.jpg 1536w\" sizes=\"(max-width: 768px) 100vw, 768px\" \/><\/figure><\/li><li class=\"blocks-gallery-item\"><figure><img decoding=\"async\" width=\"768\" height=\"1024\" src=\"https:\/\/fundacjajoannyradziwill.pl\/wp-content\/uploads\/2021\/05\/183056436_2852557401726529_6854096502699060697_n-768x1024.jpg\" alt=\"\" data-id=\"7267\" data-link=\"https:\/\/fundacjajoannyradziwill.pl\/?attachment_id=7267\" class=\"wp-image-7267\" srcset=\"https:\/\/fundacjajoannyradziwill.pl\/wp-content\/uploads\/2021\/05\/183056436_2852557401726529_6854096502699060697_n-768x1024.jpg 768w, https:\/\/fundacjajoannyradziwill.pl\/wp-content\/uploads\/2021\/05\/183056436_2852557401726529_6854096502699060697_n-225x300.jpg 225w, https:\/\/fundacjajoannyradziwill.pl\/wp-content\/uploads\/2021\/05\/183056436_2852557401726529_6854096502699060697_n-1152x1536.jpg 1152w, https:\/\/fundacjajoannyradziwill.pl\/wp-content\/uploads\/2021\/05\/183056436_2852557401726529_6854096502699060697_n.jpg 1536w\" sizes=\"(max-width: 768px) 100vw, 768px\" \/><\/figure><\/li><li class=\"blocks-gallery-item\"><figure><img decoding=\"async\" width=\"768\" height=\"1024\" src=\"https:\/\/fundacjajoannyradziwill.pl\/wp-content\/uploads\/2021\/05\/184762356_859557658105976_6771941690673907237_n-768x1024.jpg\" alt=\"\" data-id=\"7268\" data-link=\"https:\/\/fundacjajoannyradziwill.pl\/?attachment_id=7268\" class=\"wp-image-7268\" srcset=\"https:\/\/fundacjajoannyradziwill.pl\/wp-content\/uploads\/2021\/05\/184762356_859557658105976_6771941690673907237_n-768x1024.jpg 768w, https:\/\/fundacjajoannyradziwill.pl\/wp-content\/uploads\/2021\/05\/184762356_859557658105976_6771941690673907237_n-225x300.jpg 225w, https:\/\/fundacjajoannyradziwill.pl\/wp-content\/uploads\/2021\/05\/184762356_859557658105976_6771941690673907237_n-1152x1536.jpg 1152w, https:\/\/fundacjajoannyradziwill.pl\/wp-content\/uploads\/2021\/05\/184762356_859557658105976_6771941690673907237_n.jpg 1536w\" sizes=\"(max-width: 768px) 100vw, 768px\" \/><\/figure><\/li><li class=\"blocks-gallery-item\"><figure><img loading=\"lazy\" decoding=\"async\" width=\"768\" height=\"1024\" src=\"https:\/\/fundacjajoannyradziwill.pl\/wp-content\/uploads\/2021\/05\/184701899_746594946031938_2375665300820895189_n-768x1024.jpg\" alt=\"\" data-id=\"7269\" data-link=\"https:\/\/fundacjajoannyradziwill.pl\/?attachment_id=7269\" class=\"wp-image-7269\" srcset=\"https:\/\/fundacjajoannyradziwill.pl\/wp-content\/uploads\/2021\/05\/184701899_746594946031938_2375665300820895189_n-768x1024.jpg 768w, https:\/\/fundacjajoannyradziwill.pl\/wp-content\/uploads\/2021\/05\/184701899_746594946031938_2375665300820895189_n-225x300.jpg 225w, https:\/\/fundacjajoannyradziwill.pl\/wp-content\/uploads\/2021\/05\/184701899_746594946031938_2375665300820895189_n.jpg 800w\" sizes=\"(max-width: 768px) 100vw, 768px\" \/><\/figure><\/li><li class=\"blocks-gallery-item\"><figure><img loading=\"lazy\" decoding=\"async\" width=\"768\" height=\"1024\" src=\"https:\/\/fundacjajoannyradziwill.pl\/wp-content\/uploads\/2021\/05\/185518555_376748523743111_7346387884546182724_n-768x1024.jpg\" alt=\"\" data-id=\"7270\" data-link=\"https:\/\/fundacjajoannyradziwill.pl\/?attachment_id=7270\" class=\"wp-image-7270\" srcset=\"https:\/\/fundacjajoannyradziwill.pl\/wp-content\/uploads\/2021\/05\/185518555_376748523743111_7346387884546182724_n-768x1024.jpg 768w, https:\/\/fundacjajoannyradziwill.pl\/wp-content\/uploads\/2021\/05\/185518555_376748523743111_7346387884546182724_n-225x300.jpg 225w, https:\/\/fundacjajoannyradziwill.pl\/wp-content\/uploads\/2021\/05\/185518555_376748523743111_7346387884546182724_n-1152x1536.jpg 1152w, https:\/\/fundacjajoannyradziwill.pl\/wp-content\/uploads\/2021\/05\/185518555_376748523743111_7346387884546182724_n.jpg 1536w\" sizes=\"(max-width: 768px) 100vw, 768px\" \/><\/figure><\/li><\/ul><\/figure>\n\n<p>Everyone has a superpower inside us. In our daily work at the Foundation, we show children their strengths by developing their self-esteem. We develop their passions and talents. We talk about how to be good to others, what a friendly attitude is and how to be helpful to others. We conduct workshops for children about setting their own boundaries, because taking care of yourself is extremely important so that you can then share yourself.     <\/p>\n\n<p>We like competitions. We like to be active. We like to be superheroes and superheroines.  <\/p>\n\n<p>___________________________________<\/p>\n\n<h4 class=\"wp-block-heading\">Do you have an idea for an activity or workshop for our children? <\/h4>\n\n<p>Contact our volunteer coordinator and get started now . We look forward to hearing your ideas:  <br\/><strong>Jadwiga Cichocka-Kawiak:<\/strong> <a href=\"mailto:j.cichocka.kawiak@fundacjajoannyradziwill.pl\">j.cichocka.kawiak@fundacjajoannyradziwill.pl<\/a> <br\/><\/p>\n","protected":false},"excerpt":{"rendered":"<p>The younger children of St. Nicholas House participate in the art contest \u201cWhat superpower do you have?\u201d . Each sub-hero and superheroine has a special power that sets them apart. It is up to them how to use it. Is it for the good of humanity or for the good of themselves? The children received a mysterious letter and a mysterious package from a group of male and female students from the Warsaw University of Technology. From the letter, the children read a task: imagine that you are a superhero_r. What superpower do you have? How can you save the world? In the mysterious package we found art materials &#8211; that is, all the tools needed to perform the artistic task. Everyone has a superpower inside us. In our daily work at the Foundation, we show children their strengths by developing their self-esteem. We develop their passions and talents. We talk about how to be good to others, what a friendly attitude is and how to be helpful to others. We conduct workshops for children about setting their own boundaries, because taking care of yourself is extremely important so that you can then share yourself. We like competitions. We like to be active. We like to be superheroes and superheroines. ___________________________________ Do you have an idea for an activity or workshop for our children? Contact our volunteer coordinator and get started now . We look forward to hearing your ideas: Jadwiga Cichocka-Kawiak: j.cichocka.kawiak@fundacjajoannyradziwill.pl<\/p>\n","protected":false},"author":24783,"featured_media":12742,"comment_status":"closed","ping_status":"closed","sticky":false,"template":"","format":"standard","meta":{"_acf_changed":false,"inline_featured_image":false,"_monsterinsights_skip_tracking":false,"_monsterinsights_sitenote_active":false,"_monsterinsights_sitenote_note":"","_monsterinsights_sitenote_category":0,"ocean_post_layout":"","ocean_both_sidebars_style":"","ocean_both_sidebars_content_width":0,"ocean_both_sidebars_sidebars_width":0,"ocean_sidebar":"0","ocean_second_sidebar":"0","ocean_disable_margins":"enable","ocean_add_body_class":"","ocean_shortcode_before_top_bar":"","ocean_shortcode_after_top_bar":"","ocean_shortcode_before_header":"","ocean_shortcode_after_header":"","ocean_has_shortcode":"","ocean_shortcode_after_title":"","ocean_shortcode_before_footer_widgets":"","ocean_shortcode_after_footer_widgets":"","ocean_shortcode_before_footer_bottom":"","ocean_shortcode_after_footer_bottom":"","ocean_display_top_bar":"default","ocean_display_header":"default","ocean_header_style":"","ocean_center_header_left_menu":"0","ocean_custom_header_template":"0","ocean_custom_logo":0,"ocean_custom_retina_logo":0,"ocean_custom_logo_max_width":0,"ocean_custom_logo_tablet_max_width":0,"ocean_custom_logo_mobile_max_width":0,"ocean_custom_logo_max_height":0,"ocean_custom_logo_tablet_max_height":0,"ocean_custom_logo_mobile_max_height":0,"ocean_header_custom_menu":"0","ocean_menu_typo_font_family":"0","ocean_menu_typo_font_subset":"","ocean_menu_typo_font_size":0,"ocean_menu_typo_font_size_tablet":0,"ocean_menu_typo_font_size_mobile":0,"ocean_menu_typo_font_size_unit":"px","ocean_menu_typo_font_weight":"","ocean_menu_typo_font_weight_tablet":"","ocean_menu_typo_font_weight_mobile":"","ocean_menu_typo_transform":"","ocean_menu_typo_transform_tablet":"","ocean_menu_typo_transform_mobile":"","ocean_menu_typo_line_height":0,"ocean_menu_typo_line_height_tablet":0,"ocean_menu_typo_line_height_mobile":0,"ocean_menu_typo_line_height_unit":"","ocean_menu_typo_spacing":0,"ocean_menu_typo_spacing_tablet":0,"ocean_menu_typo_spacing_mobile":0,"ocean_menu_typo_spacing_unit":"","ocean_menu_link_color":"","ocean_menu_link_color_hover":"","ocean_menu_link_color_active":"","ocean_menu_link_background":"","ocean_menu_link_hover_background":"","ocean_menu_link_active_background":"","ocean_menu_social_links_bg":"","ocean_menu_social_hover_links_bg":"","ocean_menu_social_links_color":"","ocean_menu_social_hover_links_color":"","ocean_disable_title":"default","ocean_disable_heading":"default","ocean_post_title":"","ocean_post_subheading":"","ocean_post_title_style":"","ocean_post_title_background_color":"","ocean_post_title_background":0,"ocean_post_title_bg_image_position":"","ocean_post_title_bg_image_attachment":"","ocean_post_title_bg_image_repeat":"","ocean_post_title_bg_image_size":"","ocean_post_title_height":0,"ocean_post_title_bg_overlay":0.5,"ocean_post_title_bg_overlay_color":"","ocean_disable_breadcrumbs":"default","ocean_breadcrumbs_color":"","ocean_breadcrumbs_separator_color":"","ocean_breadcrumbs_links_color":"","ocean_breadcrumbs_links_hover_color":"","ocean_display_footer_widgets":"default","ocean_display_footer_bottom":"default","ocean_custom_footer_template":"0","ocean_post_oembed":"","ocean_post_self_hosted_media":"","ocean_post_video_embed":"","ocean_link_format":"","ocean_link_format_target":"self","ocean_quote_format":"","ocean_quote_format_link":"post","ocean_gallery_link_images":"on","ocean_gallery_id":[],"footnotes":"","_links_to":"","_links_to_target":""},"categories":[290],"tags":[],"class_list":["post-13737","post","type-post","status-publish","format-standard","has-post-thumbnail","hentry","category-news-en","entry","has-media"],"acf":[],"yoast_head":"<!-- This site is optimized with the Yoast SEO plugin v26.3 - https:\/\/yoast.com\/wordpress\/plugins\/seo\/ -->\n<title>Our Superheroes - Fundacja Joanny Radziwi\u0142\u0142<\/title>\n<meta name=\"robots\" content=\"index, follow, max-snippet:-1, max-image-preview:large, max-video-preview:-1\" \/>\n<link rel=\"canonical\" href=\"https:\/\/fundacjajoannyradziwill.pl\/en\/our-superheroes\/\" \/>\n<meta property=\"og:locale\" content=\"en_US\" \/>\n<meta property=\"og:type\" content=\"article\" \/>\n<meta property=\"og:title\" content=\"Our Superheroes - Fundacja Joanny Radziwi\u0142\u0142\" \/>\n<meta property=\"og:description\" content=\"The younger children of St. Nicholas House participate in the art contest \u201cWhat superpower do you have?\u201d . Each sub-hero and superheroine has a special power that sets them apart. It is up to them how to use it. Is it for the good of humanity or for the good of themselves? The children received a mysterious letter and a mysterious package from a group of male and female students from the Warsaw University of Technology. From the letter, the children read a task: imagine that you are a superhero_r. What superpower do you have? How can you save the world? In the mysterious package we found art materials &#8211; that is, all the tools needed to perform the artistic task. Everyone has a superpower inside us. In our daily work at the Foundation, we show children their strengths by developing their self-esteem. We develop their passions and talents. We talk about how to be good to others, what a friendly attitude is and how to be helpful to others. We conduct workshops for children about setting their own boundaries, because taking care of yourself is extremely important so that you can then share yourself. We like competitions. We like to be active. We like to be superheroes and superheroines. ___________________________________ Do you have an idea for an activity or workshop for our children? Contact our volunteer coordinator and get started now . We look forward to hearing your ideas: Jadwiga Cichocka-Kawiak: j.cichocka.kawiak@fundacjajoannyradziwill.pl\" \/>\n<meta property=\"og:url\" content=\"https:\/\/fundacjajoannyradziwill.pl\/en\/our-superheroes\/\" \/>\n<meta property=\"og:site_name\" content=\"Fundacja Joanny Radziwi\u0142\u0142\" \/>\n<meta property=\"article:publisher\" content=\"https:\/\/www.facebook.com\/fundacjaopiekunczeskrzydla\" \/>\n<meta property=\"article:published_time\" content=\"2021-05-18T09:34:38+00:00\" \/>\n<meta property=\"article:modified_time\" content=\"2025-04-29T10:20:35+00:00\" \/>\n<meta property=\"og:image\" content=\"https:\/\/fundacjajoannyradziwill.pl\/wp-content\/uploads\/2021\/05\/184936263_230875095508984_7525416511709114809_n.jpg\" \/>\n\t<meta property=\"og:image:width\" content=\"2048\" \/>\n\t<meta property=\"og:image:height\" content=\"1536\" \/>\n\t<meta property=\"og:image:type\" content=\"image\/jpeg\" \/>\n<meta name=\"author\" content=\"Kasia Muszy\u0144ska\" \/>\n<meta name=\"twitter:card\" content=\"summary_large_image\" \/>\n<meta name=\"twitter:label1\" content=\"Written by\" \/>\n\t<meta name=\"twitter:data1\" content=\"Kasia Muszy\u0144ska\" \/>\n\t<meta name=\"twitter:label2\" content=\"Est. reading time\" \/>\n\t<meta name=\"twitter:data2\" content=\"1 minute\" \/>\n<script type=\"application\/ld+json\" class=\"yoast-schema-graph\">{\"@context\":\"https:\/\/schema.org\",\"@graph\":[{\"@type\":\"Article\",\"@id\":\"https:\/\/fundacjajoannyradziwill.pl\/en\/our-superheroes\/#article\",\"isPartOf\":{\"@id\":\"https:\/\/fundacjajoannyradziwill.pl\/en\/our-superheroes\/\"},\"author\":{\"name\":\"Kasia Muszy\u0144ska\",\"@id\":\"https:\/\/fundacjajoannyradziwill.pl\/en\/#\/schema\/person\/67655878de25b7d9b23009130b50a54e\"},\"headline\":\"Our Superheroes\",\"datePublished\":\"2021-05-18T09:34:38+00:00\",\"dateModified\":\"2025-04-29T10:20:35+00:00\",\"mainEntityOfPage\":{\"@id\":\"https:\/\/fundacjajoannyradziwill.pl\/en\/our-superheroes\/\"},\"wordCount\":247,\"publisher\":{\"@id\":\"https:\/\/fundacjajoannyradziwill.pl\/en\/#organization\"},\"image\":{\"@id\":\"https:\/\/fundacjajoannyradziwill.pl\/en\/our-superheroes\/#primaryimage\"},\"thumbnailUrl\":\"https:\/\/fundacjajoannyradziwill.pl\/wp-content\/uploads\/2021\/05\/184936263_230875095508984_7525416511709114809_n.jpg\",\"articleSection\":[\"News\"],\"inLanguage\":\"en-US\"},{\"@type\":\"WebPage\",\"@id\":\"https:\/\/fundacjajoannyradziwill.pl\/en\/our-superheroes\/\",\"url\":\"https:\/\/fundacjajoannyradziwill.pl\/en\/our-superheroes\/\",\"name\":\"Our Superheroes - Fundacja Joanny Radziwi\u0142\u0142\",\"isPartOf\":{\"@id\":\"https:\/\/fundacjajoannyradziwill.pl\/en\/#website\"},\"primaryImageOfPage\":{\"@id\":\"https:\/\/fundacjajoannyradziwill.pl\/en\/our-superheroes\/#primaryimage\"},\"image\":{\"@id\":\"https:\/\/fundacjajoannyradziwill.pl\/en\/our-superheroes\/#primaryimage\"},\"thumbnailUrl\":\"https:\/\/fundacjajoannyradziwill.pl\/wp-content\/uploads\/2021\/05\/184936263_230875095508984_7525416511709114809_n.jpg\",\"datePublished\":\"2021-05-18T09:34:38+00:00\",\"dateModified\":\"2025-04-29T10:20:35+00:00\",\"inLanguage\":\"en-US\",\"potentialAction\":[{\"@type\":\"ReadAction\",\"target\":[\"https:\/\/fundacjajoannyradziwill.pl\/en\/our-superheroes\/\"]}]},{\"@type\":\"ImageObject\",\"inLanguage\":\"en-US\",\"@id\":\"https:\/\/fundacjajoannyradziwill.pl\/en\/our-superheroes\/#primaryimage\",\"url\":\"https:\/\/fundacjajoannyradziwill.pl\/wp-content\/uploads\/2021\/05\/184936263_230875095508984_7525416511709114809_n.jpg\",\"contentUrl\":\"https:\/\/fundacjajoannyradziwill.pl\/wp-content\/uploads\/2021\/05\/184936263_230875095508984_7525416511709114809_n.jpg\",\"width\":2048,\"height\":1536},{\"@type\":\"WebSite\",\"@id\":\"https:\/\/fundacjajoannyradziwill.pl\/en\/#website\",\"url\":\"https:\/\/fundacjajoannyradziwill.pl\/en\/\",\"name\":\"Fundacja Joanny Radziwi\u0142\u0142\",\"description\":\"Opieku\u0144cze Skrzyd\u0142a\",\"publisher\":{\"@id\":\"https:\/\/fundacjajoannyradziwill.pl\/en\/#organization\"},\"potentialAction\":[{\"@type\":\"SearchAction\",\"target\":{\"@type\":\"EntryPoint\",\"urlTemplate\":\"https:\/\/fundacjajoannyradziwill.pl\/en\/?s={search_term_string}\"},\"query-input\":{\"@type\":\"PropertyValueSpecification\",\"valueRequired\":true,\"valueName\":\"search_term_string\"}}],\"inLanguage\":\"en-US\"},{\"@type\":\"Organization\",\"@id\":\"https:\/\/fundacjajoannyradziwill.pl\/en\/#organization\",\"name\":\"Fundacja Joanny Radziwi\u0142\u0142\",\"url\":\"https:\/\/fundacjajoannyradziwill.pl\/en\/\",\"logo\":{\"@type\":\"ImageObject\",\"inLanguage\":\"en-US\",\"@id\":\"https:\/\/fundacjajoannyradziwill.pl\/en\/#\/schema\/logo\/image\/\",\"url\":\"https:\/\/fundacjajoannyradziwill.pl\/wp-content\/uploads\/2023\/05\/logo_poziom_czerwony-01-1.svg\",\"contentUrl\":\"https:\/\/fundacjajoannyradziwill.pl\/wp-content\/uploads\/2023\/05\/logo_poziom_czerwony-01-1.svg\",\"width\":473,\"height\":151,\"caption\":\"Fundacja Joanny Radziwi\u0142\u0142\"},\"image\":{\"@id\":\"https:\/\/fundacjajoannyradziwill.pl\/en\/#\/schema\/logo\/image\/\"},\"sameAs\":[\"https:\/\/www.facebook.com\/fundacjaopiekunczeskrzydla\"]},{\"@type\":\"Person\",\"@id\":\"https:\/\/fundacjajoannyradziwill.pl\/en\/#\/schema\/person\/67655878de25b7d9b23009130b50a54e\",\"name\":\"Kasia Muszy\u0144ska\",\"image\":{\"@type\":\"ImageObject\",\"inLanguage\":\"en-US\",\"@id\":\"https:\/\/fundacjajoannyradziwill.pl\/en\/#\/schema\/person\/image\/\",\"url\":\"https:\/\/secure.gravatar.com\/avatar\/8975100ac14032f1e403e6bb076af9a1a416ef8efd01bb9e594a41091be0204e?s=96&d=mm&r=g\",\"contentUrl\":\"https:\/\/secure.gravatar.com\/avatar\/8975100ac14032f1e403e6bb076af9a1a416ef8efd01bb9e594a41091be0204e?s=96&d=mm&r=g\",\"caption\":\"Kasia Muszy\u0144ska\"},\"url\":\"https:\/\/fundacjajoannyradziwill.pl\/en\/author\/kasia\/\"}]}<\/script>\n<!-- \/ Yoast SEO plugin. -->","yoast_head_json":{"title":"Our Superheroes - Fundacja Joanny Radziwi\u0142\u0142","robots":{"index":"index","follow":"follow","max-snippet":"max-snippet:-1","max-image-preview":"max-image-preview:large","max-video-preview":"max-video-preview:-1"},"canonical":"https:\/\/fundacjajoannyradziwill.pl\/en\/our-superheroes\/","og_locale":"en_US","og_type":"article","og_title":"Our Superheroes - Fundacja Joanny Radziwi\u0142\u0142","og_description":"The younger children of St. Nicholas House participate in the art contest \u201cWhat superpower do you have?\u201d . Each sub-hero and superheroine has a special power that sets them apart. It is up to them how to use it. Is it for the good of humanity or for the good of themselves? The children received a mysterious letter and a mysterious package from a group of male and female students from the Warsaw University of Technology. From the letter, the children read a task: imagine that you are a superhero_r. What superpower do you have? How can you save the world? In the mysterious package we found art materials &#8211; that is, all the tools needed to perform the artistic task. Everyone has a superpower inside us. In our daily work at the Foundation, we show children their strengths by developing their self-esteem. We develop their passions and talents. We talk about how to be good to others, what a friendly attitude is and how to be helpful to others. We conduct workshops for children about setting their own boundaries, because taking care of yourself is extremely important so that you can then share yourself. We like competitions. We like to be active. We like to be superheroes and superheroines. ___________________________________ Do you have an idea for an activity or workshop for our children? Contact our volunteer coordinator and get started now . We look forward to hearing your ideas: Jadwiga Cichocka-Kawiak: j.cichocka.kawiak@fundacjajoannyradziwill.pl","og_url":"https:\/\/fundacjajoannyradziwill.pl\/en\/our-superheroes\/","og_site_name":"Fundacja Joanny Radziwi\u0142\u0142","article_publisher":"https:\/\/www.facebook.com\/fundacjaopiekunczeskrzydla","article_published_time":"2021-05-18T09:34:38+00:00","article_modified_time":"2025-04-29T10:20:35+00:00","og_image":[{"width":2048,"height":1536,"url":"https:\/\/fundacjajoannyradziwill.pl\/wp-content\/uploads\/2021\/05\/184936263_230875095508984_7525416511709114809_n.jpg","type":"image\/jpeg"}],"author":"Kasia Muszy\u0144ska","twitter_card":"summary_large_image","twitter_misc":{"Written by":"Kasia Muszy\u0144ska","Est. reading time":"1 minute"},"schema":{"@context":"https:\/\/schema.org","@graph":[{"@type":"Article","@id":"https:\/\/fundacjajoannyradziwill.pl\/en\/our-superheroes\/#article","isPartOf":{"@id":"https:\/\/fundacjajoannyradziwill.pl\/en\/our-superheroes\/"},"author":{"name":"Kasia Muszy\u0144ska","@id":"https:\/\/fundacjajoannyradziwill.pl\/en\/#\/schema\/person\/67655878de25b7d9b23009130b50a54e"},"headline":"Our Superheroes","datePublished":"2021-05-18T09:34:38+00:00","dateModified":"2025-04-29T10:20:35+00:00","mainEntityOfPage":{"@id":"https:\/\/fundacjajoannyradziwill.pl\/en\/our-superheroes\/"},"wordCount":247,"publisher":{"@id":"https:\/\/fundacjajoannyradziwill.pl\/en\/#organization"},"image":{"@id":"https:\/\/fundacjajoannyradziwill.pl\/en\/our-superheroes\/#primaryimage"},"thumbnailUrl":"https:\/\/fundacjajoannyradziwill.pl\/wp-content\/uploads\/2021\/05\/184936263_230875095508984_7525416511709114809_n.jpg","articleSection":["News"],"inLanguage":"en-US"},{"@type":"WebPage","@id":"https:\/\/fundacjajoannyradziwill.pl\/en\/our-superheroes\/","url":"https:\/\/fundacjajoannyradziwill.pl\/en\/our-superheroes\/","name":"Our Superheroes - Fundacja Joanny Radziwi\u0142\u0142","isPartOf":{"@id":"https:\/\/fundacjajoannyradziwill.pl\/en\/#website"},"primaryImageOfPage":{"@id":"https:\/\/fundacjajoannyradziwill.pl\/en\/our-superheroes\/#primaryimage"},"image":{"@id":"https:\/\/fundacjajoannyradziwill.pl\/en\/our-superheroes\/#primaryimage"},"thumbnailUrl":"https:\/\/fundacjajoannyradziwill.pl\/wp-content\/uploads\/2021\/05\/184936263_230875095508984_7525416511709114809_n.jpg","datePublished":"2021-05-18T09:34:38+00:00","dateModified":"2025-04-29T10:20:35+00:00","inLanguage":"en-US","potentialAction":[{"@type":"ReadAction","target":["https:\/\/fundacjajoannyradziwill.pl\/en\/our-superheroes\/"]}]},{"@type":"ImageObject","inLanguage":"en-US","@id":"https:\/\/fundacjajoannyradziwill.pl\/en\/our-superheroes\/#primaryimage","url":"https:\/\/fundacjajoannyradziwill.pl\/wp-content\/uploads\/2021\/05\/184936263_230875095508984_7525416511709114809_n.jpg","contentUrl":"https:\/\/fundacjajoannyradziwill.pl\/wp-content\/uploads\/2021\/05\/184936263_230875095508984_7525416511709114809_n.jpg","width":2048,"height":1536},{"@type":"WebSite","@id":"https:\/\/fundacjajoannyradziwill.pl\/en\/#website","url":"https:\/\/fundacjajoannyradziwill.pl\/en\/","name":"Fundacja Joanny Radziwi\u0142\u0142","description":"Opieku\u0144cze Skrzyd\u0142a","publisher":{"@id":"https:\/\/fundacjajoannyradziwill.pl\/en\/#organization"},"potentialAction":[{"@type":"SearchAction","target":{"@type":"EntryPoint","urlTemplate":"https:\/\/fundacjajoannyradziwill.pl\/en\/?s={search_term_string}"},"query-input":{"@type":"PropertyValueSpecification","valueRequired":true,"valueName":"search_term_string"}}],"inLanguage":"en-US"},{"@type":"Organization","@id":"https:\/\/fundacjajoannyradziwill.pl\/en\/#organization","name":"Fundacja Joanny Radziwi\u0142\u0142","url":"https:\/\/fundacjajoannyradziwill.pl\/en\/","logo":{"@type":"ImageObject","inLanguage":"en-US","@id":"https:\/\/fundacjajoannyradziwill.pl\/en\/#\/schema\/logo\/image\/","url":"https:\/\/fundacjajoannyradziwill.pl\/wp-content\/uploads\/2023\/05\/logo_poziom_czerwony-01-1.svg","contentUrl":"https:\/\/fundacjajoannyradziwill.pl\/wp-content\/uploads\/2023\/05\/logo_poziom_czerwony-01-1.svg","width":473,"height":151,"caption":"Fundacja Joanny Radziwi\u0142\u0142"},"image":{"@id":"https:\/\/fundacjajoannyradziwill.pl\/en\/#\/schema\/logo\/image\/"},"sameAs":["https:\/\/www.facebook.com\/fundacjaopiekunczeskrzydla"]},{"@type":"Person","@id":"https:\/\/fundacjajoannyradziwill.pl\/en\/#\/schema\/person\/67655878de25b7d9b23009130b50a54e","name":"Kasia Muszy\u0144ska","image":{"@type":"ImageObject","inLanguage":"en-US","@id":"https:\/\/fundacjajoannyradziwill.pl\/en\/#\/schema\/person\/image\/","url":"https:\/\/secure.gravatar.com\/avatar\/8975100ac14032f1e403e6bb076af9a1a416ef8efd01bb9e594a41091be0204e?s=96&d=mm&r=g","contentUrl":"https:\/\/secure.gravatar.com\/avatar\/8975100ac14032f1e403e6bb076af9a1a416ef8efd01bb9e594a41091be0204e?s=96&d=mm&r=g","caption":"Kasia Muszy\u0144ska"},"url":"https:\/\/fundacjajoannyradziwill.pl\/en\/author\/kasia\/"}]}},"_links":{"self":[{"href":"https:\/\/fundacjajoannyradziwill.pl\/en\/wp-json\/wp\/v2\/posts\/13737","targetHints":{"allow":["GET"]}}],"collection":[{"href":"https:\/\/fundacjajoannyradziwill.pl\/en\/wp-json\/wp\/v2\/posts"}],"about":[{"href":"https:\/\/fundacjajoannyradziwill.pl\/en\/wp-json\/wp\/v2\/types\/post"}],"author":[{"embeddable":true,"href":"https:\/\/fundacjajoannyradziwill.pl\/en\/wp-json\/wp\/v2\/users\/24783"}],"replies":[{"embeddable":true,"href":"https:\/\/fundacjajoannyradziwill.pl\/en\/wp-json\/wp\/v2\/comments?post=13737"}],"version-history":[{"count":1,"href":"https:\/\/fundacjajoannyradziwill.pl\/en\/wp-json\/wp\/v2\/posts\/13737\/revisions"}],"predecessor-version":[{"id":13738,"href":"https:\/\/fundacjajoannyradziwill.pl\/en\/wp-json\/wp\/v2\/posts\/13737\/revisions\/13738"}],"wp:featuredmedia":[{"embeddable":true,"href":"https:\/\/fundacjajoannyradziwill.pl\/en\/wp-json\/wp\/v2\/media\/12742"}],"wp:attachment":[{"href":"https:\/\/fundacjajoannyradziwill.pl\/en\/wp-json\/wp\/v2\/media?parent=13737"}],"wp:term":[{"taxonomy":"category","embeddable":true,"href":"https:\/\/fundacjajoannyradziwill.pl\/en\/wp-json\/wp\/v2\/categories?post=13737"},{"taxonomy":"post_tag","embeddable":true,"href":"https:\/\/fundacjajoannyradziwill.pl\/en\/wp-json\/wp\/v2\/tags?post=13737"}],"curies":[{"name":"wp","href":"https:\/\/api.w.org\/{rel}","templated":true}]}}