{"id":13763,"date":"2021-02-23T11:01:48","date_gmt":"2021-02-23T10:01:48","guid":{"rendered":"https:\/\/fundacjajoannyradziwill.pl\/anti-depression-day\/"},"modified":"2025-04-29T15:48:26","modified_gmt":"2025-04-29T13:48:26","slug":"anti-depression-day","status":"publish","type":"post","link":"https:\/\/fundacjajoannyradziwill.pl\/en\/anti-depression-day\/","title":{"rendered":"Anti-Depression Day"},"content":{"rendered":"\n<p>February 23 is the International Day Against Depression established by the World Health Organization (WHO) as one of the most serious disease entities in the world. We prefer to talk about <em>the Day to support people with depression<\/em> or the <em>Day to talk about depression in general.<\/em>  <\/p>\n\n<h4 class=\"wp-block-heading\">At the Foundation House<\/h4>\n\n<p>In our Foundation we also work every day with people who are affected by this disease. Children, adolescents their parents. All of them need the specialized support of a psychotherapist and not rarely pharmacology. As a team of educators and psychologists, but above all as a team of sensitive people, we know and see how severe this disease is.     <\/p>\n\n<p>The most needy children , young people or\/and their parents, with your help, we provide them with regular psychological support. <br\/><strong>You can help at any time by donating : <\/strong><a rel=\"noreferrer noopener\" href=\"https:\/\/fundacjajoannyradziwill.pl\/#wplac-teraz\" target=\"_blank\"><em>https:\/\/fundacjajoannyradziwill.pl\/wplac<\/em><\/a><\/p>\n\n<h4 class=\"wp-block-heading\">Education<\/h4>\n\n<p>It is important for us to speak out about depression to educate, so below is a video prepared by WHO, aptly describing the life of a person suffering from depression.  <\/p>\n\n<figure class=\"wp-block-embed-youtube wp-block-embed is-type-video is-provider-youtube wp-embed-aspect-4-3 wp-has-aspect-ratio\"><div class=\"wp-block-embed__wrapper\">\n<p class=\"responsive-video-wrap clr\"><iframe title=\"I had a black dog, his name was depression\" width=\"1200\" height=\"900\" src=\"https:\/\/www.youtube.com\/embed\/XiCrniLQGYc?feature=oembed\" frameborder=\"0\" allow=\"accelerometer; autoplay; clipboard-write; encrypted-media; gyroscope; picture-in-picture; web-share\" referrerpolicy=\"strict-origin-when-cross-origin\" allowfullscreen><\/iframe><\/p>\n<\/div><\/figure>\n\n<p>We know that each and every one of us knows at least 3 people suffering from depression, and we know many more people who do not tell us about this depression. Therefore, let&#8217;s be tender and affectionate to each other. Let&#8217;s not judge, let&#8217;s not advise. Let&#8217;s support each other and accept each other.     <\/p>\n\n<h4 class=\"wp-block-heading\">How to speak to a person suffering from depression?<\/h4>\n\n<p>Many guides and graphics have been created that teach how to speak to a person suffering from depression and what not to say. We are eager to use the available educational materials. Read them and pass them on. We believe that by educating each other we can develop social sensitivity.   <\/p>\n\n<div class=\"wp-block-image\"><figure class=\"aligncenter size-large\"><img fetchpriority=\"high\" decoding=\"async\" width=\"724\" height=\"1024\" src=\"https:\/\/fundacjajoannyradziwill.pl\/wp-content\/uploads\/2021\/02\/51395682_2007176269374000_7090546167343218688_o-1-724x1024.png\" alt=\"\" class=\"wp-image-7151\" srcset=\"https:\/\/fundacjajoannyradziwill.pl\/wp-content\/uploads\/2021\/02\/51395682_2007176269374000_7090546167343218688_o-1-724x1024.png 724w, https:\/\/fundacjajoannyradziwill.pl\/wp-content\/uploads\/2021\/02\/51395682_2007176269374000_7090546167343218688_o-1-212x300.png 212w, https:\/\/fundacjajoannyradziwill.pl\/wp-content\/uploads\/2021\/02\/51395682_2007176269374000_7090546167343218688_o-1-768x1086.png 768w, https:\/\/fundacjajoannyradziwill.pl\/wp-content\/uploads\/2021\/02\/51395682_2007176269374000_7090546167343218688_o-1-1086x1536.png 1086w, https:\/\/fundacjajoannyradziwill.pl\/wp-content\/uploads\/2021\/02\/51395682_2007176269374000_7090546167343218688_o-1.png 1358w\" sizes=\"(max-width: 724px) 100vw, 724px\" \/><\/figure><\/div>\n\n<div class=\"wp-block-image\"><figure class=\"aligncenter size-large\"><img decoding=\"async\" width=\"730\" height=\"1024\" src=\"https:\/\/fundacjajoannyradziwill.pl\/wp-content\/uploads\/2021\/02\/50910869_2005882906170003_7821482247445282816_o-1-730x1024.jpg\" alt=\"\" class=\"wp-image-7153\" srcset=\"https:\/\/fundacjajoannyradziwill.pl\/wp-content\/uploads\/2021\/02\/50910869_2005882906170003_7821482247445282816_o-1-730x1024.jpg 730w, https:\/\/fundacjajoannyradziwill.pl\/wp-content\/uploads\/2021\/02\/50910869_2005882906170003_7821482247445282816_o-1-214x300.jpg 214w, https:\/\/fundacjajoannyradziwill.pl\/wp-content\/uploads\/2021\/02\/50910869_2005882906170003_7821482247445282816_o-1-768x1077.jpg 768w, https:\/\/fundacjajoannyradziwill.pl\/wp-content\/uploads\/2021\/02\/50910869_2005882906170003_7821482247445282816_o-1-1095x1536.jpg 1095w, https:\/\/fundacjajoannyradziwill.pl\/wp-content\/uploads\/2021\/02\/50910869_2005882906170003_7821482247445282816_o-1.jpg 1369w\" sizes=\"(max-width: 730px) 100vw, 730px\" \/><\/figure><\/div>\n\n<h4 class=\"wp-block-heading\"><strong>Want to learn more? We recommend:   <\/strong><a href=\"http:\/\/sposobynadepresje.pl\/chory-i-bliscy\/\" target=\"_blank\" rel=\"noreferrer noopener\"><strong><em>http:\/\/sposobynadepresje.pl\/chory-i-bliscy\/\n <\/em><\/strong><\/a><\/h4>\n\n<p><\/p>\n","protected":false},"excerpt":{"rendered":"<p>February 23 is the International Day Against Depression established by the World Health Organization (WHO) as one of the most serious disease entities in the world. We prefer to talk about the Day to support people with depression or the Day to talk about depression in general. At the Foundation House In our Foundation we also work every day with people who are affected by this disease. Children, adolescents their parents. All of them need the specialized support of a psychotherapist and not rarely pharmacology. As a team of educators and psychologists, but above all as a team of sensitive people, we know and see how severe this disease is. The most needy children , young people or\/and their parents, with your help, we provide them with regular psychological support. You can help at any time by donating : https:\/\/fundacjajoannyradziwill.pl\/wplac Education It is important for us to speak out about depression to educate, so below is a video prepared by WHO, aptly describing the life of a person suffering from depression. We know that each and every one of us knows at least 3 people suffering from depression, and we know many more people who do not tell us about this depression. Therefore, let&#8217;s be tender and affectionate to each other. Let&#8217;s not judge, let&#8217;s not advise. Let&#8217;s support each other and accept each other. How to speak to a person suffering from depression? Many guides and graphics have been created that teach how to speak to a person suffering from depression and what not to say. We are eager to use the available educational materials. Read them and pass them on. We believe that by educating each other we can develop social sensitivity. Want to learn more? We recommend: http:\/\/sposobynadepresje.pl\/chory-i-bliscy\/<\/p>\n","protected":false},"author":24783,"featured_media":12655,"comment_status":"closed","ping_status":"closed","sticky":false,"template":"","format":"standard","meta":{"_acf_changed":false,"inline_featured_image":false,"_monsterinsights_skip_tracking":false,"_monsterinsights_sitenote_active":false,"_monsterinsights_sitenote_note":"","_monsterinsights_sitenote_category":0,"ocean_post_layout":"","ocean_both_sidebars_style":"","ocean_both_sidebars_content_width":0,"ocean_both_sidebars_sidebars_width":0,"ocean_sidebar":"0","ocean_second_sidebar":"0","ocean_disable_margins":"enable","ocean_add_body_class":"","ocean_shortcode_before_top_bar":"","ocean_shortcode_after_top_bar":"","ocean_shortcode_before_header":"","ocean_shortcode_after_header":"","ocean_has_shortcode":"","ocean_shortcode_after_title":"","ocean_shortcode_before_footer_widgets":"","ocean_shortcode_after_footer_widgets":"","ocean_shortcode_before_footer_bottom":"","ocean_shortcode_after_footer_bottom":"","ocean_display_top_bar":"default","ocean_display_header":"default","ocean_header_style":"","ocean_center_header_left_menu":"0","ocean_custom_header_template":"0","ocean_custom_logo":0,"ocean_custom_retina_logo":0,"ocean_custom_logo_max_width":0,"ocean_custom_logo_tablet_max_width":0,"ocean_custom_logo_mobile_max_width":0,"ocean_custom_logo_max_height":0,"ocean_custom_logo_tablet_max_height":0,"ocean_custom_logo_mobile_max_height":0,"ocean_header_custom_menu":"0","ocean_menu_typo_font_family":"0","ocean_menu_typo_font_subset":"","ocean_menu_typo_font_size":0,"ocean_menu_typo_font_size_tablet":0,"ocean_menu_typo_font_size_mobile":0,"ocean_menu_typo_font_size_unit":"px","ocean_menu_typo_font_weight":"","ocean_menu_typo_font_weight_tablet":"","ocean_menu_typo_font_weight_mobile":"","ocean_menu_typo_transform":"","ocean_menu_typo_transform_tablet":"","ocean_menu_typo_transform_mobile":"","ocean_menu_typo_line_height":0,"ocean_menu_typo_line_height_tablet":0,"ocean_menu_typo_line_height_mobile":0,"ocean_menu_typo_line_height_unit":"","ocean_menu_typo_spacing":0,"ocean_menu_typo_spacing_tablet":0,"ocean_menu_typo_spacing_mobile":0,"ocean_menu_typo_spacing_unit":"","ocean_menu_link_color":"","ocean_menu_link_color_hover":"","ocean_menu_link_color_active":"","ocean_menu_link_background":"","ocean_menu_link_hover_background":"","ocean_menu_link_active_background":"","ocean_menu_social_links_bg":"","ocean_menu_social_hover_links_bg":"","ocean_menu_social_links_color":"","ocean_menu_social_hover_links_color":"","ocean_disable_title":"default","ocean_disable_heading":"default","ocean_post_title":"","ocean_post_subheading":"","ocean_post_title_style":"","ocean_post_title_background_color":"","ocean_post_title_background":0,"ocean_post_title_bg_image_position":"","ocean_post_title_bg_image_attachment":"","ocean_post_title_bg_image_repeat":"","ocean_post_title_bg_image_size":"","ocean_post_title_height":0,"ocean_post_title_bg_overlay":0.5,"ocean_post_title_bg_overlay_color":"","ocean_disable_breadcrumbs":"default","ocean_breadcrumbs_color":"","ocean_breadcrumbs_separator_color":"","ocean_breadcrumbs_links_color":"","ocean_breadcrumbs_links_hover_color":"","ocean_display_footer_widgets":"default","ocean_display_footer_bottom":"default","ocean_custom_footer_template":"0","ocean_post_oembed":"","ocean_post_self_hosted_media":"","ocean_post_video_embed":"","ocean_link_format":"","ocean_link_format_target":"self","ocean_quote_format":"","ocean_quote_format_link":"post","ocean_gallery_link_images":"on","ocean_gallery_id":[],"footnotes":"","_links_to":"","_links_to_target":""},"categories":[290],"tags":[],"class_list":["post-13763","post","type-post","status-publish","format-standard","has-post-thumbnail","hentry","category-news-en","entry","has-media"],"acf":[],"yoast_head":"<!-- This site is optimized with the Yoast SEO plugin v26.3 - https:\/\/yoast.com\/wordpress\/plugins\/seo\/ -->\n<title>Anti-Depression Day - Fundacja Joanny Radziwi\u0142\u0142<\/title>\n<meta name=\"robots\" content=\"index, follow, max-snippet:-1, max-image-preview:large, max-video-preview:-1\" \/>\n<link rel=\"canonical\" href=\"https:\/\/fundacjajoannyradziwill.pl\/en\/anti-depression-day\/\" \/>\n<meta property=\"og:locale\" content=\"en_US\" \/>\n<meta property=\"og:type\" content=\"article\" \/>\n<meta property=\"og:title\" content=\"Anti-Depression Day - Fundacja Joanny Radziwi\u0142\u0142\" \/>\n<meta property=\"og:description\" content=\"February 23 is the International Day Against Depression established by the World Health Organization (WHO) as one of the most serious disease entities in the world. We prefer to talk about the Day to support people with depression or the Day to talk about depression in general. At the Foundation House In our Foundation we also work every day with people who are affected by this disease. Children, adolescents their parents. All of them need the specialized support of a psychotherapist and not rarely pharmacology. As a team of educators and psychologists, but above all as a team of sensitive people, we know and see how severe this disease is. The most needy children , young people or\/and their parents, with your help, we provide them with regular psychological support. You can help at any time by donating : https:\/\/fundacjajoannyradziwill.pl\/wplac Education It is important for us to speak out about depression to educate, so below is a video prepared by WHO, aptly describing the life of a person suffering from depression. We know that each and every one of us knows at least 3 people suffering from depression, and we know many more people who do not tell us about this depression. Therefore, let&#8217;s be tender and affectionate to each other. Let&#8217;s not judge, let&#8217;s not advise. Let&#8217;s support each other and accept each other. How to speak to a person suffering from depression? Many guides and graphics have been created that teach how to speak to a person suffering from depression and what not to say. We are eager to use the available educational materials. Read them and pass them on. We believe that by educating each other we can develop social sensitivity. Want to learn more? We recommend: http:\/\/sposobynadepresje.pl\/chory-i-bliscy\/\" \/>\n<meta property=\"og:url\" content=\"https:\/\/fundacjajoannyradziwill.pl\/en\/anti-depression-day\/\" \/>\n<meta property=\"og:site_name\" content=\"Fundacja Joanny Radziwi\u0142\u0142\" \/>\n<meta property=\"article:publisher\" content=\"https:\/\/www.facebook.com\/fundacjaopiekunczeskrzydla\" \/>\n<meta property=\"article:published_time\" content=\"2021-02-23T10:01:48+00:00\" \/>\n<meta property=\"article:modified_time\" content=\"2025-04-29T13:48:26+00:00\" \/>\n<meta property=\"og:image\" content=\"https:\/\/fundacjajoannyradziwill.pl\/wp-content\/uploads\/2020\/08\/117768137_2807912669444106_1320885281957004166_n.jpg\" \/>\n\t<meta property=\"og:image:width\" content=\"960\" \/>\n\t<meta property=\"og:image:height\" content=\"720\" \/>\n\t<meta property=\"og:image:type\" content=\"image\/jpeg\" \/>\n<meta name=\"author\" content=\"Kasia Muszy\u0144ska\" \/>\n<meta name=\"twitter:card\" content=\"summary_large_image\" \/>\n<meta name=\"twitter:label1\" content=\"Written by\" \/>\n\t<meta name=\"twitter:data1\" content=\"Kasia Muszy\u0144ska\" \/>\n\t<meta name=\"twitter:label2\" content=\"Est. reading time\" \/>\n\t<meta name=\"twitter:data2\" content=\"2 minutes\" \/>\n<script type=\"application\/ld+json\" class=\"yoast-schema-graph\">{\"@context\":\"https:\/\/schema.org\",\"@graph\":[{\"@type\":\"Article\",\"@id\":\"https:\/\/fundacjajoannyradziwill.pl\/en\/anti-depression-day\/#article\",\"isPartOf\":{\"@id\":\"https:\/\/fundacjajoannyradziwill.pl\/en\/anti-depression-day\/\"},\"author\":{\"name\":\"Kasia Muszy\u0144ska\",\"@id\":\"https:\/\/fundacjajoannyradziwill.pl\/en\/#\/schema\/person\/67655878de25b7d9b23009130b50a54e\"},\"headline\":\"Anti-Depression Day\",\"datePublished\":\"2021-02-23T10:01:48+00:00\",\"dateModified\":\"2025-04-29T13:48:26+00:00\",\"mainEntityOfPage\":{\"@id\":\"https:\/\/fundacjajoannyradziwill.pl\/en\/anti-depression-day\/\"},\"wordCount\":303,\"publisher\":{\"@id\":\"https:\/\/fundacjajoannyradziwill.pl\/en\/#organization\"},\"image\":{\"@id\":\"https:\/\/fundacjajoannyradziwill.pl\/en\/anti-depression-day\/#primaryimage\"},\"thumbnailUrl\":\"https:\/\/fundacjajoannyradziwill.pl\/wp-content\/uploads\/2020\/08\/117768137_2807912669444106_1320885281957004166_n.jpg\",\"articleSection\":[\"News\"],\"inLanguage\":\"en-US\"},{\"@type\":\"WebPage\",\"@id\":\"https:\/\/fundacjajoannyradziwill.pl\/en\/anti-depression-day\/\",\"url\":\"https:\/\/fundacjajoannyradziwill.pl\/en\/anti-depression-day\/\",\"name\":\"Anti-Depression Day - Fundacja Joanny Radziwi\u0142\u0142\",\"isPartOf\":{\"@id\":\"https:\/\/fundacjajoannyradziwill.pl\/en\/#website\"},\"primaryImageOfPage\":{\"@id\":\"https:\/\/fundacjajoannyradziwill.pl\/en\/anti-depression-day\/#primaryimage\"},\"image\":{\"@id\":\"https:\/\/fundacjajoannyradziwill.pl\/en\/anti-depression-day\/#primaryimage\"},\"thumbnailUrl\":\"https:\/\/fundacjajoannyradziwill.pl\/wp-content\/uploads\/2020\/08\/117768137_2807912669444106_1320885281957004166_n.jpg\",\"datePublished\":\"2021-02-23T10:01:48+00:00\",\"dateModified\":\"2025-04-29T13:48:26+00:00\",\"inLanguage\":\"en-US\",\"potentialAction\":[{\"@type\":\"ReadAction\",\"target\":[\"https:\/\/fundacjajoannyradziwill.pl\/en\/anti-depression-day\/\"]}]},{\"@type\":\"ImageObject\",\"inLanguage\":\"en-US\",\"@id\":\"https:\/\/fundacjajoannyradziwill.pl\/en\/anti-depression-day\/#primaryimage\",\"url\":\"https:\/\/fundacjajoannyradziwill.pl\/wp-content\/uploads\/2020\/08\/117768137_2807912669444106_1320885281957004166_n.jpg\",\"contentUrl\":\"https:\/\/fundacjajoannyradziwill.pl\/wp-content\/uploads\/2020\/08\/117768137_2807912669444106_1320885281957004166_n.jpg\",\"width\":960,\"height\":720},{\"@type\":\"WebSite\",\"@id\":\"https:\/\/fundacjajoannyradziwill.pl\/en\/#website\",\"url\":\"https:\/\/fundacjajoannyradziwill.pl\/en\/\",\"name\":\"Fundacja Joanny Radziwi\u0142\u0142\",\"description\":\"Opieku\u0144cze Skrzyd\u0142a\",\"publisher\":{\"@id\":\"https:\/\/fundacjajoannyradziwill.pl\/en\/#organization\"},\"potentialAction\":[{\"@type\":\"SearchAction\",\"target\":{\"@type\":\"EntryPoint\",\"urlTemplate\":\"https:\/\/fundacjajoannyradziwill.pl\/en\/?s={search_term_string}\"},\"query-input\":{\"@type\":\"PropertyValueSpecification\",\"valueRequired\":true,\"valueName\":\"search_term_string\"}}],\"inLanguage\":\"en-US\"},{\"@type\":\"Organization\",\"@id\":\"https:\/\/fundacjajoannyradziwill.pl\/en\/#organization\",\"name\":\"Fundacja Joanny Radziwi\u0142\u0142\",\"url\":\"https:\/\/fundacjajoannyradziwill.pl\/en\/\",\"logo\":{\"@type\":\"ImageObject\",\"inLanguage\":\"en-US\",\"@id\":\"https:\/\/fundacjajoannyradziwill.pl\/en\/#\/schema\/logo\/image\/\",\"url\":\"https:\/\/fundacjajoannyradziwill.pl\/wp-content\/uploads\/2023\/05\/logo_poziom_czerwony-01-1.svg\",\"contentUrl\":\"https:\/\/fundacjajoannyradziwill.pl\/wp-content\/uploads\/2023\/05\/logo_poziom_czerwony-01-1.svg\",\"width\":473,\"height\":151,\"caption\":\"Fundacja Joanny Radziwi\u0142\u0142\"},\"image\":{\"@id\":\"https:\/\/fundacjajoannyradziwill.pl\/en\/#\/schema\/logo\/image\/\"},\"sameAs\":[\"https:\/\/www.facebook.com\/fundacjaopiekunczeskrzydla\"]},{\"@type\":\"Person\",\"@id\":\"https:\/\/fundacjajoannyradziwill.pl\/en\/#\/schema\/person\/67655878de25b7d9b23009130b50a54e\",\"name\":\"Kasia Muszy\u0144ska\",\"image\":{\"@type\":\"ImageObject\",\"inLanguage\":\"en-US\",\"@id\":\"https:\/\/fundacjajoannyradziwill.pl\/en\/#\/schema\/person\/image\/\",\"url\":\"https:\/\/secure.gravatar.com\/avatar\/8975100ac14032f1e403e6bb076af9a1a416ef8efd01bb9e594a41091be0204e?s=96&d=mm&r=g\",\"contentUrl\":\"https:\/\/secure.gravatar.com\/avatar\/8975100ac14032f1e403e6bb076af9a1a416ef8efd01bb9e594a41091be0204e?s=96&d=mm&r=g\",\"caption\":\"Kasia Muszy\u0144ska\"},\"url\":\"https:\/\/fundacjajoannyradziwill.pl\/en\/author\/kasia\/\"}]}<\/script>\n<!-- \/ Yoast SEO plugin. -->","yoast_head_json":{"title":"Anti-Depression Day - Fundacja Joanny Radziwi\u0142\u0142","robots":{"index":"index","follow":"follow","max-snippet":"max-snippet:-1","max-image-preview":"max-image-preview:large","max-video-preview":"max-video-preview:-1"},"canonical":"https:\/\/fundacjajoannyradziwill.pl\/en\/anti-depression-day\/","og_locale":"en_US","og_type":"article","og_title":"Anti-Depression Day - Fundacja Joanny Radziwi\u0142\u0142","og_description":"February 23 is the International Day Against Depression established by the World Health Organization (WHO) as one of the most serious disease entities in the world. We prefer to talk about the Day to support people with depression or the Day to talk about depression in general. At the Foundation House In our Foundation we also work every day with people who are affected by this disease. Children, adolescents their parents. All of them need the specialized support of a psychotherapist and not rarely pharmacology. As a team of educators and psychologists, but above all as a team of sensitive people, we know and see how severe this disease is. The most needy children , young people or\/and their parents, with your help, we provide them with regular psychological support. You can help at any time by donating : https:\/\/fundacjajoannyradziwill.pl\/wplac Education It is important for us to speak out about depression to educate, so below is a video prepared by WHO, aptly describing the life of a person suffering from depression. We know that each and every one of us knows at least 3 people suffering from depression, and we know many more people who do not tell us about this depression. Therefore, let&#8217;s be tender and affectionate to each other. Let&#8217;s not judge, let&#8217;s not advise. Let&#8217;s support each other and accept each other. How to speak to a person suffering from depression? Many guides and graphics have been created that teach how to speak to a person suffering from depression and what not to say. We are eager to use the available educational materials. Read them and pass them on. We believe that by educating each other we can develop social sensitivity. Want to learn more? We recommend: http:\/\/sposobynadepresje.pl\/chory-i-bliscy\/","og_url":"https:\/\/fundacjajoannyradziwill.pl\/en\/anti-depression-day\/","og_site_name":"Fundacja Joanny Radziwi\u0142\u0142","article_publisher":"https:\/\/www.facebook.com\/fundacjaopiekunczeskrzydla","article_published_time":"2021-02-23T10:01:48+00:00","article_modified_time":"2025-04-29T13:48:26+00:00","og_image":[{"width":960,"height":720,"url":"https:\/\/fundacjajoannyradziwill.pl\/wp-content\/uploads\/2020\/08\/117768137_2807912669444106_1320885281957004166_n.jpg","type":"image\/jpeg"}],"author":"Kasia Muszy\u0144ska","twitter_card":"summary_large_image","twitter_misc":{"Written by":"Kasia Muszy\u0144ska","Est. reading time":"2 minutes"},"schema":{"@context":"https:\/\/schema.org","@graph":[{"@type":"Article","@id":"https:\/\/fundacjajoannyradziwill.pl\/en\/anti-depression-day\/#article","isPartOf":{"@id":"https:\/\/fundacjajoannyradziwill.pl\/en\/anti-depression-day\/"},"author":{"name":"Kasia Muszy\u0144ska","@id":"https:\/\/fundacjajoannyradziwill.pl\/en\/#\/schema\/person\/67655878de25b7d9b23009130b50a54e"},"headline":"Anti-Depression Day","datePublished":"2021-02-23T10:01:48+00:00","dateModified":"2025-04-29T13:48:26+00:00","mainEntityOfPage":{"@id":"https:\/\/fundacjajoannyradziwill.pl\/en\/anti-depression-day\/"},"wordCount":303,"publisher":{"@id":"https:\/\/fundacjajoannyradziwill.pl\/en\/#organization"},"image":{"@id":"https:\/\/fundacjajoannyradziwill.pl\/en\/anti-depression-day\/#primaryimage"},"thumbnailUrl":"https:\/\/fundacjajoannyradziwill.pl\/wp-content\/uploads\/2020\/08\/117768137_2807912669444106_1320885281957004166_n.jpg","articleSection":["News"],"inLanguage":"en-US"},{"@type":"WebPage","@id":"https:\/\/fundacjajoannyradziwill.pl\/en\/anti-depression-day\/","url":"https:\/\/fundacjajoannyradziwill.pl\/en\/anti-depression-day\/","name":"Anti-Depression Day - Fundacja Joanny Radziwi\u0142\u0142","isPartOf":{"@id":"https:\/\/fundacjajoannyradziwill.pl\/en\/#website"},"primaryImageOfPage":{"@id":"https:\/\/fundacjajoannyradziwill.pl\/en\/anti-depression-day\/#primaryimage"},"image":{"@id":"https:\/\/fundacjajoannyradziwill.pl\/en\/anti-depression-day\/#primaryimage"},"thumbnailUrl":"https:\/\/fundacjajoannyradziwill.pl\/wp-content\/uploads\/2020\/08\/117768137_2807912669444106_1320885281957004166_n.jpg","datePublished":"2021-02-23T10:01:48+00:00","dateModified":"2025-04-29T13:48:26+00:00","inLanguage":"en-US","potentialAction":[{"@type":"ReadAction","target":["https:\/\/fundacjajoannyradziwill.pl\/en\/anti-depression-day\/"]}]},{"@type":"ImageObject","inLanguage":"en-US","@id":"https:\/\/fundacjajoannyradziwill.pl\/en\/anti-depression-day\/#primaryimage","url":"https:\/\/fundacjajoannyradziwill.pl\/wp-content\/uploads\/2020\/08\/117768137_2807912669444106_1320885281957004166_n.jpg","contentUrl":"https:\/\/fundacjajoannyradziwill.pl\/wp-content\/uploads\/2020\/08\/117768137_2807912669444106_1320885281957004166_n.jpg","width":960,"height":720},{"@type":"WebSite","@id":"https:\/\/fundacjajoannyradziwill.pl\/en\/#website","url":"https:\/\/fundacjajoannyradziwill.pl\/en\/","name":"Fundacja Joanny Radziwi\u0142\u0142","description":"Opieku\u0144cze Skrzyd\u0142a","publisher":{"@id":"https:\/\/fundacjajoannyradziwill.pl\/en\/#organization"},"potentialAction":[{"@type":"SearchAction","target":{"@type":"EntryPoint","urlTemplate":"https:\/\/fundacjajoannyradziwill.pl\/en\/?s={search_term_string}"},"query-input":{"@type":"PropertyValueSpecification","valueRequired":true,"valueName":"search_term_string"}}],"inLanguage":"en-US"},{"@type":"Organization","@id":"https:\/\/fundacjajoannyradziwill.pl\/en\/#organization","name":"Fundacja Joanny Radziwi\u0142\u0142","url":"https:\/\/fundacjajoannyradziwill.pl\/en\/","logo":{"@type":"ImageObject","inLanguage":"en-US","@id":"https:\/\/fundacjajoannyradziwill.pl\/en\/#\/schema\/logo\/image\/","url":"https:\/\/fundacjajoannyradziwill.pl\/wp-content\/uploads\/2023\/05\/logo_poziom_czerwony-01-1.svg","contentUrl":"https:\/\/fundacjajoannyradziwill.pl\/wp-content\/uploads\/2023\/05\/logo_poziom_czerwony-01-1.svg","width":473,"height":151,"caption":"Fundacja Joanny Radziwi\u0142\u0142"},"image":{"@id":"https:\/\/fundacjajoannyradziwill.pl\/en\/#\/schema\/logo\/image\/"},"sameAs":["https:\/\/www.facebook.com\/fundacjaopiekunczeskrzydla"]},{"@type":"Person","@id":"https:\/\/fundacjajoannyradziwill.pl\/en\/#\/schema\/person\/67655878de25b7d9b23009130b50a54e","name":"Kasia Muszy\u0144ska","image":{"@type":"ImageObject","inLanguage":"en-US","@id":"https:\/\/fundacjajoannyradziwill.pl\/en\/#\/schema\/person\/image\/","url":"https:\/\/secure.gravatar.com\/avatar\/8975100ac14032f1e403e6bb076af9a1a416ef8efd01bb9e594a41091be0204e?s=96&d=mm&r=g","contentUrl":"https:\/\/secure.gravatar.com\/avatar\/8975100ac14032f1e403e6bb076af9a1a416ef8efd01bb9e594a41091be0204e?s=96&d=mm&r=g","caption":"Kasia Muszy\u0144ska"},"url":"https:\/\/fundacjajoannyradziwill.pl\/en\/author\/kasia\/"}]}},"_links":{"self":[{"href":"https:\/\/fundacjajoannyradziwill.pl\/en\/wp-json\/wp\/v2\/posts\/13763","targetHints":{"allow":["GET"]}}],"collection":[{"href":"https:\/\/fundacjajoannyradziwill.pl\/en\/wp-json\/wp\/v2\/posts"}],"about":[{"href":"https:\/\/fundacjajoannyradziwill.pl\/en\/wp-json\/wp\/v2\/types\/post"}],"author":[{"embeddable":true,"href":"https:\/\/fundacjajoannyradziwill.pl\/en\/wp-json\/wp\/v2\/users\/24783"}],"replies":[{"embeddable":true,"href":"https:\/\/fundacjajoannyradziwill.pl\/en\/wp-json\/wp\/v2\/comments?post=13763"}],"version-history":[{"count":1,"href":"https:\/\/fundacjajoannyradziwill.pl\/en\/wp-json\/wp\/v2\/posts\/13763\/revisions"}],"predecessor-version":[{"id":13764,"href":"https:\/\/fundacjajoannyradziwill.pl\/en\/wp-json\/wp\/v2\/posts\/13763\/revisions\/13764"}],"wp:featuredmedia":[{"embeddable":true,"href":"https:\/\/fundacjajoannyradziwill.pl\/en\/wp-json\/wp\/v2\/media\/12655"}],"wp:attachment":[{"href":"https:\/\/fundacjajoannyradziwill.pl\/en\/wp-json\/wp\/v2\/media?parent=13763"}],"wp:term":[{"taxonomy":"category","embeddable":true,"href":"https:\/\/fundacjajoannyradziwill.pl\/en\/wp-json\/wp\/v2\/categories?post=13763"},{"taxonomy":"post_tag","embeddable":true,"href":"https:\/\/fundacjajoannyradziwill.pl\/en\/wp-json\/wp\/v2\/tags?post=13763"}],"curies":[{"name":"wp","href":"https:\/\/api.w.org\/{rel}","templated":true}]}}