{"id":13769,"date":"2021-01-28T18:36:29","date_gmt":"2021-01-28T17:36:29","guid":{"rendered":"https:\/\/fundacjajoannyradziwill.pl\/the-children-have-no-one-donate-1-tax\/"},"modified":"2025-04-29T15:49:41","modified_gmt":"2025-04-29T13:49:41","slug":"the-children-have-no-one-donate-1-tax","status":"publish","type":"post","link":"https:\/\/fundacjajoannyradziwill.pl\/en\/the-children-have-no-one-donate-1-tax\/","title":{"rendered":"The children have no one. Donate 1% tax"},"content":{"rendered":"\n<h4 class=\"wp-block-heading\">During the pandemic period, violence and sexual abuse against children increased in Poland. Now children need much more support than usual.   <\/h4>\n\n<p>We talk to the children in our charge every day. We know what they need, what difficulties they face at home, we know what they run away from and what they dream about. <\/p>\n\n<h4 class=\"wp-block-heading\">&#8220;1 child out of 11 admitted that <strong>there is no one<\/strong>&#8220;.<\/h4>\n\n<p>The statistics of violence in recent months are alarming! A November 2020 study by the Giving Children Strength Foundation indicates that during the pandemic between mid-March and the end of June 2020, as many as one in ten (11%) children experienced violence from a close adult! 1 child in 11 admitted that <strong><span style=\"text-decoration: underline;\">there is no one,<\/span><\/strong> who could offer him support in a difficult situation. The pandemic period has hit the youngest residents of Warsaw&#8217;s Praga district particularly hard. They are the most vulnerable to loneliness, violence and lack of access to remote education.      <br\/><br\/>* Research from the Giving Children Strength Foundation available at <a href=\"https:\/\/pandemiaprzemocy.fdds.pl\" target=\"_blank\" rel=\"noreferrer noopener\">https:\/\/pandemiaprzemocy.fdds.pl<\/a>.<\/p>\n\n<h4 class=\"wp-block-heading\">We are for them and we are with them.<strong> <\/strong><\/h4>\n\n<p>Our Foundation&#8217;s house is open, and every day we wait for nearly 30 lonely children aged 6 to 19. We talk to them, support them in their studies, provide support from educators and psychologists, and feed them. We need your support like never before. We know that there are more such children. That&#8217;s why we also reach out with help to children from Grodzisk Mazowiecki and a village near Lublin.      <\/p>\n\n<h4 class=\"wp-block-heading\">Your 1% is Home for a whole year!<\/h4>\n\n<p>We ask you to think twice this year about supporting a child from Warsaw&#8217;s Praga district. A child who, thanks to you, has a chance to change his life.   <\/p>\n\n<h3 class=\"wp-block-heading\">Settle 1% KRS 0000 630706 &#8211; enter this number in your tax return or<\/h3>\n\n<div class=\"wp-block-media-text alignwide is-stacked-on-mobile\"><figure class=\"wp-block-media-text__media\"><img decoding=\"async\" src=\"https:\/\/fundacjajoannyradziwill.pl\/wp-content\/uploads\/2020\/02\/logo_1_procent-01.svg\" alt=\"Official logo of the 1% action for all PBOs\" class=\"wp-image-6360\"\/><\/figure><div class=\"wp-block-media-text__content\">\n<p class=\"has-large-font-size\">settle your PIT with us, free and online. Click : <a href=\"https:\/\/tiny.pl\/rjhqf\" target=\"_blank\" rel=\"noreferrer noopener\"><em>https:\/\/tiny.pl\/rjhqf<\/em><\/a> <\/p>\n<\/div><\/div>\n","protected":false},"excerpt":{"rendered":"<p>During the pandemic period, violence and sexual abuse against children increased in Poland. Now children need much more support than usual. We talk to the children in our charge every day. We know what they need, what difficulties they face at home, we know what they run away from and what they dream about. &#8220;1 child out of 11 admitted that there is no one&#8220;. The statistics of violence in recent months are alarming! A November 2020 study by the Giving Children Strength Foundation indicates that during the pandemic between mid-March and the end of June 2020, as many as one in ten (11%) children experienced violence from a close adult! 1 child in 11 admitted that there is no one, who could offer him support in a difficult situation. The pandemic period has hit the youngest residents of Warsaw&#8217;s Praga district particularly hard. They are the most vulnerable to loneliness, violence and lack of access to remote education. * Research from the Giving Children Strength Foundation available at https:\/\/pandemiaprzemocy.fdds.pl. We are for them and we are with them. Our Foundation&#8217;s house is open, and every day we wait for nearly 30 lonely children aged 6 to 19. We talk to them, support them in their studies, provide support from educators and psychologists, and feed them. We need your support like never before. We know that there are more such children. That&#8217;s why we also reach out with help to children from Grodzisk Mazowiecki and a village near Lublin. Your 1% is Home for a whole year! We ask you to think twice this year about supporting a child from Warsaw&#8217;s Praga district. A child who, thanks to you, has a chance to change his life. Settle 1% KRS 0000 630706 &#8211; enter this number in your tax return or settle your PIT with us, free and online. Click : https:\/\/tiny.pl\/rjhqf<\/p>\n","protected":false},"author":24783,"featured_media":12520,"comment_status":"closed","ping_status":"closed","sticky":false,"template":"","format":"standard","meta":{"_acf_changed":false,"inline_featured_image":false,"_monsterinsights_skip_tracking":false,"_monsterinsights_sitenote_active":false,"_monsterinsights_sitenote_note":"","_monsterinsights_sitenote_category":0,"ocean_post_layout":"","ocean_both_sidebars_style":"","ocean_both_sidebars_content_width":0,"ocean_both_sidebars_sidebars_width":0,"ocean_sidebar":"0","ocean_second_sidebar":"0","ocean_disable_margins":"enable","ocean_add_body_class":"","ocean_shortcode_before_top_bar":"","ocean_shortcode_after_top_bar":"","ocean_shortcode_before_header":"","ocean_shortcode_after_header":"","ocean_has_shortcode":"","ocean_shortcode_after_title":"","ocean_shortcode_before_footer_widgets":"","ocean_shortcode_after_footer_widgets":"","ocean_shortcode_before_footer_bottom":"","ocean_shortcode_after_footer_bottom":"","ocean_display_top_bar":"default","ocean_display_header":"default","ocean_header_style":"","ocean_center_header_left_menu":"0","ocean_custom_header_template":"0","ocean_custom_logo":0,"ocean_custom_retina_logo":0,"ocean_custom_logo_max_width":0,"ocean_custom_logo_tablet_max_width":0,"ocean_custom_logo_mobile_max_width":0,"ocean_custom_logo_max_height":0,"ocean_custom_logo_tablet_max_height":0,"ocean_custom_logo_mobile_max_height":0,"ocean_header_custom_menu":"0","ocean_menu_typo_font_family":"0","ocean_menu_typo_font_subset":"","ocean_menu_typo_font_size":0,"ocean_menu_typo_font_size_tablet":0,"ocean_menu_typo_font_size_mobile":0,"ocean_menu_typo_font_size_unit":"px","ocean_menu_typo_font_weight":"","ocean_menu_typo_font_weight_tablet":"","ocean_menu_typo_font_weight_mobile":"","ocean_menu_typo_transform":"","ocean_menu_typo_transform_tablet":"","ocean_menu_typo_transform_mobile":"","ocean_menu_typo_line_height":0,"ocean_menu_typo_line_height_tablet":0,"ocean_menu_typo_line_height_mobile":0,"ocean_menu_typo_line_height_unit":"","ocean_menu_typo_spacing":0,"ocean_menu_typo_spacing_tablet":0,"ocean_menu_typo_spacing_mobile":0,"ocean_menu_typo_spacing_unit":"","ocean_menu_link_color":"","ocean_menu_link_color_hover":"","ocean_menu_link_color_active":"","ocean_menu_link_background":"","ocean_menu_link_hover_background":"","ocean_menu_link_active_background":"","ocean_menu_social_links_bg":"","ocean_menu_social_hover_links_bg":"","ocean_menu_social_links_color":"","ocean_menu_social_hover_links_color":"","ocean_disable_title":"default","ocean_disable_heading":"default","ocean_post_title":"","ocean_post_subheading":"","ocean_post_title_style":"","ocean_post_title_background_color":"","ocean_post_title_background":0,"ocean_post_title_bg_image_position":"","ocean_post_title_bg_image_attachment":"","ocean_post_title_bg_image_repeat":"","ocean_post_title_bg_image_size":"","ocean_post_title_height":0,"ocean_post_title_bg_overlay":0.5,"ocean_post_title_bg_overlay_color":"","ocean_disable_breadcrumbs":"default","ocean_breadcrumbs_color":"","ocean_breadcrumbs_separator_color":"","ocean_breadcrumbs_links_color":"","ocean_breadcrumbs_links_hover_color":"","ocean_display_footer_widgets":"default","ocean_display_footer_bottom":"default","ocean_custom_footer_template":"0","ocean_post_oembed":"","ocean_post_self_hosted_media":"","ocean_post_video_embed":"","ocean_link_format":"","ocean_link_format_target":"self","ocean_quote_format":"","ocean_quote_format_link":"post","ocean_gallery_link_images":"on","ocean_gallery_id":[],"footnotes":"","_links_to":"","_links_to_target":""},"categories":[290],"tags":[],"class_list":["post-13769","post","type-post","status-publish","format-standard","has-post-thumbnail","hentry","category-news-en","entry","has-media"],"acf":[],"yoast_head":"<!-- This site is optimized with the Yoast SEO plugin v26.3 - https:\/\/yoast.com\/wordpress\/plugins\/seo\/ -->\n<title>The children have no one. Donate 1% tax - Fundacja Joanny Radziwi\u0142\u0142<\/title>\n<meta name=\"robots\" content=\"index, follow, max-snippet:-1, max-image-preview:large, max-video-preview:-1\" \/>\n<link rel=\"canonical\" href=\"https:\/\/fundacjajoannyradziwill.pl\/en\/the-children-have-no-one-donate-1-tax\/\" \/>\n<meta property=\"og:locale\" content=\"en_US\" \/>\n<meta property=\"og:type\" content=\"article\" \/>\n<meta property=\"og:title\" content=\"The children have no one. Donate 1% tax - Fundacja Joanny Radziwi\u0142\u0142\" \/>\n<meta property=\"og:description\" content=\"During the pandemic period, violence and sexual abuse against children increased in Poland. Now children need much more support than usual. We talk to the children in our charge every day. We know what they need, what difficulties they face at home, we know what they run away from and what they dream about. &#8220;1 child out of 11 admitted that there is no one&#8220;. The statistics of violence in recent months are alarming! A November 2020 study by the Giving Children Strength Foundation indicates that during the pandemic between mid-March and the end of June 2020, as many as one in ten (11%) children experienced violence from a close adult! 1 child in 11 admitted that there is no one, who could offer him support in a difficult situation. The pandemic period has hit the youngest residents of Warsaw&#8217;s Praga district particularly hard. They are the most vulnerable to loneliness, violence and lack of access to remote education. * Research from the Giving Children Strength Foundation available at https:\/\/pandemiaprzemocy.fdds.pl. We are for them and we are with them. Our Foundation&#8217;s house is open, and every day we wait for nearly 30 lonely children aged 6 to 19. We talk to them, support them in their studies, provide support from educators and psychologists, and feed them. We need your support like never before. We know that there are more such children. That&#8217;s why we also reach out with help to children from Grodzisk Mazowiecki and a village near Lublin. Your 1% is Home for a whole year! We ask you to think twice this year about supporting a child from Warsaw&#8217;s Praga district. A child who, thanks to you, has a chance to change his life. Settle 1% KRS 0000 630706 &#8211; enter this number in your tax return or settle your PIT with us, free and online. Click : https:\/\/tiny.pl\/rjhqf\" \/>\n<meta property=\"og:url\" content=\"https:\/\/fundacjajoannyradziwill.pl\/en\/the-children-have-no-one-donate-1-tax\/\" \/>\n<meta property=\"og:site_name\" content=\"Fundacja Joanny Radziwi\u0142\u0142\" \/>\n<meta property=\"article:publisher\" content=\"https:\/\/www.facebook.com\/fundacjaopiekunczeskrzydla\" \/>\n<meta property=\"article:published_time\" content=\"2021-01-28T17:36:29+00:00\" \/>\n<meta property=\"article:modified_time\" content=\"2025-04-29T13:49:41+00:00\" \/>\n<meta property=\"og:image\" content=\"https:\/\/fundacjajoannyradziwill.pl\/wp-content\/uploads\/2020\/01\/post_fb_nastolatka2.jpg\" \/>\n\t<meta property=\"og:image:width\" content=\"1200\" \/>\n\t<meta property=\"og:image:height\" content=\"1200\" \/>\n\t<meta property=\"og:image:type\" content=\"image\/jpeg\" \/>\n<meta name=\"author\" content=\"Kasia Muszy\u0144ska\" \/>\n<meta name=\"twitter:card\" content=\"summary_large_image\" \/>\n<meta name=\"twitter:label1\" content=\"Written by\" \/>\n\t<meta name=\"twitter:data1\" content=\"Kasia Muszy\u0144ska\" \/>\n\t<meta name=\"twitter:label2\" content=\"Est. reading time\" \/>\n\t<meta name=\"twitter:data2\" content=\"2 minutes\" \/>\n<script type=\"application\/ld+json\" class=\"yoast-schema-graph\">{\"@context\":\"https:\/\/schema.org\",\"@graph\":[{\"@type\":\"Article\",\"@id\":\"https:\/\/fundacjajoannyradziwill.pl\/en\/the-children-have-no-one-donate-1-tax\/#article\",\"isPartOf\":{\"@id\":\"https:\/\/fundacjajoannyradziwill.pl\/en\/the-children-have-no-one-donate-1-tax\/\"},\"author\":{\"name\":\"Kasia Muszy\u0144ska\",\"@id\":\"https:\/\/fundacjajoannyradziwill.pl\/en\/#\/schema\/person\/67655878de25b7d9b23009130b50a54e\"},\"headline\":\"The children have no one. Donate 1% tax\",\"datePublished\":\"2021-01-28T17:36:29+00:00\",\"dateModified\":\"2025-04-29T13:49:41+00:00\",\"mainEntityOfPage\":{\"@id\":\"https:\/\/fundacjajoannyradziwill.pl\/en\/the-children-have-no-one-donate-1-tax\/\"},\"wordCount\":308,\"publisher\":{\"@id\":\"https:\/\/fundacjajoannyradziwill.pl\/en\/#organization\"},\"image\":{\"@id\":\"https:\/\/fundacjajoannyradziwill.pl\/en\/the-children-have-no-one-donate-1-tax\/#primaryimage\"},\"thumbnailUrl\":\"https:\/\/fundacjajoannyradziwill.pl\/wp-content\/uploads\/2020\/01\/post_fb_nastolatka2.jpg\",\"articleSection\":[\"News\"],\"inLanguage\":\"en-US\"},{\"@type\":\"WebPage\",\"@id\":\"https:\/\/fundacjajoannyradziwill.pl\/en\/the-children-have-no-one-donate-1-tax\/\",\"url\":\"https:\/\/fundacjajoannyradziwill.pl\/en\/the-children-have-no-one-donate-1-tax\/\",\"name\":\"The children have no one. Donate 1% tax - Fundacja Joanny Radziwi\u0142\u0142\",\"isPartOf\":{\"@id\":\"https:\/\/fundacjajoannyradziwill.pl\/en\/#website\"},\"primaryImageOfPage\":{\"@id\":\"https:\/\/fundacjajoannyradziwill.pl\/en\/the-children-have-no-one-donate-1-tax\/#primaryimage\"},\"image\":{\"@id\":\"https:\/\/fundacjajoannyradziwill.pl\/en\/the-children-have-no-one-donate-1-tax\/#primaryimage\"},\"thumbnailUrl\":\"https:\/\/fundacjajoannyradziwill.pl\/wp-content\/uploads\/2020\/01\/post_fb_nastolatka2.jpg\",\"datePublished\":\"2021-01-28T17:36:29+00:00\",\"dateModified\":\"2025-04-29T13:49:41+00:00\",\"inLanguage\":\"en-US\",\"potentialAction\":[{\"@type\":\"ReadAction\",\"target\":[\"https:\/\/fundacjajoannyradziwill.pl\/en\/the-children-have-no-one-donate-1-tax\/\"]}]},{\"@type\":\"ImageObject\",\"inLanguage\":\"en-US\",\"@id\":\"https:\/\/fundacjajoannyradziwill.pl\/en\/the-children-have-no-one-donate-1-tax\/#primaryimage\",\"url\":\"https:\/\/fundacjajoannyradziwill.pl\/wp-content\/uploads\/2020\/01\/post_fb_nastolatka2.jpg\",\"contentUrl\":\"https:\/\/fundacjajoannyradziwill.pl\/wp-content\/uploads\/2020\/01\/post_fb_nastolatka2.jpg\",\"width\":1200,\"height\":1200},{\"@type\":\"WebSite\",\"@id\":\"https:\/\/fundacjajoannyradziwill.pl\/en\/#website\",\"url\":\"https:\/\/fundacjajoannyradziwill.pl\/en\/\",\"name\":\"Fundacja Joanny Radziwi\u0142\u0142\",\"description\":\"Opieku\u0144cze Skrzyd\u0142a\",\"publisher\":{\"@id\":\"https:\/\/fundacjajoannyradziwill.pl\/en\/#organization\"},\"potentialAction\":[{\"@type\":\"SearchAction\",\"target\":{\"@type\":\"EntryPoint\",\"urlTemplate\":\"https:\/\/fundacjajoannyradziwill.pl\/en\/?s={search_term_string}\"},\"query-input\":{\"@type\":\"PropertyValueSpecification\",\"valueRequired\":true,\"valueName\":\"search_term_string\"}}],\"inLanguage\":\"en-US\"},{\"@type\":\"Organization\",\"@id\":\"https:\/\/fundacjajoannyradziwill.pl\/en\/#organization\",\"name\":\"Fundacja Joanny Radziwi\u0142\u0142\",\"url\":\"https:\/\/fundacjajoannyradziwill.pl\/en\/\",\"logo\":{\"@type\":\"ImageObject\",\"inLanguage\":\"en-US\",\"@id\":\"https:\/\/fundacjajoannyradziwill.pl\/en\/#\/schema\/logo\/image\/\",\"url\":\"https:\/\/fundacjajoannyradziwill.pl\/wp-content\/uploads\/2023\/05\/logo_poziom_czerwony-01-1.svg\",\"contentUrl\":\"https:\/\/fundacjajoannyradziwill.pl\/wp-content\/uploads\/2023\/05\/logo_poziom_czerwony-01-1.svg\",\"width\":473,\"height\":151,\"caption\":\"Fundacja Joanny Radziwi\u0142\u0142\"},\"image\":{\"@id\":\"https:\/\/fundacjajoannyradziwill.pl\/en\/#\/schema\/logo\/image\/\"},\"sameAs\":[\"https:\/\/www.facebook.com\/fundacjaopiekunczeskrzydla\"]},{\"@type\":\"Person\",\"@id\":\"https:\/\/fundacjajoannyradziwill.pl\/en\/#\/schema\/person\/67655878de25b7d9b23009130b50a54e\",\"name\":\"Kasia Muszy\u0144ska\",\"image\":{\"@type\":\"ImageObject\",\"inLanguage\":\"en-US\",\"@id\":\"https:\/\/fundacjajoannyradziwill.pl\/en\/#\/schema\/person\/image\/\",\"url\":\"https:\/\/secure.gravatar.com\/avatar\/8975100ac14032f1e403e6bb076af9a1a416ef8efd01bb9e594a41091be0204e?s=96&d=mm&r=g\",\"contentUrl\":\"https:\/\/secure.gravatar.com\/avatar\/8975100ac14032f1e403e6bb076af9a1a416ef8efd01bb9e594a41091be0204e?s=96&d=mm&r=g\",\"caption\":\"Kasia Muszy\u0144ska\"},\"url\":\"https:\/\/fundacjajoannyradziwill.pl\/en\/author\/kasia\/\"}]}<\/script>\n<!-- \/ Yoast SEO plugin. -->","yoast_head_json":{"title":"The children have no one. Donate 1% tax - Fundacja Joanny Radziwi\u0142\u0142","robots":{"index":"index","follow":"follow","max-snippet":"max-snippet:-1","max-image-preview":"max-image-preview:large","max-video-preview":"max-video-preview:-1"},"canonical":"https:\/\/fundacjajoannyradziwill.pl\/en\/the-children-have-no-one-donate-1-tax\/","og_locale":"en_US","og_type":"article","og_title":"The children have no one. Donate 1% tax - Fundacja Joanny Radziwi\u0142\u0142","og_description":"During the pandemic period, violence and sexual abuse against children increased in Poland. Now children need much more support than usual. We talk to the children in our charge every day. We know what they need, what difficulties they face at home, we know what they run away from and what they dream about. &#8220;1 child out of 11 admitted that there is no one&#8220;. The statistics of violence in recent months are alarming! A November 2020 study by the Giving Children Strength Foundation indicates that during the pandemic between mid-March and the end of June 2020, as many as one in ten (11%) children experienced violence from a close adult! 1 child in 11 admitted that there is no one, who could offer him support in a difficult situation. The pandemic period has hit the youngest residents of Warsaw&#8217;s Praga district particularly hard. They are the most vulnerable to loneliness, violence and lack of access to remote education. * Research from the Giving Children Strength Foundation available at https:\/\/pandemiaprzemocy.fdds.pl. We are for them and we are with them. Our Foundation&#8217;s house is open, and every day we wait for nearly 30 lonely children aged 6 to 19. We talk to them, support them in their studies, provide support from educators and psychologists, and feed them. We need your support like never before. We know that there are more such children. That&#8217;s why we also reach out with help to children from Grodzisk Mazowiecki and a village near Lublin. Your 1% is Home for a whole year! We ask you to think twice this year about supporting a child from Warsaw&#8217;s Praga district. A child who, thanks to you, has a chance to change his life. Settle 1% KRS 0000 630706 &#8211; enter this number in your tax return or settle your PIT with us, free and online. Click : https:\/\/tiny.pl\/rjhqf","og_url":"https:\/\/fundacjajoannyradziwill.pl\/en\/the-children-have-no-one-donate-1-tax\/","og_site_name":"Fundacja Joanny Radziwi\u0142\u0142","article_publisher":"https:\/\/www.facebook.com\/fundacjaopiekunczeskrzydla","article_published_time":"2021-01-28T17:36:29+00:00","article_modified_time":"2025-04-29T13:49:41+00:00","og_image":[{"width":1200,"height":1200,"url":"https:\/\/fundacjajoannyradziwill.pl\/wp-content\/uploads\/2020\/01\/post_fb_nastolatka2.jpg","type":"image\/jpeg"}],"author":"Kasia Muszy\u0144ska","twitter_card":"summary_large_image","twitter_misc":{"Written by":"Kasia Muszy\u0144ska","Est. reading time":"2 minutes"},"schema":{"@context":"https:\/\/schema.org","@graph":[{"@type":"Article","@id":"https:\/\/fundacjajoannyradziwill.pl\/en\/the-children-have-no-one-donate-1-tax\/#article","isPartOf":{"@id":"https:\/\/fundacjajoannyradziwill.pl\/en\/the-children-have-no-one-donate-1-tax\/"},"author":{"name":"Kasia Muszy\u0144ska","@id":"https:\/\/fundacjajoannyradziwill.pl\/en\/#\/schema\/person\/67655878de25b7d9b23009130b50a54e"},"headline":"The children have no one. Donate 1% tax","datePublished":"2021-01-28T17:36:29+00:00","dateModified":"2025-04-29T13:49:41+00:00","mainEntityOfPage":{"@id":"https:\/\/fundacjajoannyradziwill.pl\/en\/the-children-have-no-one-donate-1-tax\/"},"wordCount":308,"publisher":{"@id":"https:\/\/fundacjajoannyradziwill.pl\/en\/#organization"},"image":{"@id":"https:\/\/fundacjajoannyradziwill.pl\/en\/the-children-have-no-one-donate-1-tax\/#primaryimage"},"thumbnailUrl":"https:\/\/fundacjajoannyradziwill.pl\/wp-content\/uploads\/2020\/01\/post_fb_nastolatka2.jpg","articleSection":["News"],"inLanguage":"en-US"},{"@type":"WebPage","@id":"https:\/\/fundacjajoannyradziwill.pl\/en\/the-children-have-no-one-donate-1-tax\/","url":"https:\/\/fundacjajoannyradziwill.pl\/en\/the-children-have-no-one-donate-1-tax\/","name":"The children have no one. Donate 1% tax - Fundacja Joanny Radziwi\u0142\u0142","isPartOf":{"@id":"https:\/\/fundacjajoannyradziwill.pl\/en\/#website"},"primaryImageOfPage":{"@id":"https:\/\/fundacjajoannyradziwill.pl\/en\/the-children-have-no-one-donate-1-tax\/#primaryimage"},"image":{"@id":"https:\/\/fundacjajoannyradziwill.pl\/en\/the-children-have-no-one-donate-1-tax\/#primaryimage"},"thumbnailUrl":"https:\/\/fundacjajoannyradziwill.pl\/wp-content\/uploads\/2020\/01\/post_fb_nastolatka2.jpg","datePublished":"2021-01-28T17:36:29+00:00","dateModified":"2025-04-29T13:49:41+00:00","inLanguage":"en-US","potentialAction":[{"@type":"ReadAction","target":["https:\/\/fundacjajoannyradziwill.pl\/en\/the-children-have-no-one-donate-1-tax\/"]}]},{"@type":"ImageObject","inLanguage":"en-US","@id":"https:\/\/fundacjajoannyradziwill.pl\/en\/the-children-have-no-one-donate-1-tax\/#primaryimage","url":"https:\/\/fundacjajoannyradziwill.pl\/wp-content\/uploads\/2020\/01\/post_fb_nastolatka2.jpg","contentUrl":"https:\/\/fundacjajoannyradziwill.pl\/wp-content\/uploads\/2020\/01\/post_fb_nastolatka2.jpg","width":1200,"height":1200},{"@type":"WebSite","@id":"https:\/\/fundacjajoannyradziwill.pl\/en\/#website","url":"https:\/\/fundacjajoannyradziwill.pl\/en\/","name":"Fundacja Joanny Radziwi\u0142\u0142","description":"Opieku\u0144cze Skrzyd\u0142a","publisher":{"@id":"https:\/\/fundacjajoannyradziwill.pl\/en\/#organization"},"potentialAction":[{"@type":"SearchAction","target":{"@type":"EntryPoint","urlTemplate":"https:\/\/fundacjajoannyradziwill.pl\/en\/?s={search_term_string}"},"query-input":{"@type":"PropertyValueSpecification","valueRequired":true,"valueName":"search_term_string"}}],"inLanguage":"en-US"},{"@type":"Organization","@id":"https:\/\/fundacjajoannyradziwill.pl\/en\/#organization","name":"Fundacja Joanny Radziwi\u0142\u0142","url":"https:\/\/fundacjajoannyradziwill.pl\/en\/","logo":{"@type":"ImageObject","inLanguage":"en-US","@id":"https:\/\/fundacjajoannyradziwill.pl\/en\/#\/schema\/logo\/image\/","url":"https:\/\/fundacjajoannyradziwill.pl\/wp-content\/uploads\/2023\/05\/logo_poziom_czerwony-01-1.svg","contentUrl":"https:\/\/fundacjajoannyradziwill.pl\/wp-content\/uploads\/2023\/05\/logo_poziom_czerwony-01-1.svg","width":473,"height":151,"caption":"Fundacja Joanny Radziwi\u0142\u0142"},"image":{"@id":"https:\/\/fundacjajoannyradziwill.pl\/en\/#\/schema\/logo\/image\/"},"sameAs":["https:\/\/www.facebook.com\/fundacjaopiekunczeskrzydla"]},{"@type":"Person","@id":"https:\/\/fundacjajoannyradziwill.pl\/en\/#\/schema\/person\/67655878de25b7d9b23009130b50a54e","name":"Kasia Muszy\u0144ska","image":{"@type":"ImageObject","inLanguage":"en-US","@id":"https:\/\/fundacjajoannyradziwill.pl\/en\/#\/schema\/person\/image\/","url":"https:\/\/secure.gravatar.com\/avatar\/8975100ac14032f1e403e6bb076af9a1a416ef8efd01bb9e594a41091be0204e?s=96&d=mm&r=g","contentUrl":"https:\/\/secure.gravatar.com\/avatar\/8975100ac14032f1e403e6bb076af9a1a416ef8efd01bb9e594a41091be0204e?s=96&d=mm&r=g","caption":"Kasia Muszy\u0144ska"},"url":"https:\/\/fundacjajoannyradziwill.pl\/en\/author\/kasia\/"}]}},"_links":{"self":[{"href":"https:\/\/fundacjajoannyradziwill.pl\/en\/wp-json\/wp\/v2\/posts\/13769","targetHints":{"allow":["GET"]}}],"collection":[{"href":"https:\/\/fundacjajoannyradziwill.pl\/en\/wp-json\/wp\/v2\/posts"}],"about":[{"href":"https:\/\/fundacjajoannyradziwill.pl\/en\/wp-json\/wp\/v2\/types\/post"}],"author":[{"embeddable":true,"href":"https:\/\/fundacjajoannyradziwill.pl\/en\/wp-json\/wp\/v2\/users\/24783"}],"replies":[{"embeddable":true,"href":"https:\/\/fundacjajoannyradziwill.pl\/en\/wp-json\/wp\/v2\/comments?post=13769"}],"version-history":[{"count":1,"href":"https:\/\/fundacjajoannyradziwill.pl\/en\/wp-json\/wp\/v2\/posts\/13769\/revisions"}],"predecessor-version":[{"id":13770,"href":"https:\/\/fundacjajoannyradziwill.pl\/en\/wp-json\/wp\/v2\/posts\/13769\/revisions\/13770"}],"wp:featuredmedia":[{"embeddable":true,"href":"https:\/\/fundacjajoannyradziwill.pl\/en\/wp-json\/wp\/v2\/media\/12520"}],"wp:attachment":[{"href":"https:\/\/fundacjajoannyradziwill.pl\/en\/wp-json\/wp\/v2\/media?parent=13769"}],"wp:term":[{"taxonomy":"category","embeddable":true,"href":"https:\/\/fundacjajoannyradziwill.pl\/en\/wp-json\/wp\/v2\/categories?post=13769"},{"taxonomy":"post_tag","embeddable":true,"href":"https:\/\/fundacjajoannyradziwill.pl\/en\/wp-json\/wp\/v2\/tags?post=13769"}],"curies":[{"name":"wp","href":"https:\/\/api.w.org\/{rel}","templated":true}]}}