{"id":13771,"date":"2021-01-28T12:50:39","date_gmt":"2021-01-28T11:50:39","guid":{"rendered":"https:\/\/fundacjajoannyradziwill.pl\/foundation-branch-in-grodzisk-mazowiecki\/"},"modified":"2025-04-29T15:50:04","modified_gmt":"2025-04-29T13:50:04","slug":"foundation-branch-in-grodzisk-mazowiecki","status":"publish","type":"post","link":"https:\/\/fundacjajoannyradziwill.pl\/en\/foundation-branch-in-grodzisk-mazowiecki\/","title":{"rendered":"Foundation branch in Grodzisk Mazowiecki"},"content":{"rendered":"\n<h4 class=\"wp-block-heading\">We have great news. We are starting work on the opening of the Foundation&#8217;s branch houses in Grodzisk Mazowiecki. <\/h4>\n\n<p>We want to surround even more needy children, young people and their families with care.<\/p>\n\n<p>Introducing <strong>Katarzyna Gruk <\/strong>&#8211; coordinator of the Grodzisk Mazowiecki branch. Katarzyna leads activities organizing needy families in Grodzisk, establishing cooperation with the mayor, social welfare centers, schools. We are building a group of local volunteers who are ready for action.  <\/p>\n\n<p>Katarzyna Gruk is a children&#8217;s ambassador and a long-time friend of the Warsaw-based Caring Wings Foundation. She is a Zen Coaching coach, a graduate of the Integral Study of Personal Development, a make-up artist (more than once she led make-up classes for our children). She enjoys meeting people big and small, discovering their history, values and emotions. She likes to help, create , create. She is a mother of two children, a sailor, a fan of cycling, nature and life.      <\/p>\n\n<h4 class=\"wp-block-heading\">Looking for a home<\/h4>\n\n<p>We are currently looking for a homely space in Grodzisk Mazowiecki, where we can open a daytime support home for the children in our charge and their families, along the lines of our Warsaw homes of Mikolajek and Pawel at the headquarters of the Caring Wings Foundation.  <\/p>\n\n<p><strong>If you can help locally with the operation of a branch of the Foundation, please write to us:<\/strong> <strong>k.gruk [at ] fundacjajoannyradziwill.pl <\/strong> <\/p>\n","protected":false},"excerpt":{"rendered":"<p>We have great news. We are starting work on the opening of the Foundation&#8217;s branch houses in Grodzisk Mazowiecki. We want to surround even more needy children, young people and their families with care. Introducing Katarzyna Gruk &#8211; coordinator of the Grodzisk Mazowiecki branch. Katarzyna leads activities organizing needy families in Grodzisk, establishing cooperation with the mayor, social welfare centers, schools. We are building a group of local volunteers who are ready for action. Katarzyna Gruk is a children&#8217;s ambassador and a long-time friend of the Warsaw-based Caring Wings Foundation. She is a Zen Coaching coach, a graduate of the Integral Study of Personal Development, a make-up artist (more than once she led make-up classes for our children). She enjoys meeting people big and small, discovering their history, values and emotions. She likes to help, create , create. She is a mother of two children, a sailor, a fan of cycling, nature and life. Looking for a home We are currently looking for a homely space in Grodzisk Mazowiecki, where we can open a daytime support home for the children in our charge and their families, along the lines of our Warsaw homes of Mikolajek and Pawel at the headquarters of the Caring Wings Foundation. If you can help locally with the operation of a branch of the Foundation, please write to us: k.gruk [at ] fundacjajoannyradziwill.pl<\/p>\n","protected":false},"author":24783,"featured_media":12885,"comment_status":"closed","ping_status":"closed","sticky":false,"template":"","format":"standard","meta":{"_acf_changed":false,"inline_featured_image":false,"_monsterinsights_skip_tracking":false,"_monsterinsights_sitenote_active":false,"_monsterinsights_sitenote_note":"","_monsterinsights_sitenote_category":0,"ocean_post_layout":"","ocean_both_sidebars_style":"","ocean_both_sidebars_content_width":0,"ocean_both_sidebars_sidebars_width":0,"ocean_sidebar":"0","ocean_second_sidebar":"0","ocean_disable_margins":"enable","ocean_add_body_class":"","ocean_shortcode_before_top_bar":"","ocean_shortcode_after_top_bar":"","ocean_shortcode_before_header":"","ocean_shortcode_after_header":"","ocean_has_shortcode":"","ocean_shortcode_after_title":"","ocean_shortcode_before_footer_widgets":"","ocean_shortcode_after_footer_widgets":"","ocean_shortcode_before_footer_bottom":"","ocean_shortcode_after_footer_bottom":"","ocean_display_top_bar":"default","ocean_display_header":"default","ocean_header_style":"","ocean_center_header_left_menu":"0","ocean_custom_header_template":"0","ocean_custom_logo":0,"ocean_custom_retina_logo":0,"ocean_custom_logo_max_width":0,"ocean_custom_logo_tablet_max_width":0,"ocean_custom_logo_mobile_max_width":0,"ocean_custom_logo_max_height":0,"ocean_custom_logo_tablet_max_height":0,"ocean_custom_logo_mobile_max_height":0,"ocean_header_custom_menu":"0","ocean_menu_typo_font_family":"0","ocean_menu_typo_font_subset":"","ocean_menu_typo_font_size":0,"ocean_menu_typo_font_size_tablet":0,"ocean_menu_typo_font_size_mobile":0,"ocean_menu_typo_font_size_unit":"px","ocean_menu_typo_font_weight":"","ocean_menu_typo_font_weight_tablet":"","ocean_menu_typo_font_weight_mobile":"","ocean_menu_typo_transform":"","ocean_menu_typo_transform_tablet":"","ocean_menu_typo_transform_mobile":"","ocean_menu_typo_line_height":0,"ocean_menu_typo_line_height_tablet":0,"ocean_menu_typo_line_height_mobile":0,"ocean_menu_typo_line_height_unit":"","ocean_menu_typo_spacing":0,"ocean_menu_typo_spacing_tablet":0,"ocean_menu_typo_spacing_mobile":0,"ocean_menu_typo_spacing_unit":"","ocean_menu_link_color":"","ocean_menu_link_color_hover":"","ocean_menu_link_color_active":"","ocean_menu_link_background":"","ocean_menu_link_hover_background":"","ocean_menu_link_active_background":"","ocean_menu_social_links_bg":"","ocean_menu_social_hover_links_bg":"","ocean_menu_social_links_color":"","ocean_menu_social_hover_links_color":"","ocean_disable_title":"default","ocean_disable_heading":"default","ocean_post_title":"","ocean_post_subheading":"","ocean_post_title_style":"","ocean_post_title_background_color":"","ocean_post_title_background":0,"ocean_post_title_bg_image_position":"","ocean_post_title_bg_image_attachment":"","ocean_post_title_bg_image_repeat":"","ocean_post_title_bg_image_size":"","ocean_post_title_height":0,"ocean_post_title_bg_overlay":0.5,"ocean_post_title_bg_overlay_color":"","ocean_disable_breadcrumbs":"default","ocean_breadcrumbs_color":"","ocean_breadcrumbs_separator_color":"","ocean_breadcrumbs_links_color":"","ocean_breadcrumbs_links_hover_color":"","ocean_display_footer_widgets":"default","ocean_display_footer_bottom":"default","ocean_custom_footer_template":"0","ocean_post_oembed":"","ocean_post_self_hosted_media":"","ocean_post_video_embed":"","ocean_link_format":"","ocean_link_format_target":"self","ocean_quote_format":"","ocean_quote_format_link":"post","ocean_gallery_link_images":"on","ocean_gallery_id":[],"footnotes":"","_links_to":"","_links_to_target":""},"categories":[290],"tags":[],"class_list":["post-13771","post","type-post","status-publish","format-standard","has-post-thumbnail","hentry","category-news-en","entry","has-media"],"acf":[],"yoast_head":"<!-- This site is optimized with the Yoast SEO plugin v26.3 - https:\/\/yoast.com\/wordpress\/plugins\/seo\/ -->\n<title>Foundation branch in Grodzisk Mazowiecki - Fundacja Joanny Radziwi\u0142\u0142<\/title>\n<meta name=\"robots\" content=\"index, follow, max-snippet:-1, max-image-preview:large, max-video-preview:-1\" \/>\n<link rel=\"canonical\" href=\"https:\/\/fundacjajoannyradziwill.pl\/en\/foundation-branch-in-grodzisk-mazowiecki\/\" \/>\n<meta property=\"og:locale\" content=\"en_US\" \/>\n<meta property=\"og:type\" content=\"article\" \/>\n<meta property=\"og:title\" content=\"Foundation branch in Grodzisk Mazowiecki - Fundacja Joanny Radziwi\u0142\u0142\" \/>\n<meta property=\"og:description\" content=\"We have great news. We are starting work on the opening of the Foundation&#8217;s branch houses in Grodzisk Mazowiecki. We want to surround even more needy children, young people and their families with care. Introducing Katarzyna Gruk &#8211; coordinator of the Grodzisk Mazowiecki branch. Katarzyna leads activities organizing needy families in Grodzisk, establishing cooperation with the mayor, social welfare centers, schools. We are building a group of local volunteers who are ready for action. Katarzyna Gruk is a children&#8217;s ambassador and a long-time friend of the Warsaw-based Caring Wings Foundation. She is a Zen Coaching coach, a graduate of the Integral Study of Personal Development, a make-up artist (more than once she led make-up classes for our children). She enjoys meeting people big and small, discovering their history, values and emotions. She likes to help, create , create. She is a mother of two children, a sailor, a fan of cycling, nature and life. Looking for a home We are currently looking for a homely space in Grodzisk Mazowiecki, where we can open a daytime support home for the children in our charge and their families, along the lines of our Warsaw homes of Mikolajek and Pawel at the headquarters of the Caring Wings Foundation. If you can help locally with the operation of a branch of the Foundation, please write to us: k.gruk [at ] fundacjajoannyradziwill.pl\" \/>\n<meta property=\"og:url\" content=\"https:\/\/fundacjajoannyradziwill.pl\/en\/foundation-branch-in-grodzisk-mazowiecki\/\" \/>\n<meta property=\"og:site_name\" content=\"Fundacja Joanny Radziwi\u0142\u0142\" \/>\n<meta property=\"article:publisher\" content=\"https:\/\/www.facebook.com\/fundacjaopiekunczeskrzydla\" \/>\n<meta property=\"article:published_time\" content=\"2021-01-28T11:50:39+00:00\" \/>\n<meta property=\"article:modified_time\" content=\"2025-04-29T13:50:04+00:00\" \/>\n<meta property=\"og:image\" content=\"https:\/\/fundacjajoannyradziwill.pl\/wp-content\/uploads\/2022\/08\/DSCF9639.jpg\" \/>\n\t<meta property=\"og:image:width\" content=\"1440\" \/>\n\t<meta property=\"og:image:height\" content=\"1920\" \/>\n\t<meta property=\"og:image:type\" content=\"image\/jpeg\" \/>\n<meta name=\"author\" content=\"Kasia Muszy\u0144ska\" \/>\n<meta name=\"twitter:card\" content=\"summary_large_image\" \/>\n<meta name=\"twitter:label1\" content=\"Written by\" \/>\n\t<meta name=\"twitter:data1\" content=\"Kasia Muszy\u0144ska\" \/>\n\t<meta name=\"twitter:label2\" content=\"Est. reading time\" \/>\n\t<meta name=\"twitter:data2\" content=\"1 minute\" \/>\n<script type=\"application\/ld+json\" class=\"yoast-schema-graph\">{\"@context\":\"https:\/\/schema.org\",\"@graph\":[{\"@type\":\"Article\",\"@id\":\"https:\/\/fundacjajoannyradziwill.pl\/en\/foundation-branch-in-grodzisk-mazowiecki\/#article\",\"isPartOf\":{\"@id\":\"https:\/\/fundacjajoannyradziwill.pl\/en\/foundation-branch-in-grodzisk-mazowiecki\/\"},\"author\":{\"name\":\"Kasia Muszy\u0144ska\",\"@id\":\"https:\/\/fundacjajoannyradziwill.pl\/en\/#\/schema\/person\/67655878de25b7d9b23009130b50a54e\"},\"headline\":\"Foundation branch in Grodzisk Mazowiecki\",\"datePublished\":\"2021-01-28T11:50:39+00:00\",\"dateModified\":\"2025-04-29T13:50:04+00:00\",\"mainEntityOfPage\":{\"@id\":\"https:\/\/fundacjajoannyradziwill.pl\/en\/foundation-branch-in-grodzisk-mazowiecki\/\"},\"wordCount\":232,\"publisher\":{\"@id\":\"https:\/\/fundacjajoannyradziwill.pl\/en\/#organization\"},\"image\":{\"@id\":\"https:\/\/fundacjajoannyradziwill.pl\/en\/foundation-branch-in-grodzisk-mazowiecki\/#primaryimage\"},\"thumbnailUrl\":\"https:\/\/fundacjajoannyradziwill.pl\/wp-content\/uploads\/2022\/08\/DSCF9639.jpg\",\"articleSection\":[\"News\"],\"inLanguage\":\"en-US\"},{\"@type\":\"WebPage\",\"@id\":\"https:\/\/fundacjajoannyradziwill.pl\/en\/foundation-branch-in-grodzisk-mazowiecki\/\",\"url\":\"https:\/\/fundacjajoannyradziwill.pl\/en\/foundation-branch-in-grodzisk-mazowiecki\/\",\"name\":\"Foundation branch in Grodzisk Mazowiecki - Fundacja Joanny Radziwi\u0142\u0142\",\"isPartOf\":{\"@id\":\"https:\/\/fundacjajoannyradziwill.pl\/en\/#website\"},\"primaryImageOfPage\":{\"@id\":\"https:\/\/fundacjajoannyradziwill.pl\/en\/foundation-branch-in-grodzisk-mazowiecki\/#primaryimage\"},\"image\":{\"@id\":\"https:\/\/fundacjajoannyradziwill.pl\/en\/foundation-branch-in-grodzisk-mazowiecki\/#primaryimage\"},\"thumbnailUrl\":\"https:\/\/fundacjajoannyradziwill.pl\/wp-content\/uploads\/2022\/08\/DSCF9639.jpg\",\"datePublished\":\"2021-01-28T11:50:39+00:00\",\"dateModified\":\"2025-04-29T13:50:04+00:00\",\"inLanguage\":\"en-US\",\"potentialAction\":[{\"@type\":\"ReadAction\",\"target\":[\"https:\/\/fundacjajoannyradziwill.pl\/en\/foundation-branch-in-grodzisk-mazowiecki\/\"]}]},{\"@type\":\"ImageObject\",\"inLanguage\":\"en-US\",\"@id\":\"https:\/\/fundacjajoannyradziwill.pl\/en\/foundation-branch-in-grodzisk-mazowiecki\/#primaryimage\",\"url\":\"https:\/\/fundacjajoannyradziwill.pl\/wp-content\/uploads\/2022\/08\/DSCF9639.jpg\",\"contentUrl\":\"https:\/\/fundacjajoannyradziwill.pl\/wp-content\/uploads\/2022\/08\/DSCF9639.jpg\",\"width\":1440,\"height\":1920},{\"@type\":\"WebSite\",\"@id\":\"https:\/\/fundacjajoannyradziwill.pl\/en\/#website\",\"url\":\"https:\/\/fundacjajoannyradziwill.pl\/en\/\",\"name\":\"Fundacja Joanny Radziwi\u0142\u0142\",\"description\":\"Opieku\u0144cze Skrzyd\u0142a\",\"publisher\":{\"@id\":\"https:\/\/fundacjajoannyradziwill.pl\/en\/#organization\"},\"potentialAction\":[{\"@type\":\"SearchAction\",\"target\":{\"@type\":\"EntryPoint\",\"urlTemplate\":\"https:\/\/fundacjajoannyradziwill.pl\/en\/?s={search_term_string}\"},\"query-input\":{\"@type\":\"PropertyValueSpecification\",\"valueRequired\":true,\"valueName\":\"search_term_string\"}}],\"inLanguage\":\"en-US\"},{\"@type\":\"Organization\",\"@id\":\"https:\/\/fundacjajoannyradziwill.pl\/en\/#organization\",\"name\":\"Fundacja Joanny Radziwi\u0142\u0142\",\"url\":\"https:\/\/fundacjajoannyradziwill.pl\/en\/\",\"logo\":{\"@type\":\"ImageObject\",\"inLanguage\":\"en-US\",\"@id\":\"https:\/\/fundacjajoannyradziwill.pl\/en\/#\/schema\/logo\/image\/\",\"url\":\"https:\/\/fundacjajoannyradziwill.pl\/wp-content\/uploads\/2023\/05\/logo_poziom_czerwony-01-1.svg\",\"contentUrl\":\"https:\/\/fundacjajoannyradziwill.pl\/wp-content\/uploads\/2023\/05\/logo_poziom_czerwony-01-1.svg\",\"width\":473,\"height\":151,\"caption\":\"Fundacja Joanny Radziwi\u0142\u0142\"},\"image\":{\"@id\":\"https:\/\/fundacjajoannyradziwill.pl\/en\/#\/schema\/logo\/image\/\"},\"sameAs\":[\"https:\/\/www.facebook.com\/fundacjaopiekunczeskrzydla\"]},{\"@type\":\"Person\",\"@id\":\"https:\/\/fundacjajoannyradziwill.pl\/en\/#\/schema\/person\/67655878de25b7d9b23009130b50a54e\",\"name\":\"Kasia Muszy\u0144ska\",\"image\":{\"@type\":\"ImageObject\",\"inLanguage\":\"en-US\",\"@id\":\"https:\/\/fundacjajoannyradziwill.pl\/en\/#\/schema\/person\/image\/\",\"url\":\"https:\/\/secure.gravatar.com\/avatar\/8975100ac14032f1e403e6bb076af9a1a416ef8efd01bb9e594a41091be0204e?s=96&d=mm&r=g\",\"contentUrl\":\"https:\/\/secure.gravatar.com\/avatar\/8975100ac14032f1e403e6bb076af9a1a416ef8efd01bb9e594a41091be0204e?s=96&d=mm&r=g\",\"caption\":\"Kasia Muszy\u0144ska\"},\"url\":\"https:\/\/fundacjajoannyradziwill.pl\/en\/author\/kasia\/\"}]}<\/script>\n<!-- \/ Yoast SEO plugin. -->","yoast_head_json":{"title":"Foundation branch in Grodzisk Mazowiecki - Fundacja Joanny Radziwi\u0142\u0142","robots":{"index":"index","follow":"follow","max-snippet":"max-snippet:-1","max-image-preview":"max-image-preview:large","max-video-preview":"max-video-preview:-1"},"canonical":"https:\/\/fundacjajoannyradziwill.pl\/en\/foundation-branch-in-grodzisk-mazowiecki\/","og_locale":"en_US","og_type":"article","og_title":"Foundation branch in Grodzisk Mazowiecki - Fundacja Joanny Radziwi\u0142\u0142","og_description":"We have great news. We are starting work on the opening of the Foundation&#8217;s branch houses in Grodzisk Mazowiecki. We want to surround even more needy children, young people and their families with care. Introducing Katarzyna Gruk &#8211; coordinator of the Grodzisk Mazowiecki branch. Katarzyna leads activities organizing needy families in Grodzisk, establishing cooperation with the mayor, social welfare centers, schools. We are building a group of local volunteers who are ready for action. Katarzyna Gruk is a children&#8217;s ambassador and a long-time friend of the Warsaw-based Caring Wings Foundation. She is a Zen Coaching coach, a graduate of the Integral Study of Personal Development, a make-up artist (more than once she led make-up classes for our children). She enjoys meeting people big and small, discovering their history, values and emotions. She likes to help, create , create. She is a mother of two children, a sailor, a fan of cycling, nature and life. Looking for a home We are currently looking for a homely space in Grodzisk Mazowiecki, where we can open a daytime support home for the children in our charge and their families, along the lines of our Warsaw homes of Mikolajek and Pawel at the headquarters of the Caring Wings Foundation. If you can help locally with the operation of a branch of the Foundation, please write to us: k.gruk [at ] fundacjajoannyradziwill.pl","og_url":"https:\/\/fundacjajoannyradziwill.pl\/en\/foundation-branch-in-grodzisk-mazowiecki\/","og_site_name":"Fundacja Joanny Radziwi\u0142\u0142","article_publisher":"https:\/\/www.facebook.com\/fundacjaopiekunczeskrzydla","article_published_time":"2021-01-28T11:50:39+00:00","article_modified_time":"2025-04-29T13:50:04+00:00","og_image":[{"width":1440,"height":1920,"url":"https:\/\/fundacjajoannyradziwill.pl\/wp-content\/uploads\/2022\/08\/DSCF9639.jpg","type":"image\/jpeg"}],"author":"Kasia Muszy\u0144ska","twitter_card":"summary_large_image","twitter_misc":{"Written by":"Kasia Muszy\u0144ska","Est. reading time":"1 minute"},"schema":{"@context":"https:\/\/schema.org","@graph":[{"@type":"Article","@id":"https:\/\/fundacjajoannyradziwill.pl\/en\/foundation-branch-in-grodzisk-mazowiecki\/#article","isPartOf":{"@id":"https:\/\/fundacjajoannyradziwill.pl\/en\/foundation-branch-in-grodzisk-mazowiecki\/"},"author":{"name":"Kasia Muszy\u0144ska","@id":"https:\/\/fundacjajoannyradziwill.pl\/en\/#\/schema\/person\/67655878de25b7d9b23009130b50a54e"},"headline":"Foundation branch in Grodzisk Mazowiecki","datePublished":"2021-01-28T11:50:39+00:00","dateModified":"2025-04-29T13:50:04+00:00","mainEntityOfPage":{"@id":"https:\/\/fundacjajoannyradziwill.pl\/en\/foundation-branch-in-grodzisk-mazowiecki\/"},"wordCount":232,"publisher":{"@id":"https:\/\/fundacjajoannyradziwill.pl\/en\/#organization"},"image":{"@id":"https:\/\/fundacjajoannyradziwill.pl\/en\/foundation-branch-in-grodzisk-mazowiecki\/#primaryimage"},"thumbnailUrl":"https:\/\/fundacjajoannyradziwill.pl\/wp-content\/uploads\/2022\/08\/DSCF9639.jpg","articleSection":["News"],"inLanguage":"en-US"},{"@type":"WebPage","@id":"https:\/\/fundacjajoannyradziwill.pl\/en\/foundation-branch-in-grodzisk-mazowiecki\/","url":"https:\/\/fundacjajoannyradziwill.pl\/en\/foundation-branch-in-grodzisk-mazowiecki\/","name":"Foundation branch in Grodzisk Mazowiecki - Fundacja Joanny Radziwi\u0142\u0142","isPartOf":{"@id":"https:\/\/fundacjajoannyradziwill.pl\/en\/#website"},"primaryImageOfPage":{"@id":"https:\/\/fundacjajoannyradziwill.pl\/en\/foundation-branch-in-grodzisk-mazowiecki\/#primaryimage"},"image":{"@id":"https:\/\/fundacjajoannyradziwill.pl\/en\/foundation-branch-in-grodzisk-mazowiecki\/#primaryimage"},"thumbnailUrl":"https:\/\/fundacjajoannyradziwill.pl\/wp-content\/uploads\/2022\/08\/DSCF9639.jpg","datePublished":"2021-01-28T11:50:39+00:00","dateModified":"2025-04-29T13:50:04+00:00","inLanguage":"en-US","potentialAction":[{"@type":"ReadAction","target":["https:\/\/fundacjajoannyradziwill.pl\/en\/foundation-branch-in-grodzisk-mazowiecki\/"]}]},{"@type":"ImageObject","inLanguage":"en-US","@id":"https:\/\/fundacjajoannyradziwill.pl\/en\/foundation-branch-in-grodzisk-mazowiecki\/#primaryimage","url":"https:\/\/fundacjajoannyradziwill.pl\/wp-content\/uploads\/2022\/08\/DSCF9639.jpg","contentUrl":"https:\/\/fundacjajoannyradziwill.pl\/wp-content\/uploads\/2022\/08\/DSCF9639.jpg","width":1440,"height":1920},{"@type":"WebSite","@id":"https:\/\/fundacjajoannyradziwill.pl\/en\/#website","url":"https:\/\/fundacjajoannyradziwill.pl\/en\/","name":"Fundacja Joanny Radziwi\u0142\u0142","description":"Opieku\u0144cze Skrzyd\u0142a","publisher":{"@id":"https:\/\/fundacjajoannyradziwill.pl\/en\/#organization"},"potentialAction":[{"@type":"SearchAction","target":{"@type":"EntryPoint","urlTemplate":"https:\/\/fundacjajoannyradziwill.pl\/en\/?s={search_term_string}"},"query-input":{"@type":"PropertyValueSpecification","valueRequired":true,"valueName":"search_term_string"}}],"inLanguage":"en-US"},{"@type":"Organization","@id":"https:\/\/fundacjajoannyradziwill.pl\/en\/#organization","name":"Fundacja Joanny Radziwi\u0142\u0142","url":"https:\/\/fundacjajoannyradziwill.pl\/en\/","logo":{"@type":"ImageObject","inLanguage":"en-US","@id":"https:\/\/fundacjajoannyradziwill.pl\/en\/#\/schema\/logo\/image\/","url":"https:\/\/fundacjajoannyradziwill.pl\/wp-content\/uploads\/2023\/05\/logo_poziom_czerwony-01-1.svg","contentUrl":"https:\/\/fundacjajoannyradziwill.pl\/wp-content\/uploads\/2023\/05\/logo_poziom_czerwony-01-1.svg","width":473,"height":151,"caption":"Fundacja Joanny Radziwi\u0142\u0142"},"image":{"@id":"https:\/\/fundacjajoannyradziwill.pl\/en\/#\/schema\/logo\/image\/"},"sameAs":["https:\/\/www.facebook.com\/fundacjaopiekunczeskrzydla"]},{"@type":"Person","@id":"https:\/\/fundacjajoannyradziwill.pl\/en\/#\/schema\/person\/67655878de25b7d9b23009130b50a54e","name":"Kasia Muszy\u0144ska","image":{"@type":"ImageObject","inLanguage":"en-US","@id":"https:\/\/fundacjajoannyradziwill.pl\/en\/#\/schema\/person\/image\/","url":"https:\/\/secure.gravatar.com\/avatar\/8975100ac14032f1e403e6bb076af9a1a416ef8efd01bb9e594a41091be0204e?s=96&d=mm&r=g","contentUrl":"https:\/\/secure.gravatar.com\/avatar\/8975100ac14032f1e403e6bb076af9a1a416ef8efd01bb9e594a41091be0204e?s=96&d=mm&r=g","caption":"Kasia Muszy\u0144ska"},"url":"https:\/\/fundacjajoannyradziwill.pl\/en\/author\/kasia\/"}]}},"_links":{"self":[{"href":"https:\/\/fundacjajoannyradziwill.pl\/en\/wp-json\/wp\/v2\/posts\/13771","targetHints":{"allow":["GET"]}}],"collection":[{"href":"https:\/\/fundacjajoannyradziwill.pl\/en\/wp-json\/wp\/v2\/posts"}],"about":[{"href":"https:\/\/fundacjajoannyradziwill.pl\/en\/wp-json\/wp\/v2\/types\/post"}],"author":[{"embeddable":true,"href":"https:\/\/fundacjajoannyradziwill.pl\/en\/wp-json\/wp\/v2\/users\/24783"}],"replies":[{"embeddable":true,"href":"https:\/\/fundacjajoannyradziwill.pl\/en\/wp-json\/wp\/v2\/comments?post=13771"}],"version-history":[{"count":1,"href":"https:\/\/fundacjajoannyradziwill.pl\/en\/wp-json\/wp\/v2\/posts\/13771\/revisions"}],"predecessor-version":[{"id":13772,"href":"https:\/\/fundacjajoannyradziwill.pl\/en\/wp-json\/wp\/v2\/posts\/13771\/revisions\/13772"}],"wp:featuredmedia":[{"embeddable":true,"href":"https:\/\/fundacjajoannyradziwill.pl\/en\/wp-json\/wp\/v2\/media\/12885"}],"wp:attachment":[{"href":"https:\/\/fundacjajoannyradziwill.pl\/en\/wp-json\/wp\/v2\/media?parent=13771"}],"wp:term":[{"taxonomy":"category","embeddable":true,"href":"https:\/\/fundacjajoannyradziwill.pl\/en\/wp-json\/wp\/v2\/categories?post=13771"},{"taxonomy":"post_tag","embeddable":true,"href":"https:\/\/fundacjajoannyradziwill.pl\/en\/wp-json\/wp\/v2\/tags?post=13771"}],"curies":[{"name":"wp","href":"https:\/\/api.w.org\/{rel}","templated":true}]}}