{"id":13809,"date":"2020-09-24T09:53:17","date_gmt":"2020-09-24T07:53:17","guid":{"rendered":"https:\/\/fundacjajoannyradziwill.pl\/wind-in-the-sails-kghm-polska-miedz-foundation\/"},"modified":"2025-04-29T16:09:18","modified_gmt":"2025-04-29T14:09:18","slug":"wind-in-the-sails-kghm-polska-miedz-foundation","status":"publish","type":"post","link":"https:\/\/fundacjajoannyradziwill.pl\/en\/wind-in-the-sails-kghm-polska-miedz-foundation\/","title":{"rendered":"Wind in the sails &#8211; KGHM Polska Mied\u017a Foundation"},"content":{"rendered":"\n<p>We are doing everything to give the children and young people in our charge a safe and adequate start. &#8220;Wind in the sails&#8221; is a program aimed at a group of 31 children and adolescents aged 6- 18, who come from families with alcohol, alcohol problems, violence or families at risk of these phenomena. The project is financed thanks to <strong>the KGHM Polska Mied\u017a Foundation. <\/strong>    <\/p>\n\n<figure class=\"wp-block-gallery columns-3 is-cropped wp-block-gallery-1 is-layout-flex wp-block-gallery-is-layout-flex\"><ul class=\"blocks-gallery-grid\"><li class=\"blocks-gallery-item\"><figure><img fetchpriority=\"high\" decoding=\"async\" width=\"1024\" height=\"768\" src=\"https:\/\/fundacjajoannyradziwill.pl\/wp-content\/uploads\/2020\/09\/120016324_1014670428975284_8237705728469107083_n-1024x768.jpg\" alt=\"\" data-id=\"6907\" data-full-url=\"https:\/\/fundacjajoannyradziwill.pl\/wp-content\/uploads\/2020\/09\/120016324_1014670428975284_8237705728469107083_n.jpg\" data-link=\"https:\/\/fundacjajoannyradziwill.pl\/wiatr-w-zagle-fundacja-kghm-polska-miedz\/120016324_1014670428975284_8237705728469107083_n\/\" class=\"wp-image-6907\" srcset=\"https:\/\/fundacjajoannyradziwill.pl\/wp-content\/uploads\/2020\/09\/120016324_1014670428975284_8237705728469107083_n-1024x768.jpg 1024w, https:\/\/fundacjajoannyradziwill.pl\/wp-content\/uploads\/2020\/09\/120016324_1014670428975284_8237705728469107083_n-300x225.jpg 300w, https:\/\/fundacjajoannyradziwill.pl\/wp-content\/uploads\/2020\/09\/120016324_1014670428975284_8237705728469107083_n-768x576.jpg 768w, https:\/\/fundacjajoannyradziwill.pl\/wp-content\/uploads\/2020\/09\/120016324_1014670428975284_8237705728469107083_n-1536x1153.jpg 1536w, https:\/\/fundacjajoannyradziwill.pl\/wp-content\/uploads\/2020\/09\/120016324_1014670428975284_8237705728469107083_n.jpg 1631w\" sizes=\"(max-width: 1024px) 100vw, 1024px\" \/><\/figure><\/li><li class=\"blocks-gallery-item\"><figure><img decoding=\"async\" width=\"280\" height=\"374\" src=\"https:\/\/fundacjajoannyradziwill.pl\/wp-content\/uploads\/2020\/09\/120025332_380221946321802_1188006893100783336_n.jpg\" alt=\"\" data-id=\"6909\" data-full-url=\"https:\/\/fundacjajoannyradziwill.pl\/wp-content\/uploads\/2020\/09\/120025332_380221946321802_1188006893100783336_n.jpg\" data-link=\"https:\/\/fundacjajoannyradziwill.pl\/wiatr-w-zagle-fundacja-kghm-polska-miedz\/120025332_380221946321802_1188006893100783336_n\/\" class=\"wp-image-6909\" srcset=\"https:\/\/fundacjajoannyradziwill.pl\/wp-content\/uploads\/2020\/09\/120025332_380221946321802_1188006893100783336_n.jpg 280w, https:\/\/fundacjajoannyradziwill.pl\/wp-content\/uploads\/2020\/09\/120025332_380221946321802_1188006893100783336_n-225x300.jpg 225w\" sizes=\"(max-width: 280px) 100vw, 280px\" \/><\/figure><\/li><li class=\"blocks-gallery-item\"><figure><img decoding=\"async\" width=\"280\" height=\"374\" src=\"https:\/\/fundacjajoannyradziwill.pl\/wp-content\/uploads\/2020\/09\/120020991_382056139470757_3747788124397780940_n.jpg\" alt=\"\" data-id=\"6908\" data-full-url=\"https:\/\/fundacjajoannyradziwill.pl\/wp-content\/uploads\/2020\/09\/120020991_382056139470757_3747788124397780940_n.jpg\" data-link=\"https:\/\/fundacjajoannyradziwill.pl\/wiatr-w-zagle-fundacja-kghm-polska-miedz\/120020991_382056139470757_3747788124397780940_n\/\" class=\"wp-image-6908\" srcset=\"https:\/\/fundacjajoannyradziwill.pl\/wp-content\/uploads\/2020\/09\/120020991_382056139470757_3747788124397780940_n.jpg 280w, https:\/\/fundacjajoannyradziwill.pl\/wp-content\/uploads\/2020\/09\/120020991_382056139470757_3747788124397780940_n-225x300.jpg 225w\" sizes=\"(max-width: 280px) 100vw, 280px\" \/><\/figure><\/li><\/ul><\/figure>\n\n<p>As part of the project, we operate in two locations: at the Foundation House in Warsaw &#8211; going and developing children&#8217;s interests; and in the vicinity of Lublin supporting the poorest families by providing them with food products and items needed by children and young people.  <\/p>\n\n<p>We are planning five class groups:<\/p>\n\n<ul class=\"wp-block-list\"><li>Virtuosos of Taste,<\/li><li>IT\/Graphics Masters,  <\/li><li>Art connoisseurs<\/li><li>Tuzi linguistics  <\/li><li>Sports champions<br\/><\/li><\/ul>\n\n<figure class=\"wp-block-gallery columns-2 is-cropped wp-block-gallery-2 is-layout-flex wp-block-gallery-is-layout-flex\"><ul class=\"blocks-gallery-grid\"><li class=\"blocks-gallery-item\"><figure><img loading=\"lazy\" decoding=\"async\" width=\"1024\" height=\"768\" src=\"https:\/\/fundacjajoannyradziwill.pl\/wp-content\/uploads\/2020\/09\/107899245_3657691064258388_7201440885670005033_o-1024x768.jpg\" alt=\"\" data-id=\"6910\" data-full-url=\"https:\/\/fundacjajoannyradziwill.pl\/wp-content\/uploads\/2020\/09\/107899245_3657691064258388_7201440885670005033_o.jpg\" data-link=\"https:\/\/fundacjajoannyradziwill.pl\/?attachment_id=6910\" class=\"wp-image-6910\" srcset=\"https:\/\/fundacjajoannyradziwill.pl\/wp-content\/uploads\/2020\/09\/107899245_3657691064258388_7201440885670005033_o-1024x768.jpg 1024w, https:\/\/fundacjajoannyradziwill.pl\/wp-content\/uploads\/2020\/09\/107899245_3657691064258388_7201440885670005033_o-300x225.jpg 300w, https:\/\/fundacjajoannyradziwill.pl\/wp-content\/uploads\/2020\/09\/107899245_3657691064258388_7201440885670005033_o-768x576.jpg 768w, https:\/\/fundacjajoannyradziwill.pl\/wp-content\/uploads\/2020\/09\/107899245_3657691064258388_7201440885670005033_o.jpg 1080w\" sizes=\"(max-width: 1024px) 100vw, 1024px\" \/><\/figure><\/li><li class=\"blocks-gallery-item\"><figure><img loading=\"lazy\" decoding=\"async\" width=\"720\" height=\"960\" src=\"https:\/\/fundacjajoannyradziwill.pl\/wp-content\/uploads\/2020\/09\/107389545_3656806167680211_5062918224532981720_n.jpg\" alt=\"\" data-id=\"6911\" data-full-url=\"https:\/\/fundacjajoannyradziwill.pl\/wp-content\/uploads\/2020\/09\/107389545_3656806167680211_5062918224532981720_n.jpg\" data-link=\"https:\/\/fundacjajoannyradziwill.pl\/?attachment_id=6911\" class=\"wp-image-6911\" srcset=\"https:\/\/fundacjajoannyradziwill.pl\/wp-content\/uploads\/2020\/09\/107389545_3656806167680211_5062918224532981720_n.jpg 720w, https:\/\/fundacjajoannyradziwill.pl\/wp-content\/uploads\/2020\/09\/107389545_3656806167680211_5062918224532981720_n-225x300.jpg 225w\" sizes=\"(max-width: 720px) 100vw, 720px\" \/><\/figure><\/li><\/ul><\/figure>\n\n<p>The aim of the project is to improve psycho-social functioning and develop the interests and skills of children and young people from alcoholic, violent families or families at risk of these phenomena. The change in psycho-social functioning and development of interests, as well as the acquired practical skills of the participants of the task will translate into an increase in motivation to act, an increase in underestimated self-esteem, the choice of a further educational path and gaining competence in the labor market.   <\/p>\n\n<p>We know that by showing the world to children and young people, new passions, traveling, learning together &#8211; they will have a better chance to get out of their family patterns and follow their own , healthy path in life.<\/p>\n","protected":false},"excerpt":{"rendered":"<p>We are doing everything to give the children and young people in our charge a safe and adequate start. &#8220;Wind in the sails&#8221; is a program aimed at a group of 31 children and adolescents aged 6- 18, who come from families with alcohol, alcohol problems, violence or families at risk of these phenomena. The project is financed thanks to the KGHM Polska Mied\u017a Foundation. As part of the project, we operate in two locations: at the Foundation House in Warsaw &#8211; going and developing children&#8217;s interests; and in the vicinity of Lublin supporting the poorest families by providing them with food products and items needed by children and young people. We are planning five class groups: Virtuosos of Taste, IT\/Graphics Masters, Art connoisseurs Tuzi linguistics Sports champions The aim of the project is to improve psycho-social functioning and develop the interests and skills of children and young people from alcoholic, violent families or families at risk of these phenomena. The change in psycho-social functioning and development of interests, as well as the acquired practical skills of the participants of the task will translate into an increase in motivation to act, an increase in underestimated self-esteem, the choice of a further educational path and gaining competence in the labor market. We know that by showing the world to children and young people, new passions, traveling, learning together &#8211; they will have a better chance to get out of their family patterns and follow their own , healthy path in life.<\/p>\n","protected":false},"author":24783,"featured_media":12634,"comment_status":"closed","ping_status":"closed","sticky":false,"template":"","format":"standard","meta":{"_acf_changed":false,"inline_featured_image":false,"_monsterinsights_skip_tracking":false,"_monsterinsights_sitenote_active":false,"_monsterinsights_sitenote_note":"","_monsterinsights_sitenote_category":0,"ocean_post_layout":"","ocean_both_sidebars_style":"","ocean_both_sidebars_content_width":0,"ocean_both_sidebars_sidebars_width":0,"ocean_sidebar":"0","ocean_second_sidebar":"0","ocean_disable_margins":"enable","ocean_add_body_class":"","ocean_shortcode_before_top_bar":"","ocean_shortcode_after_top_bar":"","ocean_shortcode_before_header":"","ocean_shortcode_after_header":"","ocean_has_shortcode":"","ocean_shortcode_after_title":"","ocean_shortcode_before_footer_widgets":"","ocean_shortcode_after_footer_widgets":"","ocean_shortcode_before_footer_bottom":"","ocean_shortcode_after_footer_bottom":"","ocean_display_top_bar":"default","ocean_display_header":"default","ocean_header_style":"","ocean_center_header_left_menu":"0","ocean_custom_header_template":"0","ocean_custom_logo":0,"ocean_custom_retina_logo":0,"ocean_custom_logo_max_width":0,"ocean_custom_logo_tablet_max_width":0,"ocean_custom_logo_mobile_max_width":0,"ocean_custom_logo_max_height":0,"ocean_custom_logo_tablet_max_height":0,"ocean_custom_logo_mobile_max_height":0,"ocean_header_custom_menu":"0","ocean_menu_typo_font_family":"0","ocean_menu_typo_font_subset":"","ocean_menu_typo_font_size":0,"ocean_menu_typo_font_size_tablet":0,"ocean_menu_typo_font_size_mobile":0,"ocean_menu_typo_font_size_unit":"px","ocean_menu_typo_font_weight":"","ocean_menu_typo_font_weight_tablet":"","ocean_menu_typo_font_weight_mobile":"","ocean_menu_typo_transform":"","ocean_menu_typo_transform_tablet":"","ocean_menu_typo_transform_mobile":"","ocean_menu_typo_line_height":0,"ocean_menu_typo_line_height_tablet":0,"ocean_menu_typo_line_height_mobile":0,"ocean_menu_typo_line_height_unit":"","ocean_menu_typo_spacing":0,"ocean_menu_typo_spacing_tablet":0,"ocean_menu_typo_spacing_mobile":0,"ocean_menu_typo_spacing_unit":"","ocean_menu_link_color":"","ocean_menu_link_color_hover":"","ocean_menu_link_color_active":"","ocean_menu_link_background":"","ocean_menu_link_hover_background":"","ocean_menu_link_active_background":"","ocean_menu_social_links_bg":"","ocean_menu_social_hover_links_bg":"","ocean_menu_social_links_color":"","ocean_menu_social_hover_links_color":"","ocean_disable_title":"default","ocean_disable_heading":"default","ocean_post_title":"","ocean_post_subheading":"","ocean_post_title_style":"","ocean_post_title_background_color":"","ocean_post_title_background":0,"ocean_post_title_bg_image_position":"","ocean_post_title_bg_image_attachment":"","ocean_post_title_bg_image_repeat":"","ocean_post_title_bg_image_size":"","ocean_post_title_height":0,"ocean_post_title_bg_overlay":0.5,"ocean_post_title_bg_overlay_color":"","ocean_disable_breadcrumbs":"default","ocean_breadcrumbs_color":"","ocean_breadcrumbs_separator_color":"","ocean_breadcrumbs_links_color":"","ocean_breadcrumbs_links_hover_color":"","ocean_display_footer_widgets":"default","ocean_display_footer_bottom":"default","ocean_custom_footer_template":"0","ocean_post_oembed":"","ocean_post_self_hosted_media":"","ocean_post_video_embed":"","ocean_link_format":"","ocean_link_format_target":"self","ocean_quote_format":"","ocean_quote_format_link":"post","ocean_gallery_link_images":"on","ocean_gallery_id":[],"footnotes":"","_links_to":"","_links_to_target":""},"categories":[290],"tags":[],"class_list":["post-13809","post","type-post","status-publish","format-standard","has-post-thumbnail","hentry","category-news-en","entry","has-media"],"acf":[],"yoast_head":"<!-- This site is optimized with the Yoast SEO plugin v26.3 - https:\/\/yoast.com\/wordpress\/plugins\/seo\/ -->\n<title>Wind in the sails - KGHM Polska Mied\u017a Foundation - Fundacja Joanny Radziwi\u0142\u0142<\/title>\n<meta name=\"robots\" content=\"index, follow, max-snippet:-1, max-image-preview:large, max-video-preview:-1\" \/>\n<link rel=\"canonical\" href=\"https:\/\/fundacjajoannyradziwill.pl\/en\/wind-in-the-sails-kghm-polska-miedz-foundation\/\" \/>\n<meta property=\"og:locale\" content=\"en_US\" \/>\n<meta property=\"og:type\" content=\"article\" \/>\n<meta property=\"og:title\" content=\"Wind in the sails - KGHM Polska Mied\u017a Foundation - Fundacja Joanny Radziwi\u0142\u0142\" \/>\n<meta property=\"og:description\" content=\"We are doing everything to give the children and young people in our charge a safe and adequate start. &#8220;Wind in the sails&#8221; is a program aimed at a group of 31 children and adolescents aged 6- 18, who come from families with alcohol, alcohol problems, violence or families at risk of these phenomena. The project is financed thanks to the KGHM Polska Mied\u017a Foundation. As part of the project, we operate in two locations: at the Foundation House in Warsaw &#8211; going and developing children&#8217;s interests; and in the vicinity of Lublin supporting the poorest families by providing them with food products and items needed by children and young people. We are planning five class groups: Virtuosos of Taste, IT\/Graphics Masters, Art connoisseurs Tuzi linguistics Sports champions The aim of the project is to improve psycho-social functioning and develop the interests and skills of children and young people from alcoholic, violent families or families at risk of these phenomena. The change in psycho-social functioning and development of interests, as well as the acquired practical skills of the participants of the task will translate into an increase in motivation to act, an increase in underestimated self-esteem, the choice of a further educational path and gaining competence in the labor market. We know that by showing the world to children and young people, new passions, traveling, learning together &#8211; they will have a better chance to get out of their family patterns and follow their own , healthy path in life.\" \/>\n<meta property=\"og:url\" content=\"https:\/\/fundacjajoannyradziwill.pl\/en\/wind-in-the-sails-kghm-polska-miedz-foundation\/\" \/>\n<meta property=\"og:site_name\" content=\"Fundacja Joanny Radziwi\u0142\u0142\" \/>\n<meta property=\"article:publisher\" content=\"https:\/\/www.facebook.com\/fundacjaopiekunczeskrzydla\" \/>\n<meta property=\"article:published_time\" content=\"2020-09-24T07:53:17+00:00\" \/>\n<meta property=\"article:modified_time\" content=\"2025-04-29T14:09:18+00:00\" \/>\n<meta property=\"og:image\" content=\"https:\/\/fundacjajoannyradziwill.pl\/wp-content\/uploads\/2020\/07\/84028891_1505871406282424_1068311060573644487_n.jpg\" \/>\n\t<meta property=\"og:image:width\" content=\"1437\" \/>\n\t<meta property=\"og:image:height\" content=\"1920\" \/>\n\t<meta property=\"og:image:type\" content=\"image\/jpeg\" \/>\n<meta name=\"author\" content=\"Kasia Muszy\u0144ska\" \/>\n<meta name=\"twitter:card\" content=\"summary_large_image\" \/>\n<meta name=\"twitter:label1\" content=\"Written by\" \/>\n\t<meta name=\"twitter:data1\" content=\"Kasia Muszy\u0144ska\" \/>\n\t<meta name=\"twitter:label2\" content=\"Est. reading time\" \/>\n\t<meta name=\"twitter:data2\" content=\"1 minute\" \/>\n<script type=\"application\/ld+json\" class=\"yoast-schema-graph\">{\"@context\":\"https:\/\/schema.org\",\"@graph\":[{\"@type\":\"Article\",\"@id\":\"https:\/\/fundacjajoannyradziwill.pl\/en\/wind-in-the-sails-kghm-polska-miedz-foundation\/#article\",\"isPartOf\":{\"@id\":\"https:\/\/fundacjajoannyradziwill.pl\/en\/wind-in-the-sails-kghm-polska-miedz-foundation\/\"},\"author\":{\"name\":\"Kasia Muszy\u0144ska\",\"@id\":\"https:\/\/fundacjajoannyradziwill.pl\/en\/#\/schema\/person\/67655878de25b7d9b23009130b50a54e\"},\"headline\":\"Wind in the sails &#8211; KGHM Polska Mied\u017a Foundation\",\"datePublished\":\"2020-09-24T07:53:17+00:00\",\"dateModified\":\"2025-04-29T14:09:18+00:00\",\"mainEntityOfPage\":{\"@id\":\"https:\/\/fundacjajoannyradziwill.pl\/en\/wind-in-the-sails-kghm-polska-miedz-foundation\/\"},\"wordCount\":257,\"publisher\":{\"@id\":\"https:\/\/fundacjajoannyradziwill.pl\/en\/#organization\"},\"image\":{\"@id\":\"https:\/\/fundacjajoannyradziwill.pl\/en\/wind-in-the-sails-kghm-polska-miedz-foundation\/#primaryimage\"},\"thumbnailUrl\":\"https:\/\/fundacjajoannyradziwill.pl\/wp-content\/uploads\/2020\/07\/84028891_1505871406282424_1068311060573644487_n.jpg\",\"articleSection\":[\"News\"],\"inLanguage\":\"en-US\"},{\"@type\":\"WebPage\",\"@id\":\"https:\/\/fundacjajoannyradziwill.pl\/en\/wind-in-the-sails-kghm-polska-miedz-foundation\/\",\"url\":\"https:\/\/fundacjajoannyradziwill.pl\/en\/wind-in-the-sails-kghm-polska-miedz-foundation\/\",\"name\":\"Wind in the sails - KGHM Polska Mied\u017a Foundation - Fundacja Joanny Radziwi\u0142\u0142\",\"isPartOf\":{\"@id\":\"https:\/\/fundacjajoannyradziwill.pl\/en\/#website\"},\"primaryImageOfPage\":{\"@id\":\"https:\/\/fundacjajoannyradziwill.pl\/en\/wind-in-the-sails-kghm-polska-miedz-foundation\/#primaryimage\"},\"image\":{\"@id\":\"https:\/\/fundacjajoannyradziwill.pl\/en\/wind-in-the-sails-kghm-polska-miedz-foundation\/#primaryimage\"},\"thumbnailUrl\":\"https:\/\/fundacjajoannyradziwill.pl\/wp-content\/uploads\/2020\/07\/84028891_1505871406282424_1068311060573644487_n.jpg\",\"datePublished\":\"2020-09-24T07:53:17+00:00\",\"dateModified\":\"2025-04-29T14:09:18+00:00\",\"inLanguage\":\"en-US\",\"potentialAction\":[{\"@type\":\"ReadAction\",\"target\":[\"https:\/\/fundacjajoannyradziwill.pl\/en\/wind-in-the-sails-kghm-polska-miedz-foundation\/\"]}]},{\"@type\":\"ImageObject\",\"inLanguage\":\"en-US\",\"@id\":\"https:\/\/fundacjajoannyradziwill.pl\/en\/wind-in-the-sails-kghm-polska-miedz-foundation\/#primaryimage\",\"url\":\"https:\/\/fundacjajoannyradziwill.pl\/wp-content\/uploads\/2020\/07\/84028891_1505871406282424_1068311060573644487_n.jpg\",\"contentUrl\":\"https:\/\/fundacjajoannyradziwill.pl\/wp-content\/uploads\/2020\/07\/84028891_1505871406282424_1068311060573644487_n.jpg\",\"width\":1437,\"height\":1920},{\"@type\":\"WebSite\",\"@id\":\"https:\/\/fundacjajoannyradziwill.pl\/en\/#website\",\"url\":\"https:\/\/fundacjajoannyradziwill.pl\/en\/\",\"name\":\"Fundacja Joanny Radziwi\u0142\u0142\",\"description\":\"Opieku\u0144cze Skrzyd\u0142a\",\"publisher\":{\"@id\":\"https:\/\/fundacjajoannyradziwill.pl\/en\/#organization\"},\"potentialAction\":[{\"@type\":\"SearchAction\",\"target\":{\"@type\":\"EntryPoint\",\"urlTemplate\":\"https:\/\/fundacjajoannyradziwill.pl\/en\/?s={search_term_string}\"},\"query-input\":{\"@type\":\"PropertyValueSpecification\",\"valueRequired\":true,\"valueName\":\"search_term_string\"}}],\"inLanguage\":\"en-US\"},{\"@type\":\"Organization\",\"@id\":\"https:\/\/fundacjajoannyradziwill.pl\/en\/#organization\",\"name\":\"Fundacja Joanny Radziwi\u0142\u0142\",\"url\":\"https:\/\/fundacjajoannyradziwill.pl\/en\/\",\"logo\":{\"@type\":\"ImageObject\",\"inLanguage\":\"en-US\",\"@id\":\"https:\/\/fundacjajoannyradziwill.pl\/en\/#\/schema\/logo\/image\/\",\"url\":\"https:\/\/fundacjajoannyradziwill.pl\/wp-content\/uploads\/2023\/05\/logo_poziom_czerwony-01-1.svg\",\"contentUrl\":\"https:\/\/fundacjajoannyradziwill.pl\/wp-content\/uploads\/2023\/05\/logo_poziom_czerwony-01-1.svg\",\"width\":473,\"height\":151,\"caption\":\"Fundacja Joanny Radziwi\u0142\u0142\"},\"image\":{\"@id\":\"https:\/\/fundacjajoannyradziwill.pl\/en\/#\/schema\/logo\/image\/\"},\"sameAs\":[\"https:\/\/www.facebook.com\/fundacjaopiekunczeskrzydla\"]},{\"@type\":\"Person\",\"@id\":\"https:\/\/fundacjajoannyradziwill.pl\/en\/#\/schema\/person\/67655878de25b7d9b23009130b50a54e\",\"name\":\"Kasia Muszy\u0144ska\",\"image\":{\"@type\":\"ImageObject\",\"inLanguage\":\"en-US\",\"@id\":\"https:\/\/fundacjajoannyradziwill.pl\/en\/#\/schema\/person\/image\/\",\"url\":\"https:\/\/secure.gravatar.com\/avatar\/8975100ac14032f1e403e6bb076af9a1a416ef8efd01bb9e594a41091be0204e?s=96&d=mm&r=g\",\"contentUrl\":\"https:\/\/secure.gravatar.com\/avatar\/8975100ac14032f1e403e6bb076af9a1a416ef8efd01bb9e594a41091be0204e?s=96&d=mm&r=g\",\"caption\":\"Kasia Muszy\u0144ska\"},\"url\":\"https:\/\/fundacjajoannyradziwill.pl\/en\/author\/kasia\/\"}]}<\/script>\n<!-- \/ Yoast SEO plugin. -->","yoast_head_json":{"title":"Wind in the sails - KGHM Polska Mied\u017a Foundation - Fundacja Joanny Radziwi\u0142\u0142","robots":{"index":"index","follow":"follow","max-snippet":"max-snippet:-1","max-image-preview":"max-image-preview:large","max-video-preview":"max-video-preview:-1"},"canonical":"https:\/\/fundacjajoannyradziwill.pl\/en\/wind-in-the-sails-kghm-polska-miedz-foundation\/","og_locale":"en_US","og_type":"article","og_title":"Wind in the sails - KGHM Polska Mied\u017a Foundation - Fundacja Joanny Radziwi\u0142\u0142","og_description":"We are doing everything to give the children and young people in our charge a safe and adequate start. &#8220;Wind in the sails&#8221; is a program aimed at a group of 31 children and adolescents aged 6- 18, who come from families with alcohol, alcohol problems, violence or families at risk of these phenomena. The project is financed thanks to the KGHM Polska Mied\u017a Foundation. As part of the project, we operate in two locations: at the Foundation House in Warsaw &#8211; going and developing children&#8217;s interests; and in the vicinity of Lublin supporting the poorest families by providing them with food products and items needed by children and young people. We are planning five class groups: Virtuosos of Taste, IT\/Graphics Masters, Art connoisseurs Tuzi linguistics Sports champions The aim of the project is to improve psycho-social functioning and develop the interests and skills of children and young people from alcoholic, violent families or families at risk of these phenomena. The change in psycho-social functioning and development of interests, as well as the acquired practical skills of the participants of the task will translate into an increase in motivation to act, an increase in underestimated self-esteem, the choice of a further educational path and gaining competence in the labor market. We know that by showing the world to children and young people, new passions, traveling, learning together &#8211; they will have a better chance to get out of their family patterns and follow their own , healthy path in life.","og_url":"https:\/\/fundacjajoannyradziwill.pl\/en\/wind-in-the-sails-kghm-polska-miedz-foundation\/","og_site_name":"Fundacja Joanny Radziwi\u0142\u0142","article_publisher":"https:\/\/www.facebook.com\/fundacjaopiekunczeskrzydla","article_published_time":"2020-09-24T07:53:17+00:00","article_modified_time":"2025-04-29T14:09:18+00:00","og_image":[{"width":1437,"height":1920,"url":"https:\/\/fundacjajoannyradziwill.pl\/wp-content\/uploads\/2020\/07\/84028891_1505871406282424_1068311060573644487_n.jpg","type":"image\/jpeg"}],"author":"Kasia Muszy\u0144ska","twitter_card":"summary_large_image","twitter_misc":{"Written by":"Kasia Muszy\u0144ska","Est. reading time":"1 minute"},"schema":{"@context":"https:\/\/schema.org","@graph":[{"@type":"Article","@id":"https:\/\/fundacjajoannyradziwill.pl\/en\/wind-in-the-sails-kghm-polska-miedz-foundation\/#article","isPartOf":{"@id":"https:\/\/fundacjajoannyradziwill.pl\/en\/wind-in-the-sails-kghm-polska-miedz-foundation\/"},"author":{"name":"Kasia Muszy\u0144ska","@id":"https:\/\/fundacjajoannyradziwill.pl\/en\/#\/schema\/person\/67655878de25b7d9b23009130b50a54e"},"headline":"Wind in the sails &#8211; KGHM Polska Mied\u017a Foundation","datePublished":"2020-09-24T07:53:17+00:00","dateModified":"2025-04-29T14:09:18+00:00","mainEntityOfPage":{"@id":"https:\/\/fundacjajoannyradziwill.pl\/en\/wind-in-the-sails-kghm-polska-miedz-foundation\/"},"wordCount":257,"publisher":{"@id":"https:\/\/fundacjajoannyradziwill.pl\/en\/#organization"},"image":{"@id":"https:\/\/fundacjajoannyradziwill.pl\/en\/wind-in-the-sails-kghm-polska-miedz-foundation\/#primaryimage"},"thumbnailUrl":"https:\/\/fundacjajoannyradziwill.pl\/wp-content\/uploads\/2020\/07\/84028891_1505871406282424_1068311060573644487_n.jpg","articleSection":["News"],"inLanguage":"en-US"},{"@type":"WebPage","@id":"https:\/\/fundacjajoannyradziwill.pl\/en\/wind-in-the-sails-kghm-polska-miedz-foundation\/","url":"https:\/\/fundacjajoannyradziwill.pl\/en\/wind-in-the-sails-kghm-polska-miedz-foundation\/","name":"Wind in the sails - KGHM Polska Mied\u017a Foundation - Fundacja Joanny Radziwi\u0142\u0142","isPartOf":{"@id":"https:\/\/fundacjajoannyradziwill.pl\/en\/#website"},"primaryImageOfPage":{"@id":"https:\/\/fundacjajoannyradziwill.pl\/en\/wind-in-the-sails-kghm-polska-miedz-foundation\/#primaryimage"},"image":{"@id":"https:\/\/fundacjajoannyradziwill.pl\/en\/wind-in-the-sails-kghm-polska-miedz-foundation\/#primaryimage"},"thumbnailUrl":"https:\/\/fundacjajoannyradziwill.pl\/wp-content\/uploads\/2020\/07\/84028891_1505871406282424_1068311060573644487_n.jpg","datePublished":"2020-09-24T07:53:17+00:00","dateModified":"2025-04-29T14:09:18+00:00","inLanguage":"en-US","potentialAction":[{"@type":"ReadAction","target":["https:\/\/fundacjajoannyradziwill.pl\/en\/wind-in-the-sails-kghm-polska-miedz-foundation\/"]}]},{"@type":"ImageObject","inLanguage":"en-US","@id":"https:\/\/fundacjajoannyradziwill.pl\/en\/wind-in-the-sails-kghm-polska-miedz-foundation\/#primaryimage","url":"https:\/\/fundacjajoannyradziwill.pl\/wp-content\/uploads\/2020\/07\/84028891_1505871406282424_1068311060573644487_n.jpg","contentUrl":"https:\/\/fundacjajoannyradziwill.pl\/wp-content\/uploads\/2020\/07\/84028891_1505871406282424_1068311060573644487_n.jpg","width":1437,"height":1920},{"@type":"WebSite","@id":"https:\/\/fundacjajoannyradziwill.pl\/en\/#website","url":"https:\/\/fundacjajoannyradziwill.pl\/en\/","name":"Fundacja Joanny Radziwi\u0142\u0142","description":"Opieku\u0144cze Skrzyd\u0142a","publisher":{"@id":"https:\/\/fundacjajoannyradziwill.pl\/en\/#organization"},"potentialAction":[{"@type":"SearchAction","target":{"@type":"EntryPoint","urlTemplate":"https:\/\/fundacjajoannyradziwill.pl\/en\/?s={search_term_string}"},"query-input":{"@type":"PropertyValueSpecification","valueRequired":true,"valueName":"search_term_string"}}],"inLanguage":"en-US"},{"@type":"Organization","@id":"https:\/\/fundacjajoannyradziwill.pl\/en\/#organization","name":"Fundacja Joanny Radziwi\u0142\u0142","url":"https:\/\/fundacjajoannyradziwill.pl\/en\/","logo":{"@type":"ImageObject","inLanguage":"en-US","@id":"https:\/\/fundacjajoannyradziwill.pl\/en\/#\/schema\/logo\/image\/","url":"https:\/\/fundacjajoannyradziwill.pl\/wp-content\/uploads\/2023\/05\/logo_poziom_czerwony-01-1.svg","contentUrl":"https:\/\/fundacjajoannyradziwill.pl\/wp-content\/uploads\/2023\/05\/logo_poziom_czerwony-01-1.svg","width":473,"height":151,"caption":"Fundacja Joanny Radziwi\u0142\u0142"},"image":{"@id":"https:\/\/fundacjajoannyradziwill.pl\/en\/#\/schema\/logo\/image\/"},"sameAs":["https:\/\/www.facebook.com\/fundacjaopiekunczeskrzydla"]},{"@type":"Person","@id":"https:\/\/fundacjajoannyradziwill.pl\/en\/#\/schema\/person\/67655878de25b7d9b23009130b50a54e","name":"Kasia Muszy\u0144ska","image":{"@type":"ImageObject","inLanguage":"en-US","@id":"https:\/\/fundacjajoannyradziwill.pl\/en\/#\/schema\/person\/image\/","url":"https:\/\/secure.gravatar.com\/avatar\/8975100ac14032f1e403e6bb076af9a1a416ef8efd01bb9e594a41091be0204e?s=96&d=mm&r=g","contentUrl":"https:\/\/secure.gravatar.com\/avatar\/8975100ac14032f1e403e6bb076af9a1a416ef8efd01bb9e594a41091be0204e?s=96&d=mm&r=g","caption":"Kasia Muszy\u0144ska"},"url":"https:\/\/fundacjajoannyradziwill.pl\/en\/author\/kasia\/"}]}},"_links":{"self":[{"href":"https:\/\/fundacjajoannyradziwill.pl\/en\/wp-json\/wp\/v2\/posts\/13809","targetHints":{"allow":["GET"]}}],"collection":[{"href":"https:\/\/fundacjajoannyradziwill.pl\/en\/wp-json\/wp\/v2\/posts"}],"about":[{"href":"https:\/\/fundacjajoannyradziwill.pl\/en\/wp-json\/wp\/v2\/types\/post"}],"author":[{"embeddable":true,"href":"https:\/\/fundacjajoannyradziwill.pl\/en\/wp-json\/wp\/v2\/users\/24783"}],"replies":[{"embeddable":true,"href":"https:\/\/fundacjajoannyradziwill.pl\/en\/wp-json\/wp\/v2\/comments?post=13809"}],"version-history":[{"count":1,"href":"https:\/\/fundacjajoannyradziwill.pl\/en\/wp-json\/wp\/v2\/posts\/13809\/revisions"}],"predecessor-version":[{"id":13810,"href":"https:\/\/fundacjajoannyradziwill.pl\/en\/wp-json\/wp\/v2\/posts\/13809\/revisions\/13810"}],"wp:featuredmedia":[{"embeddable":true,"href":"https:\/\/fundacjajoannyradziwill.pl\/en\/wp-json\/wp\/v2\/media\/12634"}],"wp:attachment":[{"href":"https:\/\/fundacjajoannyradziwill.pl\/en\/wp-json\/wp\/v2\/media?parent=13809"}],"wp:term":[{"taxonomy":"category","embeddable":true,"href":"https:\/\/fundacjajoannyradziwill.pl\/en\/wp-json\/wp\/v2\/categories?post=13809"},{"taxonomy":"post_tag","embeddable":true,"href":"https:\/\/fundacjajoannyradziwill.pl\/en\/wp-json\/wp\/v2\/tags?post=13809"}],"curies":[{"name":"wp","href":"https:\/\/api.w.org\/{rel}","templated":true}]}}